{"id":659219,"date":"2026-01-12T21:23:26","date_gmt":"2026-01-12T21:23:26","guid":{"rendered":"https:\/\/www.europesays.com\/fr\/659219\/"},"modified":"2026-01-12T21:23:26","modified_gmt":"2026-01-12T21:23:26","slug":"au-depart-ce-qui-mattirait-dans-la-politique-cetaient-les-jeux-de-pouvoir-comme-dans-la-serie-baron-noir","status":"publish","type":"post","link":"https:\/\/www.europesays.com\/fr\/659219\/","title":{"rendered":"\u00ab\u00a0Au d\u00e9part, ce qui m\u2019attirait dans la politique, c\u2019\u00e9taient les jeux de pouvoir, comme dans la s\u00e9rie \u201cBaron noir\u201d\u00a0\u00bb"},"content":{"rendered":"<p>                     <img loading=\"lazy\" decoding=\"async\" src=\"https:\/\/www.europesays.com\/fr\/wp-content\/uploads\/2025\/05\/e4a92fe_sirius-fs-upload-1-kbioygknrnix-1745313397141-colo-fille.jpg\" alt=\"\"   width=\"664\" height=\"443\"\/>      JULIE JUP                 <\/p>\n<p class=\"article__paragraph  \">Je gagne entre 2\u00a0100\u00a0et 2\u00a0200\u00a0euros net par mois sur treize mois. S\u2019y ajoutent 140\u00a0euros de prime pour les repas et le remboursement de mon passe Navigo \u00e0 75\u00a0%. Le salaire n\u2019est pas tr\u00e8s \u00e9lev\u00e9, surtout vu les horaires et les responsabilit\u00e9s que l\u2019on a, mais il me suffit pour bien vivre.<\/p>\n<p class=\"article__paragraph  \">Je ne suis pas tr\u00e8s d\u00e9pensi\u00e8re. J\u2019ai un loyer de 990\u00a0euros par mois, j\u2019\u00e9pargne entre 200\u00a0et 400\u00a0euros par mois et, pour le reste, je d\u00e9pense mon argent en sorties avec mes amis\u00a0: bar, restaurant et vie culturelle. A Paris, on trouve plein de bons plans pas trop chers. Franchement, je m\u2019estime chanceuse. Je suis l\u2019une des rares, parmi mes amis, \u00e0 avoir d\u00e9croch\u00e9 un CDI. Actuellement, le march\u00e9 du travail est catastrophique pour les jeunes dipl\u00f4m\u00e9s.<\/p>\n<p class=\"article__paragraph  \">La collaboration parlementaire, ce n\u2019\u00e9tait pas ma premi\u00e8re id\u00e9e en sortant de l\u2019\u00e9cole \u2013\u00a0je suis dipl\u00f4m\u00e9e d\u2019un institut d\u2019\u00e9tudes politiques de province. Je voulais plut\u00f4t m\u2019orienter dans la repr\u00e9sentation d\u2019int\u00e9r\u00eats, le lobbying, mais le stage de fin d\u2019\u00e9tudes que j\u2019ai fait dans un cabinet d\u2019affaires publiques ne m\u2019a pas plu. Toquer \u00e0 la porte des parlementaires pour essayer de faire passer des amendements, ce n\u2019\u00e9tait pas mon truc. J\u2019avais envie d\u2019\u00eatre dans la dynamique de d\u00e9part d\u2019un texte de loi, d\u2019avoir des responsabilit\u00e9s.<\/p>\n<p class=\"reading-mode-only \"><strong>Il vous reste 75.81% de cet article \u00e0 lire. La suite est r\u00e9serv\u00e9e aux abonn\u00e9s.<\/strong><\/p>\n","protected":false},"excerpt":{"rendered":"JULIE JUP Je gagne entre 2\u00a0100\u00a0et 2\u00a0200\u00a0euros net par mois sur treize mois. S\u2019y ajoutent 140\u00a0euros de prime&hellip;\n","protected":false},"author":2,"featured_media":93335,"comment_status":"","ping_status":"","sticky":false,"template":"","format":"standard","meta":{"footnotes":""},"categories":[2],"tags":[11,1011,27,12,25],"class_list":{"0":"post-659219","1":"post","2":"type-post","3":"status-publish","4":"format-standard","5":"has-post-thumbnail","7":"category-actualites","8":"tag-actualites","9":"tag-fr","10":"tag-france","11":"tag-news","12":"tag-republique-francaise"},"share_on_mastodon":{"url":"https:\/\/pubeurope.com\/@fr\/115884235441647572","error":""},"_links":{"self":[{"href":"https:\/\/www.europesays.com\/fr\/wp-json\/wp\/v2\/posts\/659219","targetHints":{"allow":["GET"]}}],"collection":[{"href":"https:\/\/www.europesays.com\/fr\/wp-json\/wp\/v2\/posts"}],"about":[{"href":"https:\/\/www.europesays.com\/fr\/wp-json\/wp\/v2\/types\/post"}],"author":[{"embeddable":true,"href":"https:\/\/www.europesays.com\/fr\/wp-json\/wp\/v2\/users\/2"}],"replies":[{"embeddable":true,"href":"https:\/\/www.europesays.com\/fr\/wp-json\/wp\/v2\/comments?post=659219"}],"version-history":[{"count":0,"href":"https:\/\/www.europesays.com\/fr\/wp-json\/wp\/v2\/posts\/659219\/revisions"}],"wp:featuredmedia":[{"embeddable":true,"href":"https:\/\/www.europesays.com\/fr\/wp-json\/wp\/v2\/media\/93335"}],"wp:attachment":[{"href":"https:\/\/www.europesays.com\/fr\/wp-json\/wp\/v2\/media?parent=659219"}],"wp:term":[{"taxonomy":"category","embeddable":true,"href":"https:\/\/www.europesays.com\/fr\/wp-json\/wp\/v2\/categories?post=659219"},{"taxonomy":"post_tag","embeddable":true,"href":"https:\/\/www.europesays.com\/fr\/wp-json\/wp\/v2\/tags?post=659219"}],"curies":[{"name":"wp","href":"https:\/\/api.w.org\/{rel}","templated":true}]}}