{"id":659222,"date":"2026-01-12T21:27:20","date_gmt":"2026-01-12T21:27:20","guid":{"rendered":"https:\/\/www.europesays.com\/fr\/659222\/"},"modified":"2026-01-12T21:27:20","modified_gmt":"2026-01-12T21:27:20","slug":"coupe-de-france-lord-derby-auteur-dune-premiere-mi-temps-sensationnelle-le-varl-cree-lexploit-face-a-avignon-rugby-a-xiii","status":"publish","type":"post","link":"https:\/\/www.europesays.com\/fr\/659222\/","title":{"rendered":"Coupe de France Lord Derby &#8211; Auteur d&rsquo;une premi\u00e8re mi-temps sensationnelle, le VARL cr\u00e9\u00e9 l&rsquo;exploit face \u00e0 Avignon &#8211; Rugby \u00e0 XIII"},"content":{"rendered":"<p style=\"text-align: justify;\"><strong>Villegailhenc-Aragon, leader invaincu en \u00c9lite 2, recevait Avignon en quart de finale de la Coupe de France Lord Derby. Une rencontre qui s\u2019annon\u00e7ait passionnante entre deux \u00e9quipes joueuses.<\/strong><\/p>\n<p style=\"text-align: justify;\">Au quart d\u2019heure de jeu et apr\u00e8s un long bras de fer entre les deux formations, le VARL allait ouvrir la marque en premier, Pierre-Louis Bourrel tapait un coup de pied rasant, l\u2019ailier visiteur ne parvenait pas \u00e0 d\u00e9gager le ballon et Martin Rouger parvenait \u00e0 aplatir juste avant qu\u2019il ne sorte.<\/p>\n<p style=\"text-align: justify;\">Sur la possession suivante, Diego Berail de l\u2019autre c\u00f4t\u00e9 de la ligne d\u2019attaque ajustait \u00e0 son tour un coup de pied \u00e0 suivre dans le dos de la d\u00e9fense, Emir-Walid Bouregba \u00e9tait le premier \u00e0 s\u2019en saisir pour d\u00e9j\u00e0 inscrire le deuxi\u00e8me essai des siens. Diego Berail ajustait les deux transformations et ajoutait m\u00eame une p\u00e9nalit\u00e9 suppl\u00e9mentaire pour porter le score \u00e0 14-0 \u00e0 l\u2019approche de la demi-heure de jeu.<\/p>\n<p style=\"text-align: justify;\">Piqu\u00e9s \u00e0 vif, les Bisons parvenaient n\u00e9anmoins \u00e0 r\u00e9agir mais se heurtaient \u00e0 une d\u00e9fense h\u00e9ro\u00efque des locaux. James Woodburn-Hall, apr\u00e8s une longue chevauch\u00e9e, \u00e9tait repris juste avant la ligne, puis Louis Carr\u00e9 tombait le ballon dans l\u2019en-but juste avant de pouvoir aplatir.<\/p>\n<p style=\"text-align: justify;\">L\u2019orage pass\u00e9, Villegailhenc-Aragon se remettait en ordre de marche, profitait d\u2019une faute de main adverse pour se montrer \u00e0 nouveau dangereux. Et comme sur les deux premiers essais, la solution venait du pied. Diego Berail poussait \u00e0 suivre, Baptiste Pourchi \u00e9tait pris \u00e0 contre-pied par le rebond du ballon, Emir-Walid Bouregba n\u2019en demandait pas tant pour signer un doubl\u00e9.<\/p>\n<p style=\"text-align: justify;\">Arnaud Hack \u00e0 quelques minutes de la pause allait \u00e0 son tour aggraver la marque apr\u00e8s un renvoi sous les poteaux. Cl\u00e9ment Soubeyras sur une course convaincante gagnait un tenu rapide, Maxime Belondrade d\u00e9marrait pour fixer admirablement bien la d\u00e9fense avant de saisir son pilier arriv\u00e9 lanc\u00e9 qui marquait en puissance.<\/p>\n<p style=\"text-align: justify;\">\u00c0 la pause, les pensionnaires d\u2019Elite 2 menaient largement au score 26 \u00e0 0 et \u00e9taient plus que jamais proches d\u2019un exploit.<\/p>\n<p>Le VARL tient sa demie<\/p>\n<p style=\"text-align: justify;\">Fabien Jullien de retour des vestiaires per\u00e7ait la d\u00e9fense plein axe et trouvait en soutien James Woodburn-Hall qui d\u00e9bloquait enfin le compteur des visiteurs.<\/p>\n<p style=\"text-align: justify;\">Les Bisons \u00e9taient proches de doubler la mise mais la passe de Louis Carr\u00e9 \u00e0 destination de son ailier qui n\u2019avait plus qu\u2019\u00e0 aplatir \u00e9tait jug\u00e9e en-avant. Ce n\u2019\u00e9tait que partie remise puisque coup sur coup, Th\u00e9o Fouque, tout en puissance, puis Fabien Jullien, apr\u00e8s avoir navigu\u00e9 dans la d\u00e9fense, r\u00e9duisaient la marque. Plus t\u00f4t, le VARL avait pris le soin d\u2019ajouter une p\u00e9nalit\u00e9, l\u2019\u00e9cart se resserrait entre les deux \u00e9quipes (28-18).<\/p>\n<p style=\"text-align: justify;\">Comme un symbole dans cette rencontre, Louis Jouffret, sur une des derni\u00e8res chances pour son \u00e9quipe, ne trouvait pas la touche sur une p\u00e9nalit\u00e9. Les joueurs du Cabard\u00e8s avec le chronom\u00e8tre comme nouveau partenaire laissaient les secondes s\u2019\u00e9grener et ajoutaient m\u00eame une p\u00e9nalit\u00e9 juste avant la corne pour sceller d\u00e9finitivement le score de la rencontre (30-18).<\/p>\n<p style=\"text-align: justify;\">Proche de r\u00e9aliser cet exploit en 2020, le VARL devait alors affronter R\u00e9almont qui \u00e9voluait une division en dessous en quart de finale, mais le Covid avait mis fin pr\u00e9matur\u00e9ment \u00e0 la saison avant que cette rencontre ne puisse se jouer. Cette fois-ci les joueurs audois disputeront bien une demi-finale de la Coupe de France Lord Derby.<\/p>\n<blockquote class=\"instagram-media\" data-instgrm-captioned=\"\" data-instgrm-permalink=\"https:\/\/www.instagram.com\/p\/DTYF6NCjEMc\/?utm_source=ig_embed&amp;utm_campaign=loading\" data-instgrm-version=\"14\" style=\" background:#FFF; border:0; border-radius:3px; box-shadow:0 0 1px 0 rgba(0,0,0,0.5),0 1px 10px 0 rgba(0,0,0,0.15); margin: 1px; max-width:500px; min-width:326px; padding:0; width:99.375%; width:-webkit-calc(100% - 2px); width:calc(100% - 2px);\">\n<\/blockquote>\n<p>FICHE TECHNIQUE<\/p>\n<p style=\"text-align: justify;\"><img loading=\"lazy\" decoding=\"async\" class=\"alignnone wp-image-9680 \" src=\"https:\/\/www.europesays.com\/fr\/wp-content\/uploads\/2026\/01\/VARL-XIII.png\" alt=\"\" width=\"20\" height=\"20\"  \/> <strong>Villegailhenc Aragon RL<\/strong><strong>\u00a0XIII<\/strong> (26) <strong>30<\/strong><\/p>\n<p style=\"text-align: justify;\"><strong>Composition :<\/strong> Hugo Borras, Sascha Dumontet, Cl\u00e9ment Soubeyras, Cl\u00e9ment De Maury, Martin Rouger, Diego Berail, Pierre-Louis Bourrel, Arnaud Hack, Thomas Limongi, Yanis Hettat, Julien Ballarin, Emir-Walid Bouregba et Quentin Nicol.<br \/>Rempla\u00e7ants : Maxime Belondrade, Gauthier Berto, Reece Summer et Anthony Delgado.<\/p>\n<p style=\"text-align: justify;\"><strong>E :<\/strong> Martin Rouger (15\u2032), Emir-Walid Bouregba (20\u2032 et 32\u2032), Arnaud Hack (36\u2032)<br \/><strong>T : <\/strong>Diego Berail (16\u2032, 21\u2032, 33\u2032, 37\u2032)<br \/><strong>P :<\/strong> Diego Berail (26\u2032, 52\u2032, 79\u2032)<\/p>\n<p style=\"text-align: justify;\"><strong><img loading=\"lazy\" decoding=\"async\" class=\"alignnone wp-image-40429\" src=\"https:\/\/www.europesays.com\/fr\/wp-content\/uploads\/2026\/01\/So-Avignon.png\" alt=\"\" width=\"20\" height=\"20\"  \/> SO Avignon XIII<\/strong> (0) <strong>18<\/strong><\/p>\n<p style=\"text-align: justify;\"><strong>Composition :<\/strong> Baptiste Pourchi, Corentin Rey, Louis Carr\u00e9, Olivier Arnaud, Sofiane Ghanem, James Woodburn-Hall, Louis Jouffret, Th\u00e9o Fouque, Paul-M\u00e9ryl Chevalier-Bonnardel, Fran\u00e7ois Dorce Hantz, Hakim Ed Dermoune, Mouadh Bida et Ayoub Mezziani.<br \/>Rempla\u00e7ants : Fabien Jullien, Kiyam Benabbou, Isaak Bakayoko et Paulin Llorca.<\/p>\n<p style=\"text-align: justify;\"><strong>E :<\/strong> James Woodburn-Hall (42\u2032), Th\u00e9o Fouque (60\u2032), Fabien Jullien (64\u2032)<br \/><strong>T : <\/strong>Baptiste Pourchi (43\u2032, 61\u2032, 65\u2032)<\/p>\n<p style=\"text-align: justify;\"><strong>Stade<\/strong> : Stade J\u00e9r\u00f4me Rieux \u2013 Villegailhenc<br \/><strong>Arbitre<\/strong> : Enzo Peyre<\/p>\n<p>        <script async src=\"\/\/www.instagram.com\/embed.js\"><\/script><\/p>\n","protected":false},"excerpt":{"rendered":"Villegailhenc-Aragon, leader invaincu en \u00c9lite 2, recevait Avignon en quart de finale de la Coupe de France Lord&hellip;\n","protected":false},"author":2,"featured_media":659223,"comment_status":"","ping_status":"","sticky":false,"template":"","format":"standard","meta":{"footnotes":""},"categories":[1416],"tags":[75945,1011,27,4480,479,2228,1468,2229,7301,60,76117,76118],"class_list":{"0":"post-659222","1":"post","2":"type-post","3":"status-publish","4":"format-standard","5":"has-post-thumbnail","7":"category-rugby","8":"tag-coupe-de-france-lord-derby","9":"tag-fr","10":"tag-france","11":"tag-quart-de-finale","12":"tag-rugby","13":"tag-rugby-a-xiii","14":"tag-rugby-football","15":"tag-rugby-league","16":"tag-so-avignon-xiii","17":"tag-sports","18":"tag-varl-xiii","19":"tag-villegailhenc-aragon-xiii"},"share_on_mastodon":{"url":"https:\/\/pubeurope.com\/@fr\/115884251252332916","error":""},"_links":{"self":[{"href":"https:\/\/www.europesays.com\/fr\/wp-json\/wp\/v2\/posts\/659222","targetHints":{"allow":["GET"]}}],"collection":[{"href":"https:\/\/www.europesays.com\/fr\/wp-json\/wp\/v2\/posts"}],"about":[{"href":"https:\/\/www.europesays.com\/fr\/wp-json\/wp\/v2\/types\/post"}],"author":[{"embeddable":true,"href":"https:\/\/www.europesays.com\/fr\/wp-json\/wp\/v2\/users\/2"}],"replies":[{"embeddable":true,"href":"https:\/\/www.europesays.com\/fr\/wp-json\/wp\/v2\/comments?post=659222"}],"version-history":[{"count":0,"href":"https:\/\/www.europesays.com\/fr\/wp-json\/wp\/v2\/posts\/659222\/revisions"}],"wp:featuredmedia":[{"embeddable":true,"href":"https:\/\/www.europesays.com\/fr\/wp-json\/wp\/v2\/media\/659223"}],"wp:attachment":[{"href":"https:\/\/www.europesays.com\/fr\/wp-json\/wp\/v2\/media?parent=659222"}],"wp:term":[{"taxonomy":"category","embeddable":true,"href":"https:\/\/www.europesays.com\/fr\/wp-json\/wp\/v2\/categories?post=659222"},{"taxonomy":"post_tag","embeddable":true,"href":"https:\/\/www.europesays.com\/fr\/wp-json\/wp\/v2\/tags?post=659222"}],"curies":[{"name":"wp","href":"https:\/\/api.w.org\/{rel}","templated":true}]}}