{"id":659225,"date":"2026-01-12T21:32:17","date_gmt":"2026-01-12T21:32:17","guid":{"rendered":"https:\/\/www.europesays.com\/fr\/659225\/"},"modified":"2026-01-12T21:32:17","modified_gmt":"2026-01-12T21:32:17","slug":"pinarello-devoile-le-dogma-f-et-la-tenue-de-lequipe-q36-5-pro-cycling-team-pour-2026","status":"publish","type":"post","link":"https:\/\/www.europesays.com\/fr\/659225\/","title":{"rendered":"Pinarello d\u00e9voile le DOGMA F et la tenue de l&rsquo;\u00e9quipe Q36.5 Pro Cycling Team pour 2026"},"content":{"rendered":"<p><a class=\"media-link\" href=\"https:\/\/www.matosvelo.fr\/public\/Matos-pro\/Q365\/2026\/Pinarello\/Pinarello_Q36.5_00.jpg\" target=\"_blank\" rel=\"noopener\"><img decoding=\"async\" loading=\"lazy\" alt=\"\" class=\"media\" src=\"https:\/\/www.europesays.com\/fr\/wp-content\/uploads\/2026\/01\/.Pinarello_Q36.5_00_s.jpg\" style=\"float: left; margin: 0 1em 1em 0;\" height=\"200\" width=\"270\"\/><\/a>Source : communiqu\u00e9 de presse<\/p>\n<p>Pinarello a officiellement pr\u00e9sent\u00e9 le v\u00e9lo DOGMA F ainsi que la tenue de course que l\u2019\u00e9quipe Pinarello Q36.5 Pro Cycling Team utilisera tout au long de la saison 2026, marquant ainsi le d\u00e9but d\u2019une nouvelle \u00e8re audacieuse, alliant pr\u00e9cision, clart\u00e9 et performance. Le v\u00e9lo arbore une livr\u00e9e bleu et or distinctive, con\u00e7ue pour s\u2019harmoniser parfaitement avec la nouvelle tenue de l\u2019\u00e9quipe et son identit\u00e9 renouvel\u00e9e pour 2026, offrant une pr\u00e9sence visuelle percutante et imm\u00e9diatement reconnaissable sur la route.<\/p>\n<p>L\u2019\u00e9quipe Pinarello Q36.5 Pro Cycling Team est la seule formation du peloton professionnel \u00e0 compter deux partenaires techniques comme sponsors principaux, tous deux fi\u00e8rement italiens et unis par des valeurs communes d\u2019audace, de performance et d\u2019excellence en design.<\/p>\n<p>\u00a0<\/p>\n<p>Fausto Pinarello, pr\u00e9sident de Cicli Pinarello, a d\u00e9clar\u00e9 :<\/p>\n<blockquote><p>&#13;<\/p>\n<p>La livr\u00e9e bleu et or incarne une expression audacieuse et \u00e9l\u00e9gante de notre ADN de course. Ce projet vise \u00e0 traduire nos valeurs de performance en design, cr\u00e9ant un ensemble v\u00e9lo-tenue imm\u00e9diatement identifiable, raffin\u00e9 et fid\u00e8le \u00e0 l\u2019identit\u00e9 de Pinarello.<\/p>\n<p>&#13;\n<\/p><\/blockquote>\n<p>Une \u00e9dition limit\u00e9e du DOGMA F disponible \u00e0 l\u2019achat<\/p>\n<p>Une r\u00e9plique premium du nouveau DOGMA F de l\u2019\u00e9quipe Pinarello Q36.5 Pro Cycling Team sera \u00e9galement propos\u00e9e en quantit\u00e9 limit\u00e9e. Ce v\u00e9lo sera \u00e9quip\u00e9 du m\u00eame groupe SRAM que celui utilis\u00e9 par les coureurs, ainsi que de roues Zipp 454 en \u00e9dition sp\u00e9ciale, orn\u00e9es de graphismes dor\u00e9s exclusifs pour compl\u00e9ter le design frappant du cadre.<\/p>\n<p>Ce lancement illustre l\u2019engagement continu de Pinarello \u00e0 allier h\u00e9ritage cycliste, excellence en design et \u00e9quipements haut de gamme, apportant ainsi une esth\u00e9tique et une technologie de niveau professionnel aux cyclistes du monde entier.<\/p>\n","protected":false},"excerpt":{"rendered":"Source : communiqu\u00e9 de presse Pinarello a officiellement pr\u00e9sent\u00e9 le v\u00e9lo DOGMA F ainsi que la tenue de&hellip;\n","protected":false},"author":2,"featured_media":659226,"comment_status":"","ping_status":"","sticky":false,"template":"","format":"standard","meta":{"footnotes":""},"categories":[1411],"tags":[1154,207,1011,27,60],"class_list":{"0":"post-659225","1":"post","2":"type-post","3":"status-publish","4":"format-standard","5":"has-post-thumbnail","7":"category-cyclisme","8":"tag-cycling","9":"tag-cyclisme","10":"tag-fr","11":"tag-france","12":"tag-sports"},"share_on_mastodon":{"url":"https:\/\/pubeurope.com\/@fr\/115884270827413379","error":""},"_links":{"self":[{"href":"https:\/\/www.europesays.com\/fr\/wp-json\/wp\/v2\/posts\/659225","targetHints":{"allow":["GET"]}}],"collection":[{"href":"https:\/\/www.europesays.com\/fr\/wp-json\/wp\/v2\/posts"}],"about":[{"href":"https:\/\/www.europesays.com\/fr\/wp-json\/wp\/v2\/types\/post"}],"author":[{"embeddable":true,"href":"https:\/\/www.europesays.com\/fr\/wp-json\/wp\/v2\/users\/2"}],"replies":[{"embeddable":true,"href":"https:\/\/www.europesays.com\/fr\/wp-json\/wp\/v2\/comments?post=659225"}],"version-history":[{"count":0,"href":"https:\/\/www.europesays.com\/fr\/wp-json\/wp\/v2\/posts\/659225\/revisions"}],"wp:featuredmedia":[{"embeddable":true,"href":"https:\/\/www.europesays.com\/fr\/wp-json\/wp\/v2\/media\/659226"}],"wp:attachment":[{"href":"https:\/\/www.europesays.com\/fr\/wp-json\/wp\/v2\/media?parent=659225"}],"wp:term":[{"taxonomy":"category","embeddable":true,"href":"https:\/\/www.europesays.com\/fr\/wp-json\/wp\/v2\/categories?post=659225"},{"taxonomy":"post_tag","embeddable":true,"href":"https:\/\/www.europesays.com\/fr\/wp-json\/wp\/v2\/tags?post=659225"}],"curies":[{"name":"wp","href":"https:\/\/api.w.org\/{rel}","templated":true}]}}