{"id":659229,"date":"2026-01-12T21:34:31","date_gmt":"2026-01-12T21:34:31","guid":{"rendered":"https:\/\/www.europesays.com\/fr\/659229\/"},"modified":"2026-01-12T21:34:31","modified_gmt":"2026-01-12T21:34:31","slug":"rolland-courbis-qui-est-sa-veuve-clara-paban","status":"publish","type":"post","link":"https:\/\/www.europesays.com\/fr\/659229\/","title":{"rendered":"Rolland Courbis : qui est sa veuve Clara Paban ?"},"content":{"rendered":"<p>Rolland Courbis est d\u00e9c\u00e9d\u00e9 ce 12 janvier \u00e0 l\u00a0\u00bb\u00e2ge de 72 ans,<br \/>\ncomme l&rsquo;a annonc\u00e9 sa famille. Celui que l&rsquo;on surnomme le coach,<br \/>\n\u00e9tait entra\u00eeneur et animateur radio. Alors que ses journ\u00e9es \u00e9taient<br \/>\nbien remplies, <strong>il ne manquait pas une occasion de passer du<br \/>\ntemps avec sa femme, Clara Paban<\/strong>. <strong>Journaliste \u00e0<br \/>\nBeIn Sport<\/strong>, elle partageait la m\u00eame passion que son mari<br \/>\npour le sport. Le couple \u00e9tait d&rsquo;ailleurs le plus souvent aper\u00e7u<br \/>\ndans les tribunes du Parc des Princes lors du match de Ligue 1 o\u00f9<br \/>\nle Paris Saint-Germain affronte d&rsquo;autres \u00e9quipes. En plus d&rsquo;\u00eatre<br \/>\njournaliste, <strong>elle est \u00e9galement chroniqueuse pour la cha\u00eene<br \/>\nde sport et s&rsquo;occupe de programmer la venue de grandes<br \/>\npersonnalit\u00e9s<\/strong>.<\/p>\n<p>En plus d&rsquo;\u00eatre tr\u00e8s cal\u00e9e sur diff\u00e9rents sports, elle ne manque<br \/>\npas une occasion de <strong>s&rsquo;essayer \u00e0 de nouvelles<br \/>\nactivit\u00e9s<\/strong>. Sur le plateau de BeIn Sport, \u00e0 plusieurs<br \/>\nreprises elle s&rsquo;est mise en sc\u00e8ne pour tester du patin \u00e0 roulettes,<br \/>\nde la boxe, et bien \u00e9videment du football, son sport de<br \/>\npr\u00e9dilection. Nul doute que les repas de famille avec son mari<br \/>\ndoivent souvent tourner autour de cette activit\u00e9. La femme parfaite<br \/>\npour de nombreux hommes qui seraient ravis de pouvoir regarder tous<br \/>\nles matches de football qu&rsquo;ils veulent tout en faisant plaisir \u00e0<br \/>\nleur femme. En plus du sport, <strong>Clara Paban est \u00e9galement<br \/>\nengag\u00e9e en faveur de la Fondation des femmes<\/strong>. Il s&rsquo;agit de<br \/>\nla premi\u00e8re structure de collecte qui \u0153uvre en faveur de<br \/>\nl&rsquo;e\u0301galite\u0301 femmes-hommes et lutte contre les violences faites aux<br \/>\nfemmes.<\/p>\n<p>La fille de Rolland Courbis est<br \/>\n\u00e9galement une grande fan de sport<\/p>\n<p>Il semblerait que le sport soit une affaire de famille<br \/>\npuisqu&rsquo;Olivia Courbis, la fille du coach s&rsquo;est lanc\u00e9e dans le<br \/>\nfitness. Sur Instagram, elle partage r\u00e9guli\u00e8rement des photos ou<br \/>\ndes vid\u00e9os de ses exploits sportifs. Elle donne \u00e9galement des<br \/>\nconseils aux nombreux abonn\u00e9s qui la suivent pour leur permettre<br \/>\nd&rsquo;\u00eatre plus performants et plus efficaces.<\/p>\n<p>Diaporama<br \/>\n<img decoding=\"async\" class=\"diapo_img img-responsive lazy-load\" loading=\"lazy\" src=\"https:\/\/www.europesays.com\/fr\/wp-content\/uploads\/2026\/01\/roland-courbis-fondation-pour-recherche-physiologie-hotel-georges-paris-france-mars-2.jpg\"\/><\/p>\n<p>\u00a9 \u00a9 Pierre Leroy \/ KCS PRESSE<\/p>\n<p>1\/6 Roland Courbis Fondation pour la<br \/>\nRecherche de la Physiologie Hotel Georges V Paris France 13 Mars<br \/>\n2<\/p>\n<p>Roland Courbis Fondation pour la<br \/>\nRecherche de la Physiologie Hotel Georges V Paris France 13 Mars<br \/>\n2017<\/p>\n<p><img decoding=\"async\" class=\"diapo_img img-responsive lazy-load\" loading=\"lazy\" src=\"https:\/\/www.europesays.com\/fr\/wp-content\/uploads\/2026\/01\/rolland-courbis-femme-clara-paban-courbis-dans-les-tribunes-lors-match-ligue-psg-re.jpg\"\/><\/p>\n<p>\u00a9 Agence<\/p>\n<p>2\/6 Rolland Courbis et sa femme Clara Paban<br \/>\nCourbis dans les tribunes lors du match de Ligue 1 \u00ab\u00a0PSG &#8211; Re<\/p>\n<p>Rolland Courbis et sa femme Clara Paban<br \/>\nCourbis dans les tribunes lors du match de Ligue 1 \u00ab\u00a0PSG &#8211; Rennes\u00a0\u00bb<br \/>\nau Parc des Princes \u00e0 Paris, le 12 mai 2018.<\/p>\n<p><img decoding=\"async\" class=\"diapo_img img-responsive lazy-load\" loading=\"lazy\" src=\"https:\/\/www.europesays.com\/fr\/wp-content\/uploads\/2026\/01\/rolland-courbis-gala-des-stethos-hotel-four-seasons-george-mars-2018-paris-france.jpg\"\/><\/p>\n<p>\u00a9 \u00a9 Joss Leclair \/ KCS PRESSE<\/p>\n<p>3\/6 Rolland Courbis Gala des Stethos d&rsquo;Or \u00e0<br \/>\nl&rsquo;hotel Four Seasons George V Le 19 Mars 2018, Paris,France<\/p>\n<p>Rolland Courbis Gala des Stethos d&rsquo;Or \u00e0<br \/>\nl&rsquo;hotel Four Seasons George V Le 19 Mars 2018, Paris,France<\/p>\n<p><img decoding=\"async\" class=\"diapo_img img-responsive lazy-load\" loading=\"lazy\" src=\"https:\/\/www.europesays.com\/fr\/wp-content\/uploads\/2026\/01\/rolland-courbis-femme-clara-paban-courbis-dans-les-tribunes-lors-match-ligue-psg-re-1.jpg\"\/><\/p>\n<p>\u00a9 Agence<\/p>\n<p>4\/6 Rolland Courbis et sa femme Clara Paban<br \/>\nCourbis dans les tribunes lors du match de Ligue 1 \u00ab\u00a0PSG &#8211; Re<\/p>\n<p>Rolland Courbis et sa femme Clara Paban<br \/>\nCourbis dans les tribunes lors du match de Ligue 1 \u00ab\u00a0PSG &#8211; Rennes\u00a0\u00bb<br \/>\nau Parc des Princes \u00e0 Paris, le 12 mai 2018.<\/p>\n<p><img decoding=\"async\" class=\"diapo_img img-responsive lazy-load\" loading=\"lazy\" src=\"https:\/\/www.europesays.com\/fr\/wp-content\/uploads\/2026\/01\/semi-exclusif-clara-paban-courbis-olivia-courbis-sandra-zeitoun-matteis-fete-son-44eme-anniv.jpg\"\/><\/p>\n<p>\u00a9 Christophe Clovis<\/p>\n<p>5\/6 Semi-exclusif &#8211; Clara Paban Courbis,<br \/>\nOlivia Courbis &#8211; Sandra Zeitoun de Matteis f\u00eate son 44\u00e8me<br \/>\nanniv<\/p>\n<p>Semi-exclusif &#8211; Clara Paban Courbis,<br \/>\nOlivia Courbis &#8211; Sandra Zeitoun de Matteis f\u00eate son 44\u00e8me<br \/>\nanniversaire dans le nouveau bar branch\u00e9 de C. Lacourt, le \u00ab\u00a0Fid\u00e8le\u00a0\u00bb<br \/>\nsitu\u00e9 au 2 rue du Sabot dans le 6\u00e8me dont elle est en charge des<br \/>\nrelations publiques \u00e0 Paris le 4 mai 2017. Sandra a tenu \u00e0<br \/>\naccueillir ses invit\u00e9s et leurs remettre un pr\u00e9cieux bracelet pour<br \/>\njouer au blind test ! (<\/p>\n<p><img decoding=\"async\" class=\"diapo_img img-responsive lazy-load\" loading=\"lazy\" src=\"https:\/\/www.europesays.com\/fr\/wp-content\/uploads\/2026\/01\/rolland-courbis-femme-clara-paban-courbis-bein-sports-soiree-gala-bienfaisance-la.jpg\"\/><\/p>\n<p>\u00a9 COADIC GUIREC<\/p>\n<p>6\/6 Rolland Courbis et sa femme Clara Paban<br \/>\nCourbis (BeIN Sports) &#8211; Soir\u00e9e de Gala de bienfaisance de La<\/p>\n<p>Rolland Courbis et sa femme Clara Paban<br \/>\nCourbis (BeIN Sports) &#8211; Soir\u00e9e de Gala de bienfaisance de La<br \/>\nFondation pour la Recherche en Physiologie \u00e0 l&rsquo;h\u00f4tel George V \u00e0<br \/>\nParis le 19 mars 2018. Lors de cet \u00e9v\u00e8nement, les St\u00e9thos d?Or ont<br \/>\nr\u00e9compens\u00e9 pour la deuxi\u00e8me fois les personnalit\u00e9s qui<br \/>\nentreprennent de communiquer de la joie de vivre et du bien-\u00eatre au<br \/>\npublic.<\/p>\n","protected":false},"excerpt":{"rendered":"Rolland Courbis est d\u00e9c\u00e9d\u00e9 ce 12 janvier \u00e0 l\u00a0\u00bb\u00e2ge de 72 ans, comme l&rsquo;a annonc\u00e9 sa famille. Celui&hellip;\n","protected":false},"author":2,"featured_media":659230,"comment_status":"","ping_status":"","sticky":false,"template":"","format":"standard","meta":{"footnotes":""},"categories":[1359],"tags":[21303,58,59,1011,27,1638,973,65861],"class_list":{"0":"post-659229","1":"post","2":"type-post","3":"status-publish","4":"format-standard","5":"has-post-thumbnail","7":"category-people","8":"tag-buzz_nonli","9":"tag-divertissement","10":"tag-entertainment","11":"tag-fr","12":"tag-france","13":"tag-has_diapo","14":"tag-people","15":"tag-trend"},"share_on_mastodon":{"url":"https:\/\/pubeurope.com\/@fr\/115884278980294962","error":""},"_links":{"self":[{"href":"https:\/\/www.europesays.com\/fr\/wp-json\/wp\/v2\/posts\/659229","targetHints":{"allow":["GET"]}}],"collection":[{"href":"https:\/\/www.europesays.com\/fr\/wp-json\/wp\/v2\/posts"}],"about":[{"href":"https:\/\/www.europesays.com\/fr\/wp-json\/wp\/v2\/types\/post"}],"author":[{"embeddable":true,"href":"https:\/\/www.europesays.com\/fr\/wp-json\/wp\/v2\/users\/2"}],"replies":[{"embeddable":true,"href":"https:\/\/www.europesays.com\/fr\/wp-json\/wp\/v2\/comments?post=659229"}],"version-history":[{"count":0,"href":"https:\/\/www.europesays.com\/fr\/wp-json\/wp\/v2\/posts\/659229\/revisions"}],"wp:featuredmedia":[{"embeddable":true,"href":"https:\/\/www.europesays.com\/fr\/wp-json\/wp\/v2\/media\/659230"}],"wp:attachment":[{"href":"https:\/\/www.europesays.com\/fr\/wp-json\/wp\/v2\/media?parent=659229"}],"wp:term":[{"taxonomy":"category","embeddable":true,"href":"https:\/\/www.europesays.com\/fr\/wp-json\/wp\/v2\/categories?post=659229"},{"taxonomy":"post_tag","embeddable":true,"href":"https:\/\/www.europesays.com\/fr\/wp-json\/wp\/v2\/tags?post=659229"}],"curies":[{"name":"wp","href":"https:\/\/api.w.org\/{rel}","templated":true}]}}