{"id":65923,"date":"2025-05-01T03:11:09","date_gmt":"2025-05-01T03:11:09","guid":{"rendered":"https:\/\/www.europesays.com\/fr\/65923\/"},"modified":"2025-05-01T03:11:09","modified_gmt":"2025-05-01T03:11:09","slug":"ue-douze-pays-demandent-lactivation-dune-clause-dexemption-pour-augmenter-leurs-depenses-de-defense-01-05-2025-a-0338","status":"publish","type":"post","link":"https:\/\/www.europesays.com\/fr\/65923\/","title":{"rendered":"UE-Douze pays demandent l&rsquo;activation d&rsquo;une clause d&rsquo;exemption pour augmenter leurs d\u00e9penses de d\u00e9fense &#8211; 01\/05\/2025 \u00e0 03:38"},"content":{"rendered":"<p>\n (Ajoute un contexte et des d\u00e9tails)\n<\/p>\n<p>\n Douze pays membres de<br \/>\nl&rsquo;Union europ\u00e9enne (UE) ont demand\u00e9 que la clause d\u00e9rogatoire<br \/>\nnationale au titre du pacte de stabilit\u00e9 et de croissance soit<br \/>\nactiv\u00e9e afin de leur permettre d&rsquo;augmenter leurs d\u00e9penses de<br \/>\nd\u00e9fense, a d\u00e9clar\u00e9 mercredi la Commission europ\u00e9enne.\n<\/p>\n<p>\n L&rsquo;organe ex\u00e9cutif de l&rsquo;UE a propos\u00e9 d&rsquo;autoriser les Etats<br \/>\nmembres \u00e0 augmenter leurs d\u00e9penses de d\u00e9fense de 1,5% du produit<br \/>\nint\u00e9rieur brut (PIB) chaque ann\u00e9e pendant quatre ans, sans avoir<br \/>\n\u00e0 prendre les mesures disciplinaires qui s&rsquo;imposent normalement<br \/>\nlorsque le d\u00e9ficit d\u00e9passe 3% du PIB.\n<\/p>\n<p>\n La Commission a indiqu\u00e9 dans un communiqu\u00e9 que la Belgique,<br \/>\nle Danemark, l&rsquo;Estonie, la Finlande, l&rsquo;Allemagne, la Gr\u00e8ce, la<br \/>\nHongrie, la Lettonie, la Pologne, le Portugal, la Slovaquie et<br \/>\nla Slov\u00e9nie avaient d\u00e9pos\u00e9 des demandes qu&rsquo;elle doit d\u00e9sormais<br \/>\n\u00e9valuer.\n<\/p>\n<p>\n \u00ab\u00a0La Commission continuera de veiller \u00e0 ce que cette<br \/>\nflexibilit\u00e9 soit coordonn\u00e9e et aide les pays de l&rsquo;UE \u00e0 passer \u00e0<br \/>\ndes budgets de d\u00e9fense plus \u00e9lev\u00e9s tout en pr\u00e9servant des<br \/>\npolitiques budg\u00e9taires saines\u00a0\u00bb, a d\u00e9clar\u00e9 Valdis Dombrovskis, le<br \/>\ncommissaire europ\u00e9en \u00e0 l&rsquo;Economie.\n<\/p>\n<p>\n (Lili Bayer et Andrew Gray; version fran\u00e7aise Camille Raynaud)<\/p>\n","protected":false},"excerpt":{"rendered":"(Ajoute un contexte et des d\u00e9tails) Douze pays membres de l&rsquo;Union europ\u00e9enne (UE) ont demand\u00e9 que la clause&hellip;\n","protected":false},"author":2,"featured_media":2486,"comment_status":"","ping_status":"","sticky":false,"template":"","format":"standard","meta":{"footnotes":""},"categories":[1586],"tags":[400,11,398,408,405,1777,674,1779,1011,27,403,402,399,404,12,25,401,406,1778,364,407],"class_list":{"0":"post-65923","1":"post","2":"type-post","3":"status-publish","4":"format-standard","5":"has-post-thumbnail","7":"category-europe","8":"tag-action-cac-40","9":"tag-actualites","10":"tag-bourse-de-paris","11":"tag-boursorama","12":"tag-cotations","13":"tag-eu","14":"tag-europe","15":"tag-european-union","16":"tag-fr","17":"tag-france","18":"tag-indices-devises","19":"tag-investir","20":"tag-investissement","21":"tag-marche-boursier","22":"tag-news","23":"tag-republique-francaise","24":"tag-sicav","25":"tag-trackers","26":"tag-ue","27":"tag-union-europeenne","28":"tag-warrants"},"share_on_mastodon":{"url":"https:\/\/pubeurope.com\/@fr\/114430390021808728","error":""},"_links":{"self":[{"href":"https:\/\/www.europesays.com\/fr\/wp-json\/wp\/v2\/posts\/65923","targetHints":{"allow":["GET"]}}],"collection":[{"href":"https:\/\/www.europesays.com\/fr\/wp-json\/wp\/v2\/posts"}],"about":[{"href":"https:\/\/www.europesays.com\/fr\/wp-json\/wp\/v2\/types\/post"}],"author":[{"embeddable":true,"href":"https:\/\/www.europesays.com\/fr\/wp-json\/wp\/v2\/users\/2"}],"replies":[{"embeddable":true,"href":"https:\/\/www.europesays.com\/fr\/wp-json\/wp\/v2\/comments?post=65923"}],"version-history":[{"count":0,"href":"https:\/\/www.europesays.com\/fr\/wp-json\/wp\/v2\/posts\/65923\/revisions"}],"wp:featuredmedia":[{"embeddable":true,"href":"https:\/\/www.europesays.com\/fr\/wp-json\/wp\/v2\/media\/2486"}],"wp:attachment":[{"href":"https:\/\/www.europesays.com\/fr\/wp-json\/wp\/v2\/media?parent=65923"}],"wp:term":[{"taxonomy":"category","embeddable":true,"href":"https:\/\/www.europesays.com\/fr\/wp-json\/wp\/v2\/categories?post=65923"},{"taxonomy":"post_tag","embeddable":true,"href":"https:\/\/www.europesays.com\/fr\/wp-json\/wp\/v2\/tags?post=65923"}],"curies":[{"name":"wp","href":"https:\/\/api.w.org\/{rel}","templated":true}]}}