{"id":659231,"date":"2026-01-12T21:35:11","date_gmt":"2026-01-12T21:35:11","guid":{"rendered":"https:\/\/www.europesays.com\/fr\/659231\/"},"modified":"2026-01-12T21:35:11","modified_gmt":"2026-01-12T21:35:11","slug":"le-mari-de-brigitte-bardot-victime-dun-malaise-apres-une-promenade-a-saint-tropez","status":"publish","type":"post","link":"https:\/\/www.europesays.com\/fr\/659231\/","title":{"rendered":"Le mari de Brigitte Bardot victime d\u2019un malaise apr\u00e8s une promenade \u00e0 Saint-Tropez"},"content":{"rendered":"<p class=\"fs-5 \">\u00c9tant donn\u00e9 le contexte \u00e0 forte d\u00e9charge \u00e9motionnelle, la nouvelle a pris une tournure particuli\u00e8re ce week-end dans la sph\u00e8re trop\u00e9zienne, alors que Mme le maire pr\u00e9sentait ses v\u0153ux \u00e0 la population samedi matin en pr\u00e9sence de la directrice g\u00e9n\u00e9rale de la Fondation Bardot, Ghyslaine Calmels Bock.<\/p>\n<p class=\"fs-5 \">Deux jours apr\u00e8s les obs\u00e8ques de Brigitte Bardot avec le d\u00e9ferlement m\u00e9diatique que l\u2019on sait, son mari, Bernard d\u2019Ormale, a \u00e9t\u00e9 \u00e9vacu\u00e9 par les sapeurs-pompiers&#8230;<\/p>\n<p class=\"fs-5 \">L\u2019\u00e9pisode est survenu vendredi dernier apr\u00e8s une promenade sur le sentier littoral aux abords de la Garrigue, la propri\u00e9t\u00e9 o\u00f9 Brigitte avait ses habitudes l\u2019apr\u00e8s-midi, entour\u00e9e de ses animaux.<\/p>\n<p>                                                                                Pris en charge \u00e0 la Garrigue<\/p>\n<p class=\"fs-5 \">Alors qu\u2019il gravissait la pente, de retour vers la maison, Bernard d\u2019Ormale s\u2019est senti mal. Heureusement, entour\u00e9 de plusieurs membres de la Fondation ce jour-l\u00e0, il a pu \u00eatre aid\u00e9 et s\u2019allonger en attendant l\u2019arriv\u00e9e des secours.<\/p>\n<p class=\"fs-5 \">Pris en charge, il a \u00e9t\u00e9 orient\u00e9 vers un h\u00f4pital sp\u00e9cialis\u00e9 d\u2019Ollioules afin de passer des examens de contr\u00f4le en lien avec son \u00e9tat avant d\u2019\u00eatre plac\u00e9 en observation pour la nuit.<\/p>\n<p class=\"fs-5 \">Bernard d\u2019Ormale, 84 ans, a finalement pu r\u00e9int\u00e9grer ses foyers trop\u00e9ziens ce samedi. Des journ\u00e9es fort \u00e9prouvantes ces derni\u00e8res semaines, le manque de repos, des nuits forc\u00e9ment compliqu\u00e9es et une petite arythmie cardiaque, seraient \u00e0 l\u2019origine du malaise qui n\u2019a pas mis ses jours en danger.<\/p>\n<p>        <img src=\"https:\/\/www.europesays.com\/fr\/wp-content\/uploads\/2026\/01\/72c0fd6_upload-from-url-1-v8atmac5lbwk-data-art-16911254.jpg\"   loading=\"lazy\" decoding=\"async\" alt=\"Photo Cyril Hi\u00e9ly \" class=\"img-fluid position-absolute w-100 object-fit-cover rounded-2\" width=\"600\" height=\"400\"\/><\/p>\n","protected":false},"excerpt":{"rendered":"\u00c9tant donn\u00e9 le contexte \u00e0 forte d\u00e9charge \u00e9motionnelle, la nouvelle a pris une tournure particuli\u00e8re ce week-end dans&hellip;\n","protected":false},"author":2,"featured_media":659232,"comment_status":"","ping_status":"","sticky":false,"template":"","format":"standard","meta":{"footnotes":""},"categories":[1358],"tags":[1348,1384,1385,73617,1386,58,59,1011,27],"class_list":{"0":"post-659231","1":"post","2":"type-post","3":"status-publish","4":"format-standard","5":"has-post-thumbnail","7":"category-arts-et-design","8":"tag-arts","9":"tag-arts-and-design","10":"tag-arts-et-design","11":"tag-brigittebardot","12":"tag-design","13":"tag-divertissement","14":"tag-entertainment","15":"tag-fr","16":"tag-france"},"share_on_mastodon":{"url":"https:\/\/pubeurope.com\/@fr\/115884282546183109","error":""},"_links":{"self":[{"href":"https:\/\/www.europesays.com\/fr\/wp-json\/wp\/v2\/posts\/659231","targetHints":{"allow":["GET"]}}],"collection":[{"href":"https:\/\/www.europesays.com\/fr\/wp-json\/wp\/v2\/posts"}],"about":[{"href":"https:\/\/www.europesays.com\/fr\/wp-json\/wp\/v2\/types\/post"}],"author":[{"embeddable":true,"href":"https:\/\/www.europesays.com\/fr\/wp-json\/wp\/v2\/users\/2"}],"replies":[{"embeddable":true,"href":"https:\/\/www.europesays.com\/fr\/wp-json\/wp\/v2\/comments?post=659231"}],"version-history":[{"count":0,"href":"https:\/\/www.europesays.com\/fr\/wp-json\/wp\/v2\/posts\/659231\/revisions"}],"wp:featuredmedia":[{"embeddable":true,"href":"https:\/\/www.europesays.com\/fr\/wp-json\/wp\/v2\/media\/659232"}],"wp:attachment":[{"href":"https:\/\/www.europesays.com\/fr\/wp-json\/wp\/v2\/media?parent=659231"}],"wp:term":[{"taxonomy":"category","embeddable":true,"href":"https:\/\/www.europesays.com\/fr\/wp-json\/wp\/v2\/categories?post=659231"},{"taxonomy":"post_tag","embeddable":true,"href":"https:\/\/www.europesays.com\/fr\/wp-json\/wp\/v2\/tags?post=659231"}],"curies":[{"name":"wp","href":"https:\/\/api.w.org\/{rel}","templated":true}]}}