{"id":659233,"date":"2026-01-12T21:37:11","date_gmt":"2026-01-12T21:37:11","guid":{"rendered":"https:\/\/www.europesays.com\/fr\/659233\/"},"modified":"2026-01-12T21:37:11","modified_gmt":"2026-01-12T21:37:11","slug":"theo-p-star-academy-se-confie-sur-anouk-je-ne-sais-pas-si-elle-sait-a-quel-point-elle-a-ete-importante-pour-moi","status":"publish","type":"post","link":"https:\/\/www.europesays.com\/fr\/659233\/","title":{"rendered":"Th\u00e9o P. (Star Academy) se confie sur Anouk\u00a0: \u00ab\u00a0Je ne sais pas si elle sait \u00e0 quel point elle a \u00e9t\u00e9 importante pour moi\u00a0\u00bb"},"content":{"rendered":"<p><b>Vous avez \u00e9t\u00e9 nomm\u00e9 plusieurs fois, est-ce que cette fois-ci vous vous attendiez \u00e0 sortir ?<\/b><\/p>\n<p class=\"ap-StoryElement ap-StoryElement--mb ap-StoryText\">\u00ab\u00a0Ce n&rsquo;est pas que je m&rsquo;y attendais, mais je savais que \u00e7a allait \u00eatre dur, parce qu&rsquo;il y avait Anouk et Victor, et qu&rsquo;ils m\u00e9ritaient tout autant que moi de rester. Je ne me suis jamais dit \u00ab\u00a0tu vas partir\u00a0\u00bb, mais je me disais \u00ab\u00a0tu peux partir\u00a0\u00bb. Je m&rsquo;\u00e9tais pr\u00e9par\u00e9 au fait que ce soit possible. J&rsquo;allais toujours aux primes en mode guerrier, en mode combattant.\u00a0\u00bb<\/p>\n<p><b>La semaine pr\u00e9c\u00e9dente, face \u00e0 M\u00e9lissa et Sarah, on avait un peu l&rsquo;impression que vous \u00e9tiez un peu r\u00e9sign\u00e9\u2026<\/b><\/p>\n<p class=\"ap-StoryElement ap-StoryElement--mb ap-StoryText\">\u00ab\u00a0Non, c&rsquo;\u00e9tait vraiment d\u00fb \u00e0 ma maladie. J&rsquo;\u00e9tais en \u00e9tat grippal, et je pense que \u00e7a s&rsquo;est vu sur mon visage et dans mon \u00e9nergie. Je n&rsquo;avais pas envie de partir, mais j&rsquo;avais juste envie que le prime s&rsquo;arr\u00eate, afin de me reposer, d&rsquo;\u00eatre tranquillement dans un lit. Je n&rsquo;\u00e9tais vraiment pas bien, et \u00e7a ne m&rsquo;a pas aid\u00e9 \u00e0 faire un beau prime. Quand je vois mon dernier prime, je vois que j&rsquo;ai toujours eu la motivation n\u00e9cessaire et que je n&rsquo;ai jamais l\u00e2ch\u00e9. \u00catre souvent nomm\u00e9, c&rsquo;est difficile, mais je n&rsquo;ai jamais abandonn\u00e9.\u00a0\u00bb<\/p>\n<p><b>Vous avez d\u00fb \u00e9crire plusieurs lettres pour vos camarades, A la fin, c&rsquo;\u00e9tait un peu du recyclage ?<\/b><\/p>\n<p class=\"ap-StoryElement ap-StoryElement--mb ap-StoryText\">\u00ab\u00a0Non, j&rsquo;ai d\u00fb r\u00e9\u00e9crire chaque lettre, et \u00e7a c&rsquo;\u00e9tait bien emb\u00eatant ! (Rires) J&rsquo;en avais marre d&rsquo;\u00e9crire toujours les m\u00eames trucs. Du coup, chaque lettre \u00e9tait de plus en plus b\u00e2cl\u00e9e. D\u00e9sol\u00e9 pour mes camarades qui ont eu la lettre la plus b\u00e2cl\u00e9e que j&rsquo;ai jamais faite, mais j&rsquo;en avais marre. (Rires)\u00a0\u00bb<\/p>\n<p><b>Lors de la semaine des destins li\u00e9s, vous avez \u00e9t\u00e9 top 1 avec Anouk. Est-ce que \u00e7a a \u00e9t\u00e9 un d\u00e9clic dans votre aventure ?<\/b><\/p>\n<p class=\"ap-StoryElement ap-StoryElement--mb ap-StoryText\">\u00ab\u00a0Oui, clairement. Je me suis rendu compte que quand on bosse vraiment bien, on peut faire des super choses. Cette fois-l\u00e0, on avait boss\u00e9 beaucoup plus que les autres. On s&rsquo;\u00e9tait couch\u00e9 tard, on n&rsquo;avait pas arr\u00eat\u00e9. C&rsquo;\u00e9tait m\u00e9rit\u00e9. Anouk m&rsquo;a aid\u00e9 \u00e0 mettre mon \u00e9nergie au bon endroit. Elle est formidable pour \u00e7a. On s&rsquo;est vraiment tir\u00e9s vers le haut.\u00a0\u00bb<\/p>\n<p><b>Vous avez d\u00e9velopp\u00e9 une tr\u00e8s forte amiti\u00e9 avec Anouk au fil de l&rsquo;aventure\u2026<\/b><\/p>\n<p class=\"ap-StoryElement ap-StoryElement--mb ap-StoryText\">\u00ab\u00a0Tellement. Sans Anouk, je n&rsquo;aurais pas eu la m\u00eame aventure. J&rsquo;esp\u00e8re qu&rsquo;elle dira la m\u00eame chose de moi. Je ne sais pas si elle sait \u00e0 quel point elle a \u00e9t\u00e9 importante pour moi. Mais \u00e7a a \u00e9t\u00e9 vraiment hyper important d&rsquo;avoir son soutien. Notre relation \u00e9tait bas\u00e9e sur l&rsquo;artistique de base. Apr\u00e8s, \u00e7a s&rsquo;est d\u00e9plac\u00e9 sur l&rsquo;humain. C&rsquo;\u00e9tait hyper chouette ce qu&rsquo;on a v\u00e9cu.\u00a0\u00bb<\/p>\n<p><a href=\"https:\/\/www.dhnet.be\/medias\/television\/2026\/01\/11\/javais-aussi-comme-consigne-dessayer-dinfluencer-les-votes-polemique-apres-lelimination-danouk-une-video-de-benjamin-castaldi-refait-surface-XWQVTZAVBVEAVHOIB62DOKSKCI\/\" target=\"_self\" class=\"ap-StoryInterstitialLink ap-StoryElement ap-StoryElement--mb\" rel=\"noopener\">\u00ab\u00a0J&rsquo;avais aussi comme consigne d&rsquo;essayer d&rsquo;influencer les votes\u00a0\u00bb : pol\u00e9mique apr\u00e8s l&rsquo;\u00e9limination d&rsquo;Anouk, une vid\u00e9o de Benjamin Castaldi refait surface<\/a><b>Comment est n\u00e9e cette amiti\u00e9 ?<\/b><\/p>\n<p class=\"ap-StoryElement ap-StoryElement--mb ap-StoryText\">\u00ab\u00a0On a les m\u00eames r\u00eaves artistiques. Quand il a fallu choisir la chanson de William Sheller, on s&rsquo;est regard\u00e9 et on n&rsquo;a pas h\u00e9sit\u00e9 une seconde. On savait que c&rsquo;\u00e9tait \u00e7a, qu&rsquo;il fallait qu&rsquo;on chante \u00e0 deux. Avec personne d&rsquo;autre dans l&rsquo;aventure, je n&rsquo;aurais pas eu ce coup de foudre artistique. Et c&rsquo;est pr\u00e9cieux. On l&rsquo;a ch\u00e9rie, on l&rsquo;a gard\u00e9e, puis on a compos\u00e9 ensemble des petits trucs. Humainement, on a cr\u00e9\u00e9 des super liens. On \u00e9tait fusionnels.\u00a0\u00bb<\/p>\n<blockquote class=\"ap-StoryQuote ap-StoryQuote--blockquote\">\n<p class=\"ap-StoryQuote-text\">Sans Anouk, je n&rsquo;aurais pas eu la m\u00eame aventure.<\/p>\n<\/blockquote>\n<p><b>Y a-t-il quelque chose que vous regrettez de ne pas avoir fait dans l&rsquo;aventure ?<\/b><\/p>\n<p class=\"ap-StoryElement ap-StoryElement--mb ap-StoryText\">\u00ab\u00a0Oui, mon autoportrait. J&rsquo;aurais tellement aim\u00e9 le faire. Se d\u00e9crire en chansons, c&rsquo;est ce qu&rsquo;on veut tous au d\u00e9but de l&rsquo;aventure. J&rsquo;aurais aim\u00e9 chanter \u00ab\u00a0Imagine\u00a0\u00bb de John Lennon, \u00ab\u00a0L&rsquo;amour brille sous les \u00e9toiles\u00a0\u00bb du Roi Lion, peut-\u00eatre du M, quelque chose de plus up-tempo, et un morceau de Phil Collins ou d&rsquo;Elton John.\u00a0\u00bb<\/p>\n<p><b>Que signifie pour vous la chanson<\/b> <b>\u00ab\u00a0L&rsquo;amour brille sous les \u00e9toiles\u00a0\u00bb ?<\/b><\/p>\n<p class=\"ap-StoryElement ap-StoryElement--mb ap-StoryText\">\u00ab\u00a0Parce que c&rsquo;est le Disney que j&rsquo;ai le plus regard\u00e9 quand j&rsquo;\u00e9tais petit. Et puis, c&rsquo;est une balade romantique, et c&rsquo;est l&rsquo;une des premi\u00e8res musiques que j&rsquo;ai chant\u00e9es et jou\u00e9es en m\u00eame temps. Elle a une signification tellement importante pour moi, elle est tellement belle.\u00a0\u00bb<\/p>\n<p><a href=\"https:\/\/www.dhnet.be\/medias\/television\/2026\/01\/11\/star-academy-en-tete-des-sondages-la-belge-anouk-eliminee-a-la-surprise-generale-KPKH5AL4CNEMTNLFLRXHZT652Q\/\" target=\"_self\" class=\"ap-StoryInterstitialLink ap-StoryElement ap-StoryElement--mb\" rel=\"noopener\">Star Academy : en t\u00eate des sondages, la Belge Anouk \u00e9limin\u00e9e \u00e0 la surprise g\u00e9n\u00e9rale !<\/a><b>Vous avez mis votre carri\u00e8re de kin\u00e9 de c\u00f4t\u00e9 pour l&rsquo;aventure. Comment voyez-vous votre avenir aujourd&rsquo;hui ?<\/b><\/p>\n<p class=\"ap-StoryElement ap-StoryElement--mb ap-StoryText\">\u00ab\u00a0Pour moi, il n&rsquo;y aura plus de kin\u00e9. J&rsquo;ai la chance de sortir avec un tremplin \u00e9norme pour la musique. Ce serait b\u00eate de ne pas aller dans cette direction. La musique, c&rsquo;est ce qui me fait me sentir \u00e0 ma place, heureux. J&rsquo;ai envie de faire \u00e7a toute ma vie.\u00a0\u00bb<\/p>\n","protected":false},"excerpt":{"rendered":"Vous avez \u00e9t\u00e9 nomm\u00e9 plusieurs fois, est-ce que cette fois-ci vous vous attendiez \u00e0 sortir ? \u00ab\u00a0Ce n&rsquo;est&hellip;\n","protected":false},"author":2,"featured_media":659234,"comment_status":"","ping_status":"","sticky":false,"template":"","format":"standard","meta":{"footnotes":""},"categories":[1356],"tags":[58,59,1011,27,24365,252,1364],"class_list":{"0":"post-659233","1":"post","2":"type-post","3":"status-publish","4":"format-standard","5":"has-post-thumbnail","7":"category-television","8":"tag-divertissement","9":"tag-entertainment","10":"tag-fr","11":"tag-france","12":"tag-la-star-academy","13":"tag-television","14":"tag-tv"},"share_on_mastodon":{"url":"https:\/\/pubeurope.com\/@fr\/115884290512037647","error":""},"_links":{"self":[{"href":"https:\/\/www.europesays.com\/fr\/wp-json\/wp\/v2\/posts\/659233","targetHints":{"allow":["GET"]}}],"collection":[{"href":"https:\/\/www.europesays.com\/fr\/wp-json\/wp\/v2\/posts"}],"about":[{"href":"https:\/\/www.europesays.com\/fr\/wp-json\/wp\/v2\/types\/post"}],"author":[{"embeddable":true,"href":"https:\/\/www.europesays.com\/fr\/wp-json\/wp\/v2\/users\/2"}],"replies":[{"embeddable":true,"href":"https:\/\/www.europesays.com\/fr\/wp-json\/wp\/v2\/comments?post=659233"}],"version-history":[{"count":0,"href":"https:\/\/www.europesays.com\/fr\/wp-json\/wp\/v2\/posts\/659233\/revisions"}],"wp:featuredmedia":[{"embeddable":true,"href":"https:\/\/www.europesays.com\/fr\/wp-json\/wp\/v2\/media\/659234"}],"wp:attachment":[{"href":"https:\/\/www.europesays.com\/fr\/wp-json\/wp\/v2\/media?parent=659233"}],"wp:term":[{"taxonomy":"category","embeddable":true,"href":"https:\/\/www.europesays.com\/fr\/wp-json\/wp\/v2\/categories?post=659233"},{"taxonomy":"post_tag","embeddable":true,"href":"https:\/\/www.europesays.com\/fr\/wp-json\/wp\/v2\/tags?post=659233"}],"curies":[{"name":"wp","href":"https:\/\/api.w.org\/{rel}","templated":true}]}}