{"id":659235,"date":"2026-01-12T21:38:14","date_gmt":"2026-01-12T21:38:14","guid":{"rendered":"https:\/\/www.europesays.com\/fr\/659235\/"},"modified":"2026-01-12T21:38:14","modified_gmt":"2026-01-12T21:38:14","slug":"ca-sentait-fort-tu-ne-pouvais-plus-dormir-la-passion-de-ce-monument-de-la-chanson-francaise-a-eu-des-consequences-sur-sa-vie-paisible-en-corse","status":"publish","type":"post","link":"https:\/\/www.europesays.com\/fr\/659235\/","title":{"rendered":"\u00ab\u00a0Ca sentait fort, tu ne pouvais plus dormir\u00a0\u00bb : La passion de ce monument de la chanson fran\u00e7aise a eu des cons\u00e9quences sur sa vie paisible en Corse"},"content":{"rendered":"<p>                <img loading=\"lazy\" decoding=\"async\" src=\"https:\/\/www.europesays.com\/fr\/wp-content\/uploads\/2025\/04\/144-64f8c016610ee-35x35-1.jpg\" class=\"author-article-picture\" width=\"35\" height=\"35\"\/><\/p>\n<p>                    Par<\/p>\n<p>                                            <a class=\"author-article-bio-link\" href=\"https:\/\/www.purepeople.com\/auteur\/louise-martin_a144\" target=\"_blank\" rel=\"noopener\">Louise Martin<\/a><\/p>\n<p>                    |<\/p>\n<p>                                            R\u00e9dactrice<\/p>\n<p>\n                Koh Lanta, Les Marseillais mais aussi Mari\u00e9s au Premier regards\u2026 Louise Martin est une t\u00e9l\u00e9vore qui essaye, \u00e0 ses heures perdues, de refaire les g\u00e2teaux qu\u2019elle admire devant le Meilleur P\u00e2tissier\u2026 mais elle ne risque pas de gagner le tablier bleu ! Les r\u00e9seaux sociaux n\u2019ont pas de secret pour elle, les derniers scoops, les derni\u00e8res \u00e9missions, elle les conna\u00eet tous.\n            <\/p>\n<p>\n    On pense souvent qu\u2019\u00eatre chanteur est un m\u00e9tier passion. Mais cela n\u2019emp\u00eache pas les personnalit\u00e9s de consacrer du temps et de l\u2019amour \u00e0 d\u2019autres causes qui leur tiennent \u00e0 c\u0153ur. Cette star de la chanson fran\u00e7aise, par exemple, voue une affection sans limite aux animaux, et plus particuli\u00e8rement aux chats. Son fils s\u2019est r\u00e9cemment confi\u00e9 au sujet de cette passion\u2026 d\u00e9bordante.\n<\/p>\n<p>                            <img loading=\"lazy\" decoding=\"async\" class=\"player-thumbnail\" src=\"https:\/\/www.europesays.com\/fr\/wp-content\/uploads\/2026\/01\/96f3ab6a04d08378-580x326-2.jpg\" width=\"580\" height=\"326\"\/><\/p>\n<p>                            \u00ab\u00a0Ca sentait fort, tu ne pouvais plus dormir\u00a0\u00bb : La passion de ce monument de la chanson fran\u00e7aise a eu des cons\u00e9quences sur sa vie paisible en Corse<\/p>\n<p>La suite apr\u00e8s la publicit\u00e9<\/p>\n<p>En parall\u00e8le de leur m\u00e9tier, <strong>certains chanteurs s\u2019engagent dans des causes qui leur tiennent \u00e0 c\u0153ur<\/strong>. Ici, la star fran\u00e7aise dont nous allons vous parler n\u2019est pas un fervent d\u00e9fenseur des animaux comme <a href=\"https:\/\/www.purepeople.com\/article\/dernier-voyage-de-brigitte-bardot-combien-coute-le-cercueil-original-quelle-avait-choisi_a546228\/1\" target=\"_blank\" rel=\"noopener\">la regrett\u00e9e Brigitte Bardot<\/a>. N\u00e9anmoins, son fils avoue que l\u2019amour de son p\u00e8re pour les chats d\u00e9passe de loin une simple affection passag\u00e8re. Et pour cause\u2026 Au fil des ann\u00e9es, <a href=\"https:\/\/www.purepeople.com\/people\/jacques-dutronc_p389\" target=\"_blank\" rel=\"noopener\">Jacques Dutronc<\/a> a adopt\u00e9 <strong>pas moins de 57 chats<\/strong>. C\u2019est sa prog\u00e9niture <a href=\"https:\/\/www.purepeople.com\/people\/thomas-dutronc_p390\" target=\"_blank\" rel=\"noopener\">Thomas Dutronc<\/a> qui n\u2019a pas h\u00e9sit\u00e9 \u00e0 <strong>donner de plus amples informations au sujet de cette passion d\u00e9bordante <\/strong>dans l\u2019\u00e9mission\u00a0Animalement v\u00f4tre, sur France 3.<\/p>\n<p>Dans <a href=\"https:\/\/www.purepeople.com\/article\/jacques-dutronc-bientot-deloge-de-son-repaire-corse-sa-maison-de-monticello-a-change-de-proprietaire-des-consequences-pourraient-en-decouler_a539630\/1\" target=\"_blank\" rel=\"noopener\">sa demeure corse<\/a>, la figure embl\u00e9matique de la chanson fran\u00e7aise est donc loin d\u2019\u00eatre seule.\u00a0\u201c<strong>Il y en a eu deux, trois, douze, trente-huit, puis jusqu\u2019\u00e0 cinquante-sept<\/strong>, \u00e7a a \u00e9t\u00e9 dingue. Il y avait des palettes enti\u00e8res de bouffe pour chats\u201d, a-t-il confi\u00e9. Et d\u2019ajouter :\u00a0\u201cC\u2019\u00e9tait devenu un peu trop parce qu\u2019on ne pouvait plus du tout d\u00e9jeuner dehors, les chats sautaient sur la table. \u00c7a sentait fort dans tout le jardin ! Et ils hurlaient la nuit, tu ne pouvais plus dormir, mais c\u2019\u00e9tait rigolo\u2026\u201d<\/p>\n<p>Les chats, une passion qui se transmet de g\u00e9n\u00e9ration en g\u00e9n\u00e9ration chez les Dutronc<\/p>\n<p>Et chez les Dutronc, Jacques n\u2019est <strong>pas le seul \u00e0 \u00eatre tomb\u00e9 amoureux de cette esp\u00e8ce<\/strong>. En effet, c\u2019est gr\u00e2ce \u00e0 son fils que l\u2019artiste de 82 ans a d\u2019abord d\u00e9couvert ces petits \u00eatres qui ne demandent qu\u2019\u00e0 \u00eatre aim\u00e9s. D\u00e8s son plus jeune \u00e2ge, l\u2019interpr\u00e8te de J\u2019aime plus Paris a eu la chance de pouvoir adopter un chaton via le musicien Yarol Poupaud. \u201cC\u2019\u00e9tait la maman de <a href=\"https:\/\/www.purepeople.com\/article\/yarol-poupaud-complice-avec-son-fils-sosie-de-sa-celebre-maman-au-parc-des-princes-non-loin-d-ary-abittan-amoureux_a515585\/1\" target=\"_blank\" rel=\"noopener\">Yarol Poupaud<\/a> [le musicien de 57 ans est le fils de Chantal Poupaud, ancienne productrice d\u00e9c\u00e9d\u00e9e en 2022, NDLR] qui travaillait dans le cin\u00e9ma, qui avait des chats et qui a demand\u00e9 \u00e0 mes parents de venir. <strong>Je me rappelle, je devais avoir quatre \u2013 cinq ans, j\u2019ai choisi un chat parmi les petits b\u00e9b\u00e9s et je l\u2019ai appel\u00e9 Cassis <\/strong>parce que j\u2019aimais beaucoup le jus de Cassis\u201d, a ajout\u00e9 Thomas Dutronc sur le plateau de t\u00e9l\u00e9vision. Par la suite, le chanteur de 52 ans a aussi eu un coup de c\u0153ur pour un second animal. \u201cOn se baladait sur l\u2019\u00eele Saint-Louis et dans une papeterie,<strong> on voit une cage minuscule et un petit chat qui tournait autour de sa queue, c\u2019\u00e9tait triste, on la sentait enferm\u00e9e<\/strong>. On a craqu\u00e9 avec ma maman, on l\u2019a prise et on l\u2019a appel\u00e9e Cassette\u201d, s\u2019est-il rem\u00e9mor\u00e9. Que de bons souvenirs pour Thomas Dutronc et le reste de la famille.<\/p>\n","protected":false},"excerpt":{"rendered":"Par Louise Martin | R\u00e9dactrice Koh Lanta, Les Marseillais mais aussi Mari\u00e9s au Premier regards\u2026 Louise Martin est&hellip;\n","protected":false},"author":2,"featured_media":659236,"comment_status":"","ping_status":"","sticky":false,"template":"","format":"standard","meta":{"footnotes":""},"categories":[1355],"tags":[58,59,1011,27,1361,873],"class_list":{"0":"post-659235","1":"post","2":"type-post","3":"status-publish","4":"format-standard","5":"has-post-thumbnail","7":"category-musique","8":"tag-divertissement","9":"tag-entertainment","10":"tag-fr","11":"tag-france","12":"tag-music","13":"tag-musique"},"share_on_mastodon":{"url":"https:\/\/pubeurope.com\/@fr\/115884294464441116","error":""},"_links":{"self":[{"href":"https:\/\/www.europesays.com\/fr\/wp-json\/wp\/v2\/posts\/659235","targetHints":{"allow":["GET"]}}],"collection":[{"href":"https:\/\/www.europesays.com\/fr\/wp-json\/wp\/v2\/posts"}],"about":[{"href":"https:\/\/www.europesays.com\/fr\/wp-json\/wp\/v2\/types\/post"}],"author":[{"embeddable":true,"href":"https:\/\/www.europesays.com\/fr\/wp-json\/wp\/v2\/users\/2"}],"replies":[{"embeddable":true,"href":"https:\/\/www.europesays.com\/fr\/wp-json\/wp\/v2\/comments?post=659235"}],"version-history":[{"count":0,"href":"https:\/\/www.europesays.com\/fr\/wp-json\/wp\/v2\/posts\/659235\/revisions"}],"wp:featuredmedia":[{"embeddable":true,"href":"https:\/\/www.europesays.com\/fr\/wp-json\/wp\/v2\/media\/659236"}],"wp:attachment":[{"href":"https:\/\/www.europesays.com\/fr\/wp-json\/wp\/v2\/media?parent=659235"}],"wp:term":[{"taxonomy":"category","embeddable":true,"href":"https:\/\/www.europesays.com\/fr\/wp-json\/wp\/v2\/categories?post=659235"},{"taxonomy":"post_tag","embeddable":true,"href":"https:\/\/www.europesays.com\/fr\/wp-json\/wp\/v2\/tags?post=659235"}],"curies":[{"name":"wp","href":"https:\/\/api.w.org\/{rel}","templated":true}]}}