{"id":659237,"date":"2026-01-12T21:39:31","date_gmt":"2026-01-12T21:39:31","guid":{"rendered":"https:\/\/www.europesays.com\/fr\/659237\/"},"modified":"2026-01-12T21:39:31","modified_gmt":"2026-01-12T21:39:31","slug":"bo-us-avatar-de-feu-et-de-cendres-fait-de-la-resistance-le-film-francais","status":"publish","type":"post","link":"https:\/\/www.europesays.com\/fr\/659237\/","title":{"rendered":"BO US : \u201cAvatar : De feu et de cendres\u201d fait de la r\u00e9sistance &#8211; Le film fran\u00e7ais"},"content":{"rendered":"<ol>\n<li><a href=\"https:\/\/news.google.com\/rss\/articles\/CBMipAFBVV95cUxORl9LbmNxYVlhbXZRTEhYS1NjdVcxUTk2dVVHTHVTaV92YVVXSlhWczFBX0VQaFV3QlFza2VhQjRqc01QRzdRaVdaT0ctR1Y2VWxYMGlhdXVRSGMzcTJhZk5PdjFsLWVBc25rS1hSbW1DX3BYYXpkVlBYa0dvYTFtbXlUYVRMQmdCaUFkbXpuaF9yT29nN1llWEJicDlaWkRNS3Y5Rg?oc=5\" target=\"_blank\" rel=\"noopener\">BO US : \u201cAvatar : De feu et de cendres\u201d fait de la r\u00e9sistance<\/a>&nbsp;&nbsp;Le film fran\u00e7ais<\/li>\n<li><a href=\"https:\/\/news.google.com\/rss\/articles\/CBMingFBVV95cUxNSGlGQnhEYXFPcDNzVkhUY0dlUXZ6UENqMGdmN1NpRnpoTGNYWk55MHlZNWlBYk15SER0RUN5dVBkWHZ5bHlEVkdfYXFXXzFtOEFkSWNSejZTT1Z1S2YyRllaNFBCQmVVTlpJdnJqS1NRem1jaDM4T1Zhc1kyWFNPVVUxb0dFb1doSzdNQ25YTWNhaEFwYkFkN1Iyc1o2Zw?oc=5\" target=\"_blank\" rel=\"noopener\">Avatar : de Feu et de Cendres<\/a>&nbsp;&nbsp;Le T\u00e9l\u00e9gramme<\/li>\n<li><a href=\"https:\/\/news.google.com\/rss\/articles\/CBMi3AFBVV95cUxQOU5FcFI5Qm42dWpQdFdDRnNFanJkNGtQNWVRWUd3VDBlelNlZlBCSTEyOFdfbXFPdHIyb2hiZjJGUVl6d01sVXJxb19qQnFzOWNiN1NhbXJtRXVETXdtS2dpTmVXMXFpWXJJVTJfdElTSU9jb25BUmdoYlBILUVFUWszbEZDckJta3Z5d0FfcGY3bUFXUWwyMUQweXhBaWlOOGJpZHpUaU9KWHFPc29RcE10NU1wZzhKOTJUSl8ybUhxbmRDdGZnemhwaWtzQWN4NFdvRW55NXVjOV9R?oc=5\" target=\"_blank\" rel=\"noopener\">Avatar : De Feu et de Cendres cumule d\u00e9sormais 1,231 milliard de dollars de recettes mondiales au box-office apr\u00e8s 4 week-ends d&rsquo;exploitation<\/a>&nbsp;&nbsp;IGN France<\/li>\n<li><a href=\"https:\/\/news.google.com\/rss\/articles\/CBMilwFBVV95cUxOUHhxSE1nMzBuZk9VSHlIX1VacVh0eEVkcW95a1Vsd1JwR1kwVDZWdDdTYXlWSTZLSE0tNTdSME5wRWpzV042MUotUUMtbjctLUNMbkNRd0F0M19PeWJ1U0pNdlJiakx5Ul9CNndoQ0pLUWtfcUIzbjZMemlrZmJIWXczc010NWE2Nno4QzQzUE1ZRjZDZnUw?oc=5\" target=\"_blank\" rel=\"noopener\">\u00ab Avatar 3 \u00bb : Vous avez \u00e9t\u00e9 d\u00e9\u00e7u ou vous n\u2019avez pas aim\u00e9 le film, racontez-nous<\/a>&nbsp;&nbsp;20 Minutes<\/li>\n<li><a href=\"https:\/\/news.google.com\/rss\/articles\/CBMiqgFBVV95cUxQNk04YmZqckRzMS1XSi1CZGxiSG9DQ1B4NENJTXZ5ZmpTM3NfdTBmMC1uVHZkelRLYkh3UzRWM2QzQjdYTU9xLXQxTHd2WlVvbUpyRDN0NXdZdjVqbU9xS3dFOWQ3SjY4eEx2Um90VXo1WXFueFFDMzJRMk1YLWhEVmNnelBBT0MtMDJpcjloTU1DVllaN2trbEFlLUhIdG41WFFuZDRfMXBvdw?oc=5\" target=\"_blank\" rel=\"noopener\">Qui pourra d\u00e9tr\u00f4ner Avatar 3, toujours en t\u00eate du box-office US ?<\/a>&nbsp;&nbsp;Premi\u00e8re<\/li>\n<\/ol>\n","protected":false},"excerpt":{"rendered":"BO US : \u201cAvatar : De feu et de cendres\u201d fait de la r\u00e9sistance&nbsp;&nbsp;Le film fran\u00e7ais Avatar :&hellip;\n","protected":false},"author":2,"featured_media":659238,"comment_status":"","ping_status":"","sticky":false,"template":"","format":"standard","meta":{"footnotes":""},"categories":[1354],"tags":[58,59,1346,1011,27,1360],"class_list":{"0":"post-659237","1":"post","2":"type-post","3":"status-publish","4":"format-standard","5":"has-post-thumbnail","7":"category-films","8":"tag-divertissement","9":"tag-entertainment","10":"tag-films","11":"tag-fr","12":"tag-france","13":"tag-movies"},"share_on_mastodon":{"url":"https:\/\/pubeurope.com\/@fr\/115884298797379213","error":""},"_links":{"self":[{"href":"https:\/\/www.europesays.com\/fr\/wp-json\/wp\/v2\/posts\/659237","targetHints":{"allow":["GET"]}}],"collection":[{"href":"https:\/\/www.europesays.com\/fr\/wp-json\/wp\/v2\/posts"}],"about":[{"href":"https:\/\/www.europesays.com\/fr\/wp-json\/wp\/v2\/types\/post"}],"author":[{"embeddable":true,"href":"https:\/\/www.europesays.com\/fr\/wp-json\/wp\/v2\/users\/2"}],"replies":[{"embeddable":true,"href":"https:\/\/www.europesays.com\/fr\/wp-json\/wp\/v2\/comments?post=659237"}],"version-history":[{"count":0,"href":"https:\/\/www.europesays.com\/fr\/wp-json\/wp\/v2\/posts\/659237\/revisions"}],"wp:featuredmedia":[{"embeddable":true,"href":"https:\/\/www.europesays.com\/fr\/wp-json\/wp\/v2\/media\/659238"}],"wp:attachment":[{"href":"https:\/\/www.europesays.com\/fr\/wp-json\/wp\/v2\/media?parent=659237"}],"wp:term":[{"taxonomy":"category","embeddable":true,"href":"https:\/\/www.europesays.com\/fr\/wp-json\/wp\/v2\/categories?post=659237"},{"taxonomy":"post_tag","embeddable":true,"href":"https:\/\/www.europesays.com\/fr\/wp-json\/wp\/v2\/tags?post=659237"}],"curies":[{"name":"wp","href":"https:\/\/api.w.org\/{rel}","templated":true}]}}