{"id":659243,"date":"2026-01-12T21:42:14","date_gmt":"2026-01-12T21:42:14","guid":{"rendered":"https:\/\/www.europesays.com\/fr\/659243\/"},"modified":"2026-01-12T21:42:14","modified_gmt":"2026-01-12T21:42:14","slug":"le-chanteur-colombien-yeison-jimenez-meurt-a-34-ans-dans-le-crash-de-son-avion-de-tourisme","status":"publish","type":"post","link":"https:\/\/www.europesays.com\/fr\/659243\/","title":{"rendered":"Le chanteur colombien Yeison Jimenez meurt \u00e0 34 ans dans le crash de son avion de tourisme"},"content":{"rendered":"<p>Des millions de fans sud-am\u00e9ricains sont en deuil\u00a0: six personnes, dont le populaire <a href=\"https:\/\/www.20minutes.fr\/dossier\/chanteur\" class=\"c-link c-link--is-underlined\" target=\"_blank\" rel=\"noopener\">chanteur<\/a> colombien Yeison Jimenez, ont p\u00e9ri samedi 10\u00a0janvier 2026 apr\u00e8s que l\u2019avion de tourisme dans lequel elles se trouvaient <a href=\"https:\/\/www.20minutes.fr\/dossier\/crash\" class=\"c-link c-link--is-underlined\" target=\"_blank\" rel=\"noopener\">se fut crash\u00e9<\/a> au centre de la <a href=\"https:\/\/www.20minutes.fr\/monde\/colombie\/\" class=\"c-link c-link--is-underlined\" target=\"_blank\" rel=\"noopener\">Colombie<\/a>, ont annonc\u00e9 les autorit\u00e9s locales.<\/p>\n<\/p>\n<p>\u00ab\u00a0Il n\u2019y a malheureusement aucun survivant\u00a0\u00bb, a d\u00e9clar\u00e9 \u00e0 Caracol Radio le colonel Alvaro Bello, de la direction de l\u2019Aviation civile colombienne. L\u2019<a href=\"https:\/\/www.20minutes.fr\/faits_divers\/4190977-20251211-seine-maritime-avion-tourisme-ecrase-pilote-recherche\" class=\"c-link c-link--is-underlined\" target=\"_blank\" rel=\"noopener\">avion priv\u00e9<\/a> s\u2019est \u00e9cras\u00e9 pr\u00e8s de l\u2019a\u00e9roport de Paipa, dans le d\u00e9partement de Boyaca, peu apr\u00e8s avoir d\u00e9coll\u00e9 \u00e0 destination de Medellin (nord-ouest), selon le minist\u00e8re des Transports.<\/p>\n<p>Des vid\u00e9os gla\u00e7antes circulant sur les <a href=\"https:\/\/www.20minutes.fr\/dossier\/reseaux_sociaux\" class=\"c-link c-link--is-underlined\" target=\"_blank\" rel=\"noopener\">r\u00e9seaux sociaux<\/a> ont montr\u00e9 l\u2019appareil, incapable de s\u2019\u00e9lever, s\u2019\u00e9crasant \u00e0 grande vitesse dans un pr\u00e9 en bout de piste avant de prendre feu.<\/p>\n<p class=\"mb-m@xs text-l@xs\">En cliquant sur\u00ab J\u2019accepte \u00bb, vous acceptez le d\u00e9p\u00f4t de cookies par des services externes et aurez ainsi acc\u00e8s aux contenus de nos partenaires.<\/p>\n<p class=\"mb-xl@xs text-s@xs\">Plus d\u2019informations sur la page<a href=\"https:\/\/www.20minutes.fr\/gestion-cookies\" class=\"mx-xxs@xs color-ultramarine\" target=\"_blank\" rel=\"noopener\">Politique de gestion des cookies<\/a><\/p>\n<p>J\u2019accepteDes r\u00eaves \u2013 vraiment \u2013 pr\u00e9monitoires<\/p>\n<p>Parmi les victimes se trouve Yeison Jimenez, un chanteur de 34 ans extr\u00eamement populaire en Colombie \u2013 et dans les pays limitrophes \u2013 et connu pour ses \u00ab\u00a0rancheras\u00a0\u00bb et \u00ab\u00a0corridos\u00a0\u00bb d\u2019inspiration mexicaine, dont certains cumulent d\u2019ailleurs des millions d\u2019\u00e9coutes sur <a href=\"https:\/\/www.20minutes.fr\/dossier\/spotify\" class=\"c-link c-link--is-underlined\" target=\"_blank\" rel=\"noopener\">Spotify <\/a>et <a href=\"https:\/\/www.20minutes.fr\/high-tech\/youtube\/\" class=\"c-link c-link--is-underlined\" target=\"_blank\" rel=\"noopener\">YouTube<\/a>.<\/p>\n<p><a href=\"https:\/\/www.20minutes.fr\/dossier\/crash\" class=\"c-link c-btn c-btn--primary\" target=\"_blank\" rel=\"noopener\">Notre dossier \u00ab Crash a\u00e9rien \u00bb<\/a><\/p>\n<p>Si la nouvelle est tragique, elle est aussi tr\u00e8s troublante, le chanteur ayant eu plusieurs pr\u00e9monitions de son funeste destin\u00a0: \u00ab\u00a0J\u2019ai r\u00eav\u00e9 trois fois que nous allions avoir un <a href=\"https:\/\/www.20minutes.fr\/dossier\/accident_d_avion\" class=\"c-link c-link--is-underlined\" target=\"_blank\" rel=\"noopener\">accident d\u2019avion<\/a>\u00a0\u00bb, avait en effet d\u00e9clar\u00e9 Yeison Jimenez dans le <a href=\"https:\/\/www.20minutes.fr\/podcast\/\" class=\"c-link c-link--is-underlined\" target=\"_blank\" rel=\"noopener\">podcast <\/a>Los hombres s\u00ed lloran (Les hommes pleurent aussi) diffus\u00e9\u2026 en avril\u00a02025\u00a0!<\/p>\n","protected":false},"excerpt":{"rendered":"Des millions de fans sud-am\u00e9ricains sont en deuil\u00a0: six personnes, dont le populaire chanteur colombien Yeison Jimenez, ont&hellip;\n","protected":false},"author":2,"featured_media":659244,"comment_status":"","ping_status":"","sticky":false,"template":"","format":"standard","meta":{"footnotes":""},"categories":[8],"tags":[5165,1696,9395,4098,251,3983,58,59,1011,27,6852,3287,2784],"class_list":{"0":"post-659243","1":"post","2":"type-post","3":"status-publish","4":"format-standard","5":"has-post-thumbnail","7":"category-divertissement","8":"tag-amerique-du-sud","9":"tag-chanteur","10":"tag-colombie","11":"tag-crash","12":"tag-culture","13":"tag-deces","14":"tag-divertissement","15":"tag-entertainment","16":"tag-fr","17":"tag-france","18":"tag-spotify","19":"tag-stars","20":"tag-youtube"},"share_on_mastodon":{"url":"https:\/\/pubeurope.com\/@fr\/115884310106047874","error":""},"_links":{"self":[{"href":"https:\/\/www.europesays.com\/fr\/wp-json\/wp\/v2\/posts\/659243","targetHints":{"allow":["GET"]}}],"collection":[{"href":"https:\/\/www.europesays.com\/fr\/wp-json\/wp\/v2\/posts"}],"about":[{"href":"https:\/\/www.europesays.com\/fr\/wp-json\/wp\/v2\/types\/post"}],"author":[{"embeddable":true,"href":"https:\/\/www.europesays.com\/fr\/wp-json\/wp\/v2\/users\/2"}],"replies":[{"embeddable":true,"href":"https:\/\/www.europesays.com\/fr\/wp-json\/wp\/v2\/comments?post=659243"}],"version-history":[{"count":0,"href":"https:\/\/www.europesays.com\/fr\/wp-json\/wp\/v2\/posts\/659243\/revisions"}],"wp:featuredmedia":[{"embeddable":true,"href":"https:\/\/www.europesays.com\/fr\/wp-json\/wp\/v2\/media\/659244"}],"wp:attachment":[{"href":"https:\/\/www.europesays.com\/fr\/wp-json\/wp\/v2\/media?parent=659243"}],"wp:term":[{"taxonomy":"category","embeddable":true,"href":"https:\/\/www.europesays.com\/fr\/wp-json\/wp\/v2\/categories?post=659243"},{"taxonomy":"post_tag","embeddable":true,"href":"https:\/\/www.europesays.com\/fr\/wp-json\/wp\/v2\/tags?post=659243"}],"curies":[{"name":"wp","href":"https:\/\/api.w.org\/{rel}","templated":true}]}}