{"id":659253,"date":"2026-01-12T21:47:26","date_gmt":"2026-01-12T21:47:26","guid":{"rendered":"https:\/\/www.europesays.com\/fr\/659253\/"},"modified":"2026-01-12T21:47:26","modified_gmt":"2026-01-12T21:47:26","slug":"la-politique-de-rearmement-europeenne-ne-sert-a-rien-si-nous-nindiquons-pas-que-nous-sommes-prets-a-utiliser-ces-armes","status":"publish","type":"post","link":"https:\/\/www.europesays.com\/fr\/659253\/","title":{"rendered":"\u00ab\u00a0La politique de r\u00e9armement europ\u00e9enne ne sert \u00e0 rien si nous n\u2019indiquons pas que nous sommes pr\u00eats \u00e0 utiliser ces armes\u00a0\u00bb"},"content":{"rendered":"<p>                     <img loading=\"lazy\" decoding=\"async\" src=\"https:\/\/www.europesays.com\/fr\/wp-content\/uploads\/2026\/01\/a27dede_upload-1-hw3hl9krotao-000-79e98y7.jpg\" alt=\"Des soldats fran\u00e7ais du 35\u1d49 r\u00e9giment de parachutistes, lors d\u2019un exercice de simulation de combat sur la base de Canjuers (Var), le\u00a020\u00a0octobre\u00a02025.\"   width=\"664\" height=\"443\"\/>    Des soldats fran\u00e7ais du 35\u1d49 r\u00e9giment de parachutistes, lors d\u2019un exercice de simulation de combat sur la base de Canjuers (Var), le\u00a020\u00a0octobre\u00a02025.  FREDERIC DIDES\/AFP                 <\/p>\n<p class=\"article__paragraph  \">Carlo Masala est analyste militaire, professeur de politique internationale \u00e0 l\u2019universit\u00e9 de la Bundeswehr \u00e0 Munich, et <a href=\"https:\/\/www.lemonde.fr\/livres\/article\/2025\/06\/04\/la-guerre-d-apres-de-carlo-masala-russie-contre-europe-le-scenario-estonien_6610527_3260.html\" target=\"_blank\" rel=\"noopener\">auteur de La Guerre d\u2019apr\u00e8s. La Russie face \u00e0 l\u2019Occident <\/a>(Grasset, 2025). Il estime que les Etats-Unis sont devenus pour la s\u00e9curit\u00e9 de l\u2019Europe une menace comparable \u00e0 la Russie.<\/p>\n<p>                Dans quelle mesure l\u2019imp\u00e9rialisme am\u00e9ricain incarn\u00e9 par Donald\u00a0Trump marque-t-il une rupture\u00a0?           <\/p>\n<p class=\"article__paragraph  \">L\u2019id\u00e9e selon laquelle les Etats-Unis revendiquent leur propre sph\u00e8re d\u2019influence n\u2019est pas nouvelle. Mais jusqu\u2019ici, les Etats-Unis pensaient avoir besoin de partenaires pour tenir ce type de position dominante dans le syst\u00e8me international et devaient donc leur offrir quelque chose en \u00e9change. D\u00e9sormais, l\u2019id\u00e9e dominante est que la coop\u00e9ration affaiblit les Etats-Unis. Les anciens alli\u00e9s doivent donc payer un prix \u00e9lev\u00e9 s\u2019ils veulent continuer \u00e0 b\u00e9n\u00e9ficier de cette position dominante. Les Etats-Unis veulent rester une puissance mondiale, mais sans la responsabilit\u00e9 que cela suppose dans la stabilit\u00e9 du syst\u00e8me international.<\/p>\n<p>   Lire plus tard  <\/p>\n<p>                 Dans quelle mesure les ambitions de Washington au Groenland sont-elles li\u00e9es \u00e0 des pr\u00e9occupations s\u00e9curitaires\u00a0?        <\/p>\n<p class=\"reading-mode-only \"><strong>Il vous reste 83.13% de cet article \u00e0 lire. La suite est r\u00e9serv\u00e9e aux abonn\u00e9s.<\/strong><\/p>\n","protected":false},"excerpt":{"rendered":"Des soldats fran\u00e7ais du 35\u1d49 r\u00e9giment de parachutistes, lors d\u2019un exercice de simulation de combat sur la base&hellip;\n","protected":false},"author":2,"featured_media":659254,"comment_status":"","ping_status":"","sticky":false,"template":"","format":"standard","meta":{"footnotes":""},"categories":[2],"tags":[11,1011,27,12],"class_list":{"0":"post-659253","1":"post","2":"type-post","3":"status-publish","4":"format-standard","5":"has-post-thumbnail","7":"category-actualites","8":"tag-actualites","9":"tag-fr","10":"tag-france","11":"tag-news"},"share_on_mastodon":{"url":"https:\/\/pubeurope.com\/@fr\/115884329865463013","error":""},"_links":{"self":[{"href":"https:\/\/www.europesays.com\/fr\/wp-json\/wp\/v2\/posts\/659253","targetHints":{"allow":["GET"]}}],"collection":[{"href":"https:\/\/www.europesays.com\/fr\/wp-json\/wp\/v2\/posts"}],"about":[{"href":"https:\/\/www.europesays.com\/fr\/wp-json\/wp\/v2\/types\/post"}],"author":[{"embeddable":true,"href":"https:\/\/www.europesays.com\/fr\/wp-json\/wp\/v2\/users\/2"}],"replies":[{"embeddable":true,"href":"https:\/\/www.europesays.com\/fr\/wp-json\/wp\/v2\/comments?post=659253"}],"version-history":[{"count":0,"href":"https:\/\/www.europesays.com\/fr\/wp-json\/wp\/v2\/posts\/659253\/revisions"}],"wp:featuredmedia":[{"embeddable":true,"href":"https:\/\/www.europesays.com\/fr\/wp-json\/wp\/v2\/media\/659254"}],"wp:attachment":[{"href":"https:\/\/www.europesays.com\/fr\/wp-json\/wp\/v2\/media?parent=659253"}],"wp:term":[{"taxonomy":"category","embeddable":true,"href":"https:\/\/www.europesays.com\/fr\/wp-json\/wp\/v2\/categories?post=659253"},{"taxonomy":"post_tag","embeddable":true,"href":"https:\/\/www.europesays.com\/fr\/wp-json\/wp\/v2\/tags?post=659253"}],"curies":[{"name":"wp","href":"https:\/\/api.w.org\/{rel}","templated":true}]}}