{"id":659265,"date":"2026-01-12T21:53:12","date_gmt":"2026-01-12T21:53:12","guid":{"rendered":"https:\/\/www.europesays.com\/fr\/659265\/"},"modified":"2026-01-12T21:53:12","modified_gmt":"2026-01-12T21:53:12","slug":"toulon-voeux-aux-personnalites-par-simon-babre-prefet-du-var","status":"publish","type":"post","link":"https:\/\/www.europesays.com\/fr\/659265\/","title":{"rendered":"TOULON : V\u0153ux aux personnalit\u00e9s par Simon Babre, pr\u00e9fet du Var"},"content":{"rendered":"<p><strong>Le pr\u00e9fet du Var a accueilli un public tr\u00e8s nombreux dans les salons de la pr\u00e9fecture du Var pour ses premiers v\u0153ux adress\u00e9s aux forces vives du d\u00e9partement, un peu plus de 7 mois apr\u00e8s y avoir pris ses fonctions.<\/strong><\/p>\n<p>Derri\u00e8re le pr\u00e9fet s\u2019\u00e9tend Toulon. Une ville qui a su tirer parti de sa rade, qu\u2019elle n\u2019a cess\u00e9 de moderniser, d\u2019adapter, d\u2019ouvrir au monde.<\/p>\n<tr>\n<td style=\"width: 100%;\" width=\"643\"><strong>V\u0153ux aux personnalit\u00e9s<\/strong><\/p>\n<p><strong>Discours de Simon BABRE, Pr\u00e9fet du Var<\/strong><\/p>\n<p><strong>Toulon \u2013 Lundi 12 janvier 2026<\/strong><\/p>\n<\/td>\n<\/tr>\n<p>Jules Michelet \u00e9crivait qu\u2019il n\u2019existait aucune rade \u00ab si belle, si fi\u00e8rement dessin\u00e9e \u00bb. Cette beaut\u00e9 n\u2019est pas seulement g\u00e9ographique : elle est le reflet d\u2019une ambition au service de la Nation.\u00a0Et c\u2019est cette ambition, qui s\u2019\u00e9tend bien entendu \u00e0 tout le Var, que je souhaite partager avec vous ce soir.\u00a0 L\u2019ann\u00e9e qui s\u2019est achev\u00e9e n\u2019a pas manqu\u00e9 de d\u00e9fis. Elle a \u00e9t\u00e9 marqu\u00e9e par des tensions, des \u00e9preuves parfois. Mais elle a aussi \u00e9t\u00e9 jalonn\u00e9e d\u2019actions concr\u00e8tes, de coop\u00e9rations efficaces, de d\u00e9cisions prises et de r\u00e9ussites au service de nos concitoyens. \u00c0 ce titre, la c\u00e9r\u00e9monie des v\u0153ux est pour moi un moment particulier. Elle est \u00e0 la fois un temps de regard lucide sur l\u2019ann\u00e9e \u00e9coul\u00e9e et surtout un temps de projection. J\u2019entends \u00eatre un pr\u00e9fet d\u2019action, car je crois que nos concitoyens ont besoin de r\u00e9sultats. Je crois \u00e9galement n\u00e9cessaire d\u2019inscrire nos politiques dans le temps long. Action rapide et projection dans l\u2019avenir me semblent en effet deux fa\u00e7ons efficaces et compl\u00e9mentaires de pr\u00e9parer l\u2019avenir.<\/p>\n<p><strong>Pour l\u2019ann\u00e9e 2026, je forme pour vous et pour le Var un triple v\u0153u\u00a0:<\/strong><\/p>\n<ul>\n<li>un v\u0153u de r\u00e9silience\u00a0;<\/li>\n<li>un v\u0153u de prosp\u00e9rit\u00e9 et de solidarit\u00e9;<\/li>\n<li>un v\u0153u d\u2019ambition et de modernit\u00e9.<\/li>\n<\/ul>\n<p>Je forme tout d\u2019abord un v\u0153u de r\u00e9silience face aux risques naturels. Nous devons changer de dimension tant les impacts sont amplifi\u00e9s par la multiplication des \u00e9v\u00e9nements m\u00e9t\u00e9orologiques extr\u00eames. Il s\u2019agit de faire de la pr\u00e9vention des risques une force naturelle ancr\u00e9e dans nos pratiques individuelles et collectives.<\/p>\n<p>Le Var dispose d\u2019une culture ancienne de gestion des risques.\u00a0Mais cette culture est aujourd\u2019hui mise \u00e0 l\u2019\u00e9preuve par l\u2019acc\u00e9l\u00e9ration des ph\u00e9nom\u00e8nes climatiques violents.\u00a0Pour la seule ann\u00e9e 2025, notre d\u00e9partement a connu pr\u00e8s d\u2019une centaine d\u2019\u00e9pisodes de vigilance jaune et neuf \u00e9pisodes de vigilance orange.\u00a0Au total, le Var a pass\u00e9 pr\u00e8s d\u2019un tiers de l\u2019ann\u00e9e sous vigilance d\u00e9clench\u00e9e par M\u00e9t\u00e9o France.\u00a0Contrairement \u00e0 ce que certains peuvent en dire, ces donn\u00e9es ne sont pas que th\u00e9oriques. Les inondations du mois de mai ont co\u00fbt\u00e9 la vie \u00e0 3 personnes. Le Var demeure le d\u00e9partement m\u00e9tropolitain le plus concern\u00e9 par l\u2019\u00e9rosion du littoral, tandis que le stress hydrique touche chaque ann\u00e9e davantage de communes et plus seulement celles du Haut-Var.<\/p>\n<p>Face \u00e0 cette \u00e9volution rapide, la pr\u00e9vention doit \u00eatre accentu\u00e9e et plus largement partag\u00e9e.<\/p>\n<p>Elle repose d\u2019abord sur l\u2019action de proximit\u00e9. Les maires et les \u00e9quipes communales en constituent le pilier, et je tiens \u00e0 saluer votre engagement.<\/p>\n<p>Les plans communaux de sauvegarde traduisent cette responsabilit\u00e9 au plus pr\u00e8s des habitants.\u00a0Ils sont aujourd\u2019hui d\u00e9ploy\u00e9s dans 137 communes du Var, ce qui t\u00e9moigne d\u2019un investissement r\u00e9el des maires et des \u00e9quipes municipales. Je forme le v\u0153u que nous puissions\u00a0 parachever cette couverture, afin que chacune des 153 communes du d\u00e9partement dispose d\u2019un outil op\u00e9rationnel et adapt\u00e9 aux risques auxquels elle est expos\u00e9e. Mes \u00e9quipes se tiennent \u00e0 la disposition des maires pour les accompagner.<\/p>\n<p>L\u2019\u00c9tat investit massivement dans la pr\u00e9vention des inondations, structur\u00e9e autour d\u2019une strat\u00e9gie \u00e0 laquelle les communes et les intercommunalit\u00e9s contribuent pleinement.<\/p>\n<p>Cinq programmes d\u2019actions de pr\u00e9vention des inondations sont ainsi aujourd\u2019hui d\u00e9ploy\u00e9s dans le Var. Ils repr\u00e9sentent 244 millions d\u2019euros d\u2019investissements, dont 104 millions financ\u00e9s par l\u2019\u00c9tat.\u00a0Derri\u00e8re ces chiffres, et gr\u00e2ce \u00e0 l\u2019engagement exceptionnel des collectivit\u00e9s ma\u00eetres d\u2019ouvrage, nos concitoyens voient aboutir d\u2019importantes r\u00e9alisations. Cela a par exemple \u00e9t\u00e9 le cas du barrage de l\u2019Asp\u00e9 \u00e0 Saint-Rapha\u00ebl, port\u00e9 par Est\u00e9rel C\u00f4te d\u2019Azur Agglom\u00e9ration, ou du nouveau pont sur la Nartuby, \u00e0 Trans-en-Provence, que j\u2019ai eu l\u2019honneur d\u2019inaugurer en juin et en ao\u00fbt derniers.<\/p>\n<p>D\u2019autres chantiers sont en cours, et aboutiront en 2026.<\/p>\n<p>Je souhaite ici insister, car nos concitoyens n\u2019en sont pas forc\u00e9ment conscients\u00a0: pour leur s\u00e9curit\u00e9, nous sommes en train de modifier fondamentalement la fa\u00e7on dont s\u2019\u00e9coulent nos fleuves m\u00e9diterran\u00e9ens apr\u00e8s avoir observ\u00e9 leurs effets parfois d\u00e9vastateurs et analys\u00e9 ce qu\u2019il convenait de corriger.<\/p>\n<p>Mais, sans attendre la r\u00e9alisation de l\u2019ensemble des actions des PAPI, l\u2019acc\u00e9l\u00e9ration du changement climatique nous oblige \u00e0 r\u00e9fl\u00e9chir d\u00e8s maintenant aux chantiers de demain.<\/p>\n<p>En ce sens, je tiens \u00e0 saluer l\u2019entr\u00e9e en vigueur, en ce d\u00e9but d\u2019ann\u00e9e, du programme d\u2019\u00e9tudes pr\u00e9alables de l\u2019Argens et des c\u00f4tiers de l\u2019Est\u00e9rel. Port\u00e9 par le syndicat mixte de l\u2019Argens dont je salue le pr\u00e9sident, il permettra de d\u00e9finir de nouvelles actions. Je pense notamment \u00e0 la basse vall\u00e9e de l\u2019Argens, souvent expos\u00e9e aux cons\u00e9quences des intemp\u00e9ries.\u00a0N\u00e9anmoins, les projets port\u00e9s par les PAPI ne permettront pas de prot\u00e9ger tout le territoire. Parfois, les ph\u00e9nom\u00e8nes sont d\u2019une telle ampleur et d\u2019une telle violence que nous n\u2019avons d\u2019autres moyens que de d\u00e9placer les habitations. C\u2019est en ce sens que j\u2019ai tenu \u00e0 acc\u00e9l\u00e9rer la d\u00e9cision relative aux 44 maisons du lotissement des Floralies, \u00e0 Fr\u00e9jus, et que nous nous orientons vers l\u2019acquisition d\u2019habitations de l\u2019immeuble Cavald\u2019Or \u00e0 Cavali\u00e8re, au Lavandou.<\/p>\n<p>J\u2019insiste sur cette situation \u00e0 Cavali\u00e8re\u00a0: les permis de construire ont \u00e9t\u00e9 d\u00e9livr\u00e9s en parfaite r\u00e9gularit\u00e9 et l\u2019amont du site n\u2019a fait l\u2019objet d\u2019aucune artificialisation. Le bassin versant du ruisseau ne s\u2019\u00e9tend que sur 1\u00a0800 m\u00e8tres entre la ligne de cr\u00eate et le lotissement. Pourtant, la crue du 20 mai s\u2019est produite \u00e0 la suite de pr\u00e9cipitations exceptionnelles de 255\u00a0mm en seulement trois heures, alors m\u00eame que la probabilit\u00e9 d\u2019un tel ph\u00e9nom\u00e8ne \u00e9tait estim\u00e9e \u00e0 \u00ab\u00a0une chance sur 250\u00a0\u00bb, soit une dur\u00e9e de retour de 250\u00a0ans, bien plus longue que la crue centennale.<\/p>\n<p>C\u2019est \u00e0 ces risques d\u2019une ampleur nouvelle que notre d\u00e9partement est d\u00e9sormais confront\u00e9. Il nous revientd\u2019adapter nos politiques publiques \u00e0 cette nouvelle donne, en responsabilit\u00e9.<\/p>\n<p>Il en va de m\u00eame des feux de for\u00eats qui appellent la mobilisation la plus large possible.<\/p>\n<p>Avec plus de 180 d\u00e9parts de feu pour le seul \u00e9t\u00e9 2025, le Var reste particuli\u00e8rement expos\u00e9.<\/p>\n<p>Je veux \u00e0 cet instant rendre hommage aux sapeurs-pompiers, professionnels et volontaires, dont l\u2019engagement exemplaire a permis de limiter les surfaces br\u00fbl\u00e9es par ces 180 d\u00e9parts de feu. Au-del\u00e0 des feux de for\u00eats, les sapeurs-pompiers sont intervenus de tr\u00e8s nombreuses fois en 2025, pour l\u2019essentiel pour des situations sanitaires : ils sont intervenus pr\u00e8s de 123 000 fois et ont trait\u00e9 pr\u00e8s de 490 000 appels. Merci \u00e0 eux, merci \u00e0 Monsieur le Pr\u00e9sident du conseil d\u2019administration du SDIS et merci \u00e0 Monsieur le Contr\u00f4leur g\u00e9n\u00e9ral \u00c9ric Grohin.\u00a0Cette lutte contre les feux repose aussi sur un travail collectif, associant la DDTM, l\u2019Office national des for\u00eats, l\u2019Office fran\u00e7ais de la biodiversit\u00e9, le conseil d\u00e9partemental, la chambre d\u2019agriculture, les communes, les CCFF et l\u2019ensemble des partenaires concern\u00e9s.<\/p>\n<p>Je les remercie pour leur mobilisation constante. Les 6 plans de pr\u00e9vention des incendies de for\u00eat que compte notre d\u00e9partement en sont une illustration.<\/p>\n<p>La pr\u00e9vention des feux de for\u00eat implique, enfin, chaque citoyen. Dans cette logique de responsabilit\u00e9 partag\u00e9e, apr\u00e8s plusieurs mois de concertation dont je remercie les parties prenantes, j\u2019ai sign\u00e9 en octobre dernier un nouvel arr\u00eat\u00e9 relatif aux obligations l\u00e9gales de d\u00e9broussaillement. Il revient d\u00e9sormais \u00e0 chaque propri\u00e9taire concern\u00e9\u00a0de r\u00e9aliser le d\u00e9broussaillement appropri\u00e9. Le travail de p\u00e9dagogie sur ces nouvelles r\u00e8gles applicables est en cours, et je remercie la DDTM et l\u2019ONF pour leur engagement.<\/p>\n<p>L\u00e0 aussi, il nous faudra aller plus loin. Nous allons travailler, en 2026, pour mieux faire le lien entre OLD et valorisation de la ressource bois, afin d\u2019int\u00e9resser les propri\u00e9taires \u00e0 la mise en \u0153uvre de ces obligations. Il y a en effet mati\u00e8re \u00e0 r\u00e9concilier obligation r\u00e9glementaire, enjeux \u00e9nerg\u00e9tiques et croissance \u00e9conomique dans une logique gagnant-gagnant entre tous les acteurs : c\u2019est l\u2019un de mes objectifs pour 2026.\u00a0L\u2019adaptation des moyens op\u00e9rationnels de l\u2019\u00c9tat pour faire face \u00e0 l\u2019intensification des crises est \u00e9galement un pilier de la strat\u00e9gie de pr\u00e9vention dont je souhaite la mise en \u0153uvre.<\/p>\n<p>C\u2019est pourquoi les services de l\u2019\u00c9tat poursuivent \u00e9galement leur propre transformation.<\/p>\n<p>Le lancement ici \u00e0 la pr\u00e9fecture il y a quelques jours des travaux du futur centre op\u00e9rationnel d\u00e9partemental, pour un montant de 1,3 million d\u2019euros, dotera en 2027 le Var d\u2019un outil de gestion de crise moderne, capable de r\u00e9pondre \u00e0 des situations plus fr\u00e9quentes et plus complexes. Je tiens \u00e0 remercier le minist\u00e8re de l\u2019Int\u00e9rieur et l\u2019ensemble des agents engag\u00e9s dans ce projet essentiel pour la s\u00e9curit\u00e9 des Varois.\u00a0Au-del\u00e0 de la s\u00e9curit\u00e9 des Varois, pr\u00e9venir les risques et notamment les feux de for\u00eat, est aussi un enjeu de pr\u00e9servation de notre patrimoine naturel. La biodiversit\u00e9 varoise est exceptionnelle\u00a0: 50\u00a0% des esp\u00e8ces de l\u2019hexagone sont pr\u00e9sentes dans le d\u00e9partement. Nous avons donc collectivement une responsabilit\u00e9 particuli\u00e8re.<\/p>\n<p>C\u2019est la raison pour laquelle notre mobilisation collective pour la cr\u00e9ation d\u2019aires prot\u00e9g\u00e9es se poursuivra en 2026. Apr\u00e8s les parcs naturels r\u00e9gionaux du Verdon et de la Sainte-Baume, le projet de parc naturel r\u00e9gional des Maures, de l\u2019Est\u00e9rel et du Tanneron, initiative port\u00e9e par le conseil r\u00e9gional dans une zone de vuln\u00e9rabilit\u00e9 encore marqu\u00e9e par l\u2019incendie de Gonfaron en 2021 ou par les feux \u00e0 r\u00e9p\u00e9tition dans l\u2019Est\u00e9rel, franchira d\u2019importantes \u00e9tapes en 2026. Nous veillerons \u00e0 ce que ce cadre soit protecteur, sans nuire aux acteurs \u00e9conomiques et notamment aux agriculteurs qui y sont install\u00e9s.<\/p>\n<p>C\u2019est aussi au titre de cette n\u00e9cessaire protection que les projets de classement de la Sainte-Baume, du Gros Cerveau et du Massif de l\u2019Est\u00e9rel franchiront en 2026 des \u00e9tapes d\u00e9cisives, de m\u00eame que la labellisation comme \u00ab\u00a0Grand site\u00a0de France\u00a0\u00bb des Gorges du Verdon.<\/p>\n<p>C\u00f4t\u00e9 biodiversit\u00e9 marine, l\u2019action des \u00e9quipes du Parc national de Port-Cros est \u00e9galement d\u00e9terminante, et je tiens \u00e0 saluer leur action \u00e0 travers sa directrice Sophie-Doroth\u00e9e Duron qui \u0153uvre \u00e0 la conciliation des enjeux de biodiversit\u00e9 et de d\u00e9veloppement, notamment touristique.<\/p>\n<p><strong>Sur les enjeux de protection, notre doctrine se veut pragmatique\u00a0:<\/strong> c\u2019est en entretenant nos espaces m\u00e9diterran\u00e9ens si fragiles et si riches que nous les pr\u00e9serverons. C\u2019est la raison pour laquelle nous affirmons que le travail des agriculteurs contribue \u00e0 pr\u00e9venir les feux de for\u00eat et donc \u00e0 prot\u00e9ger la biodiversit\u00e9\u00a0; que l\u2019exploitation foresti\u00e8re, l\u2019entretien des pistes DFCI et les coupes durables sont absolument indispensables, pour la bonne sant\u00e9 et la p\u00e9rennit\u00e9 de la for\u00eat varoise.<\/p>\n<p>Vous le voyez, nous avons beaucoup \u00e0 faire en mati\u00e8re de pr\u00e9vention des risques naturels, th\u00e9matique qui impose que nous soyons unis, coh\u00e9rents et innovants. Un beau programme en perspective pour 2026\u00a0!<\/p>\n<p>Le deuxi\u00e8me v\u0153u que je forme est un v\u0153u de prosp\u00e9rit\u00e9 et de solidarit\u00e9, pour faire du Var un d\u00e9partement s\u00fbr et attractif.<\/p>\n<p>Pour cela, garantir l\u2019ordre et la s\u00e9curit\u00e9 de nos concitoyens, en tout temps et en tout lieu, doit \u00eatre la boussole de notre action.\u00a0Cette mission repose avant tout sur l\u2019engagement quotidien des forces de l\u2019ordre, policiers et gendarmes, appuy\u00e9s par les polices municipales, qui assurent, avec professionnalisme, la protection des personnes et des biens sur l\u2019ensemble du d\u00e9partement. Je tiens \u00e0 saluer leur action, toujours plus essentielle, au service de la tranquillit\u00e9 et de la s\u00e9curit\u00e9 des Varoises et des Varois.<\/p>\n<p>Et les r\u00e9sultats sont l\u00e0. En 2025, les atteintes aux biens enregistrent une baisse l\u00e9g\u00e8re de 0,4\u00a0% tandis que le nombre de cambriolages diminue de 8\u00a0%, apr\u00e8s une ann\u00e9e 2024 qui avait \u00e9t\u00e9 tr\u00e8s bonne.<\/p>\n<p>Par leur pr\u00e9sence sur le terrain, y compris dans des situations difficiles, policiers et gendarmes ont par ailleurs permis de contenir les ph\u00e9nom\u00e8nes violents. Merci \u00e0 eux, merci au directeur interd\u00e9partemental de la police nationale, le contr\u00f4leur g\u00e9n\u00e9ral J\u00e9r\u00f4me Martin, et au commandant du groupement d\u00e9partemental de la gendarmerie nationale, le colonel Gr\u00e9gory Goumain.<\/p>\n<p>Je veux que le travail des policiers et des gendarmes soit reconnu. Les infractions qu\u2019ils rel\u00e8vent doivent \u00eatre suivies d\u2019effet, sur le plan judiciaire, sous l\u2019autorit\u00e9 des parquets, mais aussi sur le plan administratif, avec les mesures que prennent\u00a0 les services de l\u2019\u00c9tat, sous mon autorit\u00e9.<\/p>\n<p>C\u2019est ainsi qu\u2019en 2025, sur la base des dispositions de la loi du 26 janvier 2024 pour contr\u00f4ler l\u2019immigration et am\u00e9liorer l\u2019int\u00e9gration, la pr\u00e9fecture a d\u00e9grad\u00e9, retir\u00e9 ou refus\u00e9 des titres de s\u00e9jour pour 250 \u00e9trangers en situation r\u00e9guli\u00e8re sur notre territoire mais auteurs d\u2019infractions. Tout \u00e9cart au devoir d\u2019exemplarit\u00e9, au respect d\u00fb aux r\u00e8gles et valeurs de la R\u00e9publique, donnant lieu au relev\u00e9 d\u2019infractions par les policiers et les gendarmes, doit trouver une traduction administrative imm\u00e9diate.<\/p>\n<p>Sur le narcotrafic, j\u2019ai souhait\u00e9 que la r\u00e9ponse de l\u2019\u00c9tat soit claire et ferme\u00a0: aucun territoire ne doit devenir un angle mort de la R\u00e9publique.<\/p>\n<p>L\u2019ann\u00e9e 2025 a marqu\u00e9 un tournant avec l\u2019adoption de la loi visant \u00e0 sortir la France du\u00a0narcotrafic du 13 juin 2025, qui renforce de mani\u00e8re significative l\u2019arsenal juridique afin d\u2019harceler les trafiquants.<\/p>\n<p>Sous mon autorit\u00e9, cette mobilisation s\u2019est traduite par 40 interdictions de para\u00eetre prononc\u00e9es, 13 demandes d\u2019expulsion adress\u00e9es aux bailleurs et la fermeture de 4 commerces servant de base arri\u00e8re \u00e0 des activit\u00e9s li\u00e9es au narcotrafic. Zones urbaines comme communes rurales sont concern\u00e9es.<\/p>\n<p>Ces mesures administratives s\u2019inscrivent dans une action globale qui mobilise l\u2019ensemble des services de l\u2019\u00c9tat\u00a0: forces de s\u00e9curit\u00e9, services de renseignement, inspection du travail, services fiscaux. Elles reposent surtout sur une coop\u00e9ration \u00e9troite avec l\u2019autorit\u00e9 judiciaire dont je me f\u00e9licite. Je souhaite \u00e0 ce titre remercier Messieurs les procureurs de Toulon et de Draguignan pour la qualit\u00e9 du travail conduit en commun.<\/p>\n<p>Notre objectif est clair\u00a0: faire en sorte que le crime ne paie plus et que la R\u00e9publique affirme sa place partout. C\u2019est dans cette m\u00eame logique que je me suis engag\u00e9 dans la lutte contre la fraude, qui constitue une trahison de notre mod\u00e8le r\u00e9publicain.<\/p>\n<p>C\u2019est dans cette logique que je me f\u00e9licite de la signature de la convention entre les forces de l\u2019ordre, la CAF du Var et les parquets de Toulon et Draguignan permettant le signalement des revenus ill\u00e9gaux dans le calcul des droits sociaux, afin de le rectifier et ainsi d\u2019ordonner des recouvrements d\u2019indus et des sanctions.<\/p>\n<p>C\u2019est dans cette logique de lutte syst\u00e9matique contre la fraude que j\u2019ai ordonn\u00e9 la fermeture de 62 \u00e9tablissements en 2025, gr\u00e2ce aux constats de la douane, de la DDPP, de l\u2019inspection du travail et du service d\u00e9partemental de la jeunesse et des sports. \u00c0 chaque fois, je communique sur ces mesures, car il est important que les fraudeurs soient cit\u00e9s comme contre-exemples et que les consommateurs soient inform\u00e9s.<\/p>\n<p>Cette action s\u2019inscrit dans un continuum visant \u00e0 pr\u00e9venir les ph\u00e9nom\u00e8nes de d\u00e9linquance et \u00e0 reconqu\u00e9rir durablement le cadre de vie. Je veux \u00e0 ce titre remercier les bailleurs sociaux pour la qualit\u00e9 de notre collaboration.<\/p>\n<p>Les bailleurs le savent\u00a0: je suis tr\u00e8s attentif aux d\u00e9fauts d\u2019entretien et aux d\u00e9lais de r\u00e9paration excessifs. Je ne me prive pas de leur rappeler leur devoir lorsque c\u2019est n\u00e9cessaire.<\/p>\n<p>Enfin, et de la m\u00eame fa\u00e7on, les services de l\u2019\u00c9tat sont particuli\u00e8rement fermes en mati\u00e8re de lutte contre l\u2019immigration clandestine. En 2025, 315 \u00e9trangers en situation irr\u00e9guli\u00e8re ont \u00e9t\u00e9 \u00e9loign\u00e9s, soit une hausse de 9\u00a0% par rapport \u00e0 l\u2019ann\u00e9e pr\u00e9c\u00e9dente.<\/p>\n<p>La s\u00e9curit\u00e9 des Varoises et des Varois, c\u2019est aussi la s\u00e9curit\u00e9 du patrimoine naturel, son respect, sa pr\u00e9servation et donc le respect des r\u00e8gles d\u2019urbanisme.<\/p>\n<p>\u00c0 la suite de mes pr\u00e9d\u00e9cesseurs, j\u2019ai d\u00e9j\u00e0 eu l\u2019occasion de le dire, mais je tiens \u00e0 le rappeler ce soir\u00a0: la cabanisation constitue un fl\u00e9au majeur. Elle d\u00e9grade nos paysages, fragilise les \u00e9quilibres fonciers et amplifie les risques naturels, en particulier le risque incendie.<\/p>\n<p>Ici aussi, l\u2019arsenal juridique dont nous disposons collectivement a \u00e9t\u00e9 enrichi\u00a0par la loi de simplification du droit de l\u2019urbanisme, adopt\u00e9e le 26 novembre dernier. Ind\u00e9pendamment des poursuites p\u00e9nales, les maires ou les pr\u00e9sidents d\u2019intercommunalit\u00e9s, et le pr\u00e9fet par substitution, peuvent d\u00e9sormais ordonner le paiement d\u2019une amende pouvant atteindre 30\u00a0000\u00a0euros, ou mettre en demeure l\u2019auteur de l\u2019infraction de proc\u00e9der \u00e0 une remise en \u00e9tat ou \u00e0 une r\u00e9gularisation.<\/p>\n<p>Il s\u2019agit d\u2019une v\u00e9ritable rupture, dont je souhaite que nous nous emparions collectivement pour amplifier une mobilisation d\u00e9j\u00e0 largement engag\u00e9e. Je sais l\u2019engagement de Messieurs les pr\u00e9sidents de l\u2019association des maires du Var et de l\u2019association des maires ruraux, ainsi que de plusieurs maires sur le sujet.<\/p>\n<p>Au-del\u00e0 de la police administrative, plusieurs mesures viennent r\u00e9pondre \u00e0 une autre attente des \u00e9lus comme des acteurs \u00e9conomiques et des Varois\u00a0: la simplification des proc\u00e9dures d\u2019urbanisme souvent complexes, freinant la capacit\u00e9 \u00e0 entreprendre\u00a0: la g\u00e9n\u00e9ralisation de la participation du public par voie \u00e9lectronique, le permis d\u2019am\u00e9nager multi-sites ou encore la r\u00e9duction \u00e0 un mois du d\u00e9lai de recours gracieux sans effet suspensif contribueront \u00e0 lib\u00e9rer les volont\u00e9s d\u2019entreprendre, et je sais qu\u2019elles existent dans notre d\u00e9partement\u00a0!<\/p>\n<p>Nous le devons aux chefs d\u2019entreprise \u00e0 qui nous devons donner toutes les cl\u00e9s pour qu\u2019ils contribuent au d\u00e9veloppement du territoire, \u00e0 la cr\u00e9ation d\u2019emplois et de richesses. Les indicateurs \u00e9conomiques du 3e trimestre 2025 sont d\u2019ailleurs tr\u00e8s encourageants.<\/p>\n<p>Enfin, nous devons faire vivre la R\u00e9publique sociale en renfor\u00e7ant l\u2019acc\u00e8s aux services publics et en soutenant les plus vuln\u00e9rables.<\/p>\n<p>L\u2019\u00e9galit\u00e9 d\u2019acc\u00e8s aux services publics est un pilier de la promesse r\u00e9publicaine. Le d\u00e9partement compte aujourd\u2019hui 31 France Services, bient\u00f4t renforc\u00e9s par l\u2019ouverture d\u2019une nouvelle structure \u00e0 La Valette-du-Var, au c\u0153ur d\u2019une zone d\u2019activit\u00e9 \u00e9conomique, avec des horaires \u00e9largis et adapt\u00e9s aux salari\u00e9s et aux chefs d\u2019entreprise. En int\u00e9grant les antennes, ce sont d\u00e9sormais 48 espaces qui maillent le territoire.<\/p>\n<p>Autre pilier essentiel de la promesse r\u00e9publicaine\u00a0: l\u2019acc\u00e8s aux soins. Je tiens \u00e0 remercier tous les soignants pour leur r\u00f4le, avec une pens\u00e9e particuli\u00e8re pour les personnels hospitaliers particuli\u00e8rement sollicit\u00e9s et qui ont connu des chocs importants ces derniers temps\u00a0; je pense notamment \u00e0 ceux du service des urgences de Hy\u00e8res.<\/p>\n<p>Notre d\u00e9partement souffre des nombreux d\u00e9parts \u00e0 la retraite de m\u00e9decins g\u00e9n\u00e9ralistes, alors que les effets de la lib\u00e9ralisation du numerus clausus ne se feront sentir que dans plusieurs ann\u00e9es. Plusieurs actions volontaristes sont en cours, et je remercie l\u2019agence r\u00e9gionale de sant\u00e9 (ARS) pour son investissement. Pr\u00e8s de cinquante m\u00e9decins g\u00e9n\u00e9ralistes se sont ainsi port\u00e9 volontaires pour accueillir, d\u00e8s novembre 2026, des docteurs juniors de quatri\u00e8me ann\u00e9e. Je forme le v\u0153u que nous sachions collectivement cr\u00e9er les conditions d\u2019un accueil attractif, afin de favoriser leur installation durable dans le Var.<\/p>\n<p>Souhait\u00e9 par le Premier ministre, le dispositif France Sant\u00e9 conna\u00eet \u00e9galement un d\u00e9marrage prometteur. Dans le Var, 18 structures ont \u00e9t\u00e9 labellis\u00e9es. Fond\u00e9e sur des crit\u00e8res exigeants (ouverture cinq jours sur sept a minima, pr\u00e9sence d\u2019un infirmier en plus des g\u00e9n\u00e9ralistes, absence de d\u00e9passements d\u2019honoraires, participation active au service d\u2019acc\u00e8s aux soins) cette reconnaissance affirme une priorit\u00e9 simple\u00a0: renforcer la proximit\u00e9 et garantir \u00e0 chacun un acc\u00e8s effectif \u00e0 une offre de soins de qualit\u00e9. Les structures labellis\u00e9es b\u00e9n\u00e9ficieront d\u2019une aide financi\u00e8re de l\u2019\u00c9tat d\u00e8s que la loi de finances aura pu \u00eatre vot\u00e9e.<\/p>\n<p>L\u2019acc\u00e8s \u00e0 la culture est \u00e9galement une condition de la r\u00e9alisation de la promesse r\u00e9publicaine. En donnant acc\u00e8s \u00e0 la cr\u00e9ation artistique sous toutes ses formes, au beau, la culture participe de la coh\u00e9sion sociale de notre territoire.<\/p>\n<p>Je remercie \u00e0 ce titre tous les acteurs culturels pr\u00e9sents ce soir, tous ceux qui permettent de rapprocher l\u2019art de ceux qui en sont le plus \u00e9loign\u00e9s. Ils sont des passeurs, des interm\u00e9diaires, de notre histoire, comme de nos valeurs humanistes et r\u00e9publicaines.<\/p>\n<p>Je n\u2019oublie pas les acteurs du sport, puissant facteur d\u2019int\u00e9gration et de coh\u00e9sion sociale. Il n\u2019y avait qu\u2019\u00e0 observer la joie au stade Mayol hier apr\u00e8s-midi pour en \u00eatre convaincu.<\/p>\n<p>Enfin, je forme pour notre d\u00e9partement un v\u0153u d\u2019ambition et de modernit\u00e9 alors qu\u2019il accueille et va accueillir des projets importants, parmi les plus dimensionnant du pays.<\/p>\n<p>Le Var est attractif. D\u00e9mographiquement, nous sommes le 10e d\u00e9partement le plus dynamique, avec une croissance de 0,9\u00a0% l\u2019an pass\u00e9, \u00e0 rebours d\u2019une majeure partie du territoire national.<\/p>\n<p>C\u2019est le fruit de notre climat et de notre action collective. C\u2019est aussi une opportunit\u00e9 pour l\u2019ambition que nous portons.<\/p>\n<p>Dans le Var, l\u2019\u00c9tat s\u2019engage dans d\u2019importants projets, signe de sa destin\u00e9e nationale.<\/p>\n<p>L\u2019un des symboles les plus forts de cette ambition partag\u00e9e est le porte-avions de nouvelle g\u00e9n\u00e9ration. Outil de notre sup\u00e9riorit\u00e9 op\u00e9rationnelle, il renforcera l\u2019ancrage de Toulon, du Var et des 31\u00a0000 personnels du minist\u00e8re des Arm\u00e9es qu\u2019il accueille au c\u0153ur de la souverainet\u00e9 nationale. Ainsi que l\u2019a rappel\u00e9 le Pr\u00e9sident de la R\u00e9publique, \u00ab\u00a0\u00e0 l\u2019heure des pr\u00e9dateurs, nous devons \u00eatre forts pour \u00eatre craints\u00a0\u00bb.<\/p>\n<p>Je tiens \u00e0 saluer ici les militaires pr\u00e9sents dans le d\u00e9partement, qui adaptent leur pr\u00e9paration op\u00e9rationnelle comme leurs \u00e9quipements aux bouleversements g\u00e9opolitiques en cours. Nous sommes tr\u00e8s fiers de les avoir parmi nous et les services de l\u2019\u00c9tat s\u2019engagent pour accompagner leurs projets et assurer leur s\u00e9curit\u00e9.<\/p>\n<p>Je tiens \u00e0 remercier l\u2019Amiral Christophe Lucas, ainsi que le g\u00e9n\u00e9ral commandant les \u00e9coles de Draguignan, le colonel d\u00e9l\u00e9gu\u00e9 militaire d\u00e9partemental et les colonels commandant les r\u00e9giments pr\u00e9sents dans le d\u00e9partement pour la qualit\u00e9 de notre coop\u00e9ration.<\/p>\n<p>L\u2019arriv\u00e9e du nouveau porte-avions ne sera pas neutre pour notre territoire.<\/p>\n<p>D\u2019ici 2038, dans le cadre du grand chantier, et plus globalement dans le cadre de l\u2019accroissement de l\u2019effort de D\u00e9fense, ce sont des transformations profondes qu\u2019il nous faudra anticiper et accompagner\u00a0: un choc d\u2019offre en mati\u00e8re de d\u00e9mographie scolaire, de formation, de mobilit\u00e9s, de comp\u00e9tences, mais aussi de sous-traitance industrielle.<\/p>\n<p>Ce travail d\u2019anticipation sera conduit en lien \u00e9troit avec la pr\u00e9fecture maritime et les \u00e9lus, les acteurs \u00e9conomiques, les responsables institutionnels que vous \u00eates auront un r\u00f4le d\u00e9terminant \u00e0 jouer pour faire de cette \u00e9ch\u00e9ance une opportunit\u00e9 durable de d\u00e9veloppement pour le Var.<\/p>\n<p>Et comme le regard vers l\u2019avenir est le premier temps de l\u2019action, nous travaillons \u00e0 structurer les r\u00e9seaux d\u2019acteurs \u00e9conomiques qui sont au c\u0153ur de ces fili\u00e8res. Dans les prochaines semaines, je r\u00e9unirai l\u2019ensemble des repr\u00e9sentants \u00e9conomiques de la fili\u00e8re maritime pour identifier les actions de d\u00e9veloppement prioritaires et l\u2019accompagnement qui peut \u00eatre celui de l\u2019\u00c9tat.<\/p>\n<p>Ce projet illustre la compl\u00e9mentarit\u00e9 entre l\u2019identit\u00e9 militaire du d\u00e9partement et le d\u00e9veloppement \u00e9conomique. Dans le r\u00e9seau de ce qu\u2019on appelle d\u00e9sormais la \u00ab\u00a0base industrielle et technologique de d\u00e9fense, la BITD\u00a0\u00bb, 617 fournisseurs et 85 sous-traitants de l\u2019armement sont dans le Var, repr\u00e9sentant 6\u00a0000 emplois.<\/p>\n<p>Le d\u00e9marrage prochain du chantier de la nouvelle usine de drones navals de Naval Group \u00e0 La Londes-les-Maures sera l\u2019illustration de l\u2019ambition du Var en 2026.<\/p>\n<p>Garantir la disponibilit\u00e9 des comp\u00e9tences sur le territoire est \u00e0 ce titre indispensable\u00a0: le r\u00f4le de l\u2019universit\u00e9 de Toulon et du Var, v\u00e9ritable universit\u00e9 duale, est central et je salue l\u2019action de son Pr\u00e9sident. Notre engagement pour l\u2019installation d\u2019une nouvelle \u00e9cole d\u2019ing\u00e9nieurs \u00e0 Toulon, parrain\u00e9e par l\u2019\u00c9cole des Mines, s\u2019inscrit dans la m\u00eame dynamique.<\/p>\n<p>Je salue aussi la cr\u00e9ation d\u2019une soci\u00e9t\u00e9 portuaire pour penser, organiser et financer le d\u00e9veloppement du port de commerce de Toulon et remercie les pr\u00e9sidents de la CCI, du conseil r\u00e9gional et du conseil d\u00e9partemental pour l\u2019ambition et l\u2019esprit de responsabilit\u00e9 dont ils font preuve.<\/p>\n<p>Dans un d\u00e9partement \u00e0 la fois urbain et profond\u00e9ment rural, la question des mobilit\u00e9s est centrale. Elle conditionne l\u2019acc\u00e8s \u00e0 l\u2019emploi et aux soins, aux services et aux \u00e9quipements. Elle permet d\u2019\u00e9viter l\u2019enclavement, de maintenir le lien entre les communes et de pr\u00e9venir le repli sur soi.<\/p>\n<p>L\u2019engagement de l\u2019\u00c9tat est particuli\u00e8rement fort. Je pense notamment \u00e0 la Ligne Nouvelle Provence \u2013 C\u00f4te d\u2019Azur, LNPCA, qui figure parmi les projets les plus structurants du pays, voire du continent. Je signale \u00e0 ce titre que la Commission europ\u00e9enne investit au total 53 millions d\u2019euros au b\u00e9n\u00e9fice des projets LNPCA, sur un total de 668 millions d\u2019euros d\u2019investissement pour les phases 1 et 2. Ils traduisent notre volont\u00e9 de renforcer l\u2019attractivit\u00e9 du territoire, tout en r\u00e9pondant \u00e0 un enjeu essentiel de solidarit\u00e9.<\/p>\n<p>L\u2019\u00e9largissement de l\u2019A57 \u00e0 l\u2019entr\u00e9e de Toulon, avec sa voie r\u00e9serv\u00e9e aux transports en commun\u00a0; le d\u00e9veloppement des lignes de covoiturage, comme celle reliant Cuers \u00e0 Toulon, financ\u00e9e \u00e0 50\u00a0% par l\u2019\u00c9tat via le Fonds vert\u00a0; le p\u00f4le d\u2019\u00e9change multimodal de Hy\u00e8res repr\u00e9sentant un financement de 24 millions d\u2019euros, ou enfin le BHNS de l\u2019agglom\u00e9ration toulonnaise repr\u00e9sentant 334 millions d\u2019euros d\u2019investissement au total, dont 40 millions apport\u00e9s par l\u2019\u00c9tat, illustrent la volont\u00e9 de tenir compte de toutes les mobilit\u00e9s et d\u2019agir pour leur compl\u00e9mentarit\u00e9.<\/p>\n<p>Le soutien financier de l\u2019\u00c9tat aux mobilit\u00e9s passe \u00e9galement par la reconnaissance du travail des collectivit\u00e9s sur les mobilit\u00e9s. J\u2019en veux pour preuve la fraction de la taxe sur l\u2019exploitation d\u2019infrastructures de transport de longue distance qui vient d\u2019\u00eatre r\u00e9attribu\u00e9e \u00e0 plusieurs d\u2019entre elles. Pour le conseil d\u00e9partemental et les 12 intercommunalit\u00e9s du d\u00e9partement, cela repr\u00e9sente pr\u00e8s d\u2019un million d\u2019euros.<\/p>\n<p>Vous le voyez, le Var ne manque pas de projets.<\/p>\n<p>Cette ambition est notamment permise par l\u2019engagement de l\u2019\u00c9tat, notamment son engagement financier, qui soutient les grands projets structurants comme les initiatives locales innovantes.<\/p>\n<p><strong>\u00a0<\/strong>Dans le Var, l\u2019\u00c9tat investit, et fortement.<\/p>\n<p>En 2025, 177 millions d\u2019euros ont \u00e9t\u00e9 vers\u00e9s par l\u2019\u00c9tat aux acteurs publics du d\u00e9partement, dont 68 millions d\u2019euros directement consacr\u00e9s \u00e0 l\u2019investissement.<\/p>\n<p>C\u2019est un montant exceptionnel.<\/p>\n<p>Sur les financements \u00e0 la main de la seule pr\u00e9fecture (DSIL, DETR, DSID, Fonds vert et FNADT), plus de 31 millions d\u2019euros ont \u00e9t\u00e9 vers\u00e9s en 2025, soit une augmentation de 33\u00a0% par rapport \u00e0 2024.<\/p>\n<p>Le Fonds vert en est l\u2019illustration embl\u00e9matique. \u00c0 lui seul, il repr\u00e9sente dans le Var plus de 10 millions de financements en 2025, dont pr\u00e8s de 90\u00a0% exclusivement d\u00e9di\u00e9s \u00e0 de l\u2019investissement.<\/p>\n<p>Ces montants sont trop peu valoris\u00e9s et souvent masqu\u00e9s par les pol\u00e9miques et les discours r\u00e9ducteurs sur un suppos\u00e9 d\u00e9sengagement de l\u2019\u00c9tat. Pour que nos concitoyens puissent en prendre la mesure, la pr\u00e9fecture met en \u0153uvre sur son site internet une solution qui leur permettra de conna\u00eetre les montants investis par l\u2019\u00c9tat sur le territoire de leur choix, qu\u2019il soit communal, intercommunal ou d\u00e9partemental.<\/p>\n<p>C\u2019est un enjeu de transparence, mais aussi un enjeu d\u00e9mocratique.<\/p>\n<p>L\u2019un des usages les plus structurants du Fonds vert concerne la transformation et la valorisation de notre agriculture, \u00e0 travers la structuration d\u2019une fili\u00e8re alimentaire locale au c\u0153ur de notre souverainet\u00e9 et de notre coh\u00e9sion.<\/p>\n<p>Les rencontres territoriales organis\u00e9es en 2025 \u00e0 Saint-Maximin et \u00e0 Brignoles ont d\u00e9montr\u00e9 la force de la mobilisation collective en faveur d\u2019une alimentation locale, durable et solidaire.<\/p>\n<p>Avec le conseil d\u00e9partemental et la chambre d\u2019agriculture, nous avons fait un choix clair\u00a0: celui de la souverainet\u00e9 alimentaire. C\u2019est avec cette boussole que l\u2019\u00c9tat finance une \u00e9tude visant \u00e0 d\u00e9finir un mod\u00e8le \u00e9conomique permettant de rapprocher les producteurs locaux de la restauration scolaire et d\u2019aller vers une plus grande diversification de la production agricole.<\/p>\n<p>C\u2019est au nom de cette volont\u00e9 que la premi\u00e8re rencontre entre intendants, chefs de cantine et chambre d\u2019agriculture aura lieu vendredi au coll\u00e8ge de Roquebrune-sur-Argens. Il y en aura 5 autres.<\/p>\n<p>D\u00e8s que la loi de finances pour 2026 aura pu \u00eatre vot\u00e9e, nos agriculteurs pourront porter des projets en ce sens et b\u00e9n\u00e9ficier d\u2019aides sp\u00e9cifiques. 30 millions d\u2019euros viendront en effet compl\u00e9ter les plans structurels \u00ab\u00a0agriculture m\u00e9diterran\u00e9enne\u00a0\u00bb et \u00ab\u00a0prot\u00e9ines\u00a0\u00bb. Le fonds hydraulique sera quant \u00e0 lui tripl\u00e9, \u00e0 60 millions d\u2019euros.<\/p>\n<p>Notre engagement pour la fili\u00e8re agricole vise aussi \u00e0 mieux les outiller contre les esp\u00e8ces invasives destructrices pour les exploitations.<\/p>\n<p>C\u2019est ainsi que la pr\u00e9fecture organisera dans les prochaines semaines un comit\u00e9 de pilotage d\u00e9partemental d\u00e9di\u00e9 \u00e0 la lutte contre ces esp\u00e8ces envahissantes.<\/p>\n<p>Il s\u2019agit d\u2019une organisation qui n\u2019a pas de pr\u00e9c\u00e9dent dans notre pays pour traiter l\u2019une des cons\u00e9quences du d\u00e9r\u00e8glement climatique qu\u2019il nous faut juguler au plus t\u00f4t pour prot\u00e9ger nos agriculteurs et leurs productions. Je remercie l\u2019OFB pour le r\u00f4le de chef de file qu\u2019il a accept\u00e9 d\u2019assurer.<\/p>\n<p>Enfin, la prosp\u00e9rit\u00e9 de notre d\u00e9partement d\u00e9pend aussi de sa capacit\u00e9 \u00e0 accueillir. Le d\u00e9veloppement du logement, et en particulier celui du logement social, restent indispensables au logement d\u00e9cent et \u00e0 l\u2019accueil de nouvelles familles.<\/p>\n<p>Ici aussi, l\u2019\u00c9tat est sur le pont. En 2025, ce sont 2\u00a0212 logements sociaux qui ont \u00e9t\u00e9 agr\u00e9\u00e9s dans le Var, soit le chiffre le plus important depuis 2018, le meilleur chiffre depuis 7\u00a0ans.<\/p>\n<p>Face \u00e0 la pression fonci\u00e8re, j\u2019invite les maires \u00e0 soutenir la dynamique vertueuse de construction et de r\u00e9habilitation, rendue possible par le renforcement tr\u00e8s significatif des aides de l\u2019\u00c9tat. Le montant des aides vers\u00e9es par l\u2019\u00c9tat au titre de la politique du logement ont atteint cette ann\u00e9e le chiffre record de 5,7 millions d\u2019euros.<\/p>\n<p>Je veux enfin rappeler une r\u00e9alit\u00e9 trop souvent m\u00e9connue\u00a0: le logement social b\u00e9n\u00e9ficie avant tout aux habitants des communes o\u00f9 ils sont construits.<\/p>\n<p>65\u00a0% des attributions concernent des m\u00e9nages de la commune, et 83\u00a0% ceux de la m\u00eame intercommunalit\u00e9.<\/p>\n<p>Le logement social est ainsi un outil de justice sociale, mais aussi un puissant facteur de vitalit\u00e9 locale. Les repr\u00e9sentants du monde \u00e9conomique pr\u00e9sents ce soir ne me contrediront pas.<\/p>\n<p>Mesdames, Messieurs,<\/p>\n<p>Voil\u00e0 donc les trois v\u0153ux que je forme pour notre d\u00e9partement en 2026.<\/p>\n<ul>\n<li>Un v\u0153u de r\u00e9silience, face aux risques naturels\u00a0qui nous obligent \u00e0 redoubler notre mobilisation\u00a0;<\/li>\n<li>Un v\u0153u de prosp\u00e9rit\u00e9 et de solidarit\u00e9, pour prot\u00e9ger nos concitoyens et renforcer la coh\u00e9sion du territoire\u00a0;<\/li>\n<li>Un v\u0153u d\u2019ambition et de modernit\u00e9, pour pr\u00e9parer l\u2019avenir du Var et contribuer pleinement aux priorit\u00e9s et \u00e0 la souverainet\u00e9 de la Nation.<\/li>\n<\/ul>\n<p>Toutefois, l\u2019\u00c9tat n\u2019agit jamais seul. Il agit avec vous, les forces vives du d\u00e9partement. Il agit, avant tout, avec les maires auxquels je souhaite rendre hommage aujourd\u2019hui.<\/p>\n<p>Votre engagement est exigeant et il est noble.<\/p>\n<p>Mais il est aussi difficile. L\u2019adoption d\u00e9finitive avec la loi du 22 d\u00e9cembre 2025 d\u2019un statut de l\u2019\u00e9lu local, prenant en compte une meilleure indemnisation de vos fonctions, leur reconnaissance dans le r\u00e9gime de retraite, ainsi que le renforcement de votre s\u00e9curit\u00e9 face aux violences inacceptables dont vous \u00eates trop souvent l\u2019objet, constitue \u00e0 cet \u00e9gard une avanc\u00e9e essentielle.<\/p>\n<p>J\u2019ai une pens\u00e9e particuli\u00e8re pour les maires qui ont fait le choix de ne pas se repr\u00e9senter et qui tournent aujourd\u2019hui une page de leur engagement public. Merci pour nos \u00e9changes, pour les projets men\u00e9s ensemble, pour la qualit\u00e9 de notre coop\u00e9ration, et pour l\u2019exemple que vous laissez.<\/p>\n<p>Dans les mois \u00e0 venir, la pr\u00e9fecture et l\u2019ensemble des services de l\u2019\u00c9tat seront pleinement mobilis\u00e9s pour garantir la bonne organisation et la sinc\u00e9rit\u00e9 des scrutins \u00e0 venir, dans le respect des principes d\u00e9mocratiques auxquels nous sommes collectivement attach\u00e9s.<\/p>\n<p>Mesdames et Messieurs, au nom de l\u2019\u00e9quipe pr\u00e9fectorale et de l\u2019ensemble des services de l\u2019\u00c9tat dans le Var qui chaque jour travaillent main dans la main, je vous souhaite, ainsi qu\u2019\u00e0 vos familles, \u00e0 vos proches et \u00e0 vos \u00e9quipes, une tr\u00e8s bonne et heureuse ann\u00e9e 2026. Je vous remercie.<\/p>\n<p><strong>En pr\u00e9sence de :\u00a0<\/strong><\/p>\n<p>Mesdames et Messieurs les parlementaires,<\/p>\n<p>Monsieur le Pr\u00e9sident du conseil d\u00e9partemental,<\/p>\n<p>Monsieur le Vice-Pr\u00e9sident du conseil r\u00e9gional,<\/p>\n<p>Madame le Maire de Toulon,<\/p>\n<p>Mesdames et Messieurs les Maires,<\/p>\n<p>Monsieur le Pr\u00e9sident du conseil d\u2019administration du SDIS,<\/p>\n<p>Mesdames et Messieurs les \u00c9lus,<\/p>\n<p>Monsieur le Pr\u00e9fet maritime,<\/p>\n<p>Monsieur le Pr\u00e9sident du tribunal administratif,<\/p>\n<p>Madame la Pr\u00e9sidente du tribunal judiciaire de Toulon,<\/p>\n<p>Madame la Pr\u00e9sidente du tribunal judiciaire de Draguignan,<\/p>\n<p>Monsieur le Procureur de la R\u00e9publique de Toulon,<\/p>\n<p>Monsieur le Procureur de la R\u00e9publique de Draguignan,<\/p>\n<p>Mesdames et Messieurs les sous-pr\u00e9fets,<\/p>\n<p>Messieurs les officiers g\u00e9n\u00e9raux commandant les \u00c9coles militaires bas\u00e9es dans le d\u00e9partement,<\/p>\n<p>Mesdames et Messieurs les directeurs des services d\u00e9concentr\u00e9s de l\u2019\u00c9tat,<\/p>\n<p>Monsieur le Directeur interd\u00e9partemental de la police nationale,<\/p>\n<p>Mon Colonel, commandant le groupement de gendarmerie d\u00e9partementale,<\/p>\n<p>Monsieur le Contr\u00f4leur g\u00e9n\u00e9ral, directeur du service d\u00e9partemental d\u2019incendie et de secours,<\/p>\n<p>Mon Colonel, d\u00e9l\u00e9gu\u00e9 militaire d\u00e9partemental,<\/p>\n<p>Messieurs les officiers commandant les forces et unit\u00e9s bas\u00e9es dans le d\u00e9partement,<\/p>\n<p>Monsieur le Pr\u00e9sident de l\u2019Universit\u00e9,<\/p>\n<p>Monsieur le Pr\u00e9sident de la chambre de commerce et d\u2019industrie,<\/p>\n<p>Monsieur le Pr\u00e9sident de la chambre d\u2019agriculture,<\/p>\n<p>Monsieur le Pr\u00e9sident de la chambre des m\u00e9tiers et de l\u2019artisanat,<\/p>\n<p>Monsieur le Directeur du centre hospitalier intercommunal Toulon-La Seyne,<\/p>\n<p>Monsieur le Directeur de la caisse d\u2019allocations familiales du Var,<\/p>\n<p>Madame et Messieurs les repr\u00e9sentants des cultes.<\/p>\n","protected":false},"excerpt":{"rendered":"Le pr\u00e9fet du Var a accueilli un public tr\u00e8s nombreux dans les salons de la pr\u00e9fecture du Var&hellip;\n","protected":false},"author":2,"featured_media":659266,"comment_status":"","ping_status":"","sticky":false,"template":"","format":"standard","meta":{"footnotes":""},"categories":[9619],"tags":[1111,11,1777,674,1011,27,12,882,25,2310],"class_list":{"0":"post-659265","1":"post","2":"type-post","3":"status-publish","4":"format-standard","5":"has-post-thumbnail","7":"category-toulon","8":"tag-actu","9":"tag-actualites","10":"tag-eu","11":"tag-europe","12":"tag-fr","13":"tag-france","14":"tag-news","15":"tag-provence-alpes-cote-dazur","16":"tag-republique-francaise","17":"tag-toulon"},"share_on_mastodon":{"url":"https:\/\/pubeurope.com\/@fr\/115884353500651077","error":""},"_links":{"self":[{"href":"https:\/\/www.europesays.com\/fr\/wp-json\/wp\/v2\/posts\/659265","targetHints":{"allow":["GET"]}}],"collection":[{"href":"https:\/\/www.europesays.com\/fr\/wp-json\/wp\/v2\/posts"}],"about":[{"href":"https:\/\/www.europesays.com\/fr\/wp-json\/wp\/v2\/types\/post"}],"author":[{"embeddable":true,"href":"https:\/\/www.europesays.com\/fr\/wp-json\/wp\/v2\/users\/2"}],"replies":[{"embeddable":true,"href":"https:\/\/www.europesays.com\/fr\/wp-json\/wp\/v2\/comments?post=659265"}],"version-history":[{"count":0,"href":"https:\/\/www.europesays.com\/fr\/wp-json\/wp\/v2\/posts\/659265\/revisions"}],"wp:featuredmedia":[{"embeddable":true,"href":"https:\/\/www.europesays.com\/fr\/wp-json\/wp\/v2\/media\/659266"}],"wp:attachment":[{"href":"https:\/\/www.europesays.com\/fr\/wp-json\/wp\/v2\/media?parent=659265"}],"wp:term":[{"taxonomy":"category","embeddable":true,"href":"https:\/\/www.europesays.com\/fr\/wp-json\/wp\/v2\/categories?post=659265"},{"taxonomy":"post_tag","embeddable":true,"href":"https:\/\/www.europesays.com\/fr\/wp-json\/wp\/v2\/tags?post=659265"}],"curies":[{"name":"wp","href":"https:\/\/api.w.org\/{rel}","templated":true}]}}