{"id":659269,"date":"2026-01-12T21:55:10","date_gmt":"2026-01-12T21:55:10","guid":{"rendered":"https:\/\/www.europesays.com\/fr\/659269\/"},"modified":"2026-01-12T21:55:10","modified_gmt":"2026-01-12T21:55:10","slug":"emotion-au-lycee-pierre-mendes-france-a-montpellier","status":"publish","type":"post","link":"https:\/\/www.europesays.com\/fr\/659269\/","title":{"rendered":"\u00e9motion au lyc\u00e9e Pierre Mend\u00e8s France \u00e0 Montpellier"},"content":{"rendered":"<p>                    Par<br \/>\n        <strong><br \/>\n            <a href=\"https:\/\/actu.fr\/auteur\/jm-aubert\" title=\"Consulter tous les articles de Jean-Marc Aubert\" target=\"_blank\" rel=\"noopener\">Jean-Marc Aubert<\/a><br \/>\n                    <\/strong><\/p>\n<p>        Publi\u00e9 le<\/p>\n<p>            12 janv. 2026 \u00e0 21h22        <\/p>\n<p>Vive \u00e9motion ce lundi 12 janvier 2026 vers 9h30 au <strong>lyc\u00e9e professionnel Pierre Mend\u00e8s France<\/strong>, dans le quartier de la Mog\u00e8re, \u00e0 <strong>Montpellier<\/strong> : un \u00e9l\u00e8ve a tent\u00e9 de se suicider en se jetant d\u2019un des \u00e9tages. Il a \u00e9t\u00e9 rapidement secouru par le personnel, puis par les sapeurs-pompiers du <strong>Sdis 34, <\/strong>un m\u00e9decin et transport\u00e9 d\u2019urgence au CHU.<\/p>\n<p class=\" wall-content\">Aucune autre information n\u2019a \u00e9t\u00e9 communiqu\u00e9e sur les raisons de cet acte d\u00e9sesp\u00e9r\u00e9, sur l\u2019\u00e2ge de la victime et sur son \u00e9tat de sant\u00e9. Une<strong> enqu\u00eate<\/strong> est ouverte par les policiers du commissariat central qui \u00e9taient sur les lieux.<\/p>\n<p>    <a href=\"https:\/\/www.google.com\/maps\/embed?pb=!1m18!1m12!1m3!1d4471.515858931671!2d3.916871642388886!3d43.598461541322095!2m3!1f0!2f0!3f0!3m2!1i1024!2i768!4f13.1!3m3!1m2!1s0x12b6a56e2f218a27%3A0xd698e5fd2121ab0e!2sLyc%C3%A9e%20Professionnel%20Pierre%20Mend%C3%A8s-France%20-%20Montpellier!5e0!3m2!1sfr!2sfr!4v1768247163753!5m2!1sfr!2sfr\" title=\"Ouvrie le lien\" target=\"_blank\" rel=\"noopener\">Cliquez ici pour visualiser le contenu<\/a><\/p>\n<p class=\" wall-content\">Les parents d\u2019\u00e9l\u00e8ves ont \u00e9t\u00e9 inform\u00e9s par courriel via un message de la <strong>Dasen de l\u2019H\u00e9rault<\/strong>, qui n\u2019\u00e9voque pas un geste volontaire : \u00ab\u00a0Un accident impliquant un\u00a0\u00e9l\u00e8ve est survenu au sein de l\u2019\u00e9tablissement ce jour, lundi\u00a012 janvier, n\u00e9cessitant l\u2019intervention des sapeurs-pompiers.<br \/>Un \u00e9l\u00e8ve a \u00e9t\u00e9 pris en charge par les secours et transport\u00e9\u00a0au CHU.\u00a0Une cellule d\u2019\u00e9coute des \u00e9l\u00e8ves t\u00e9moins et qui en auraient\u00a0besoin a \u00e9t\u00e9 mise en place dans l\u2019apr\u00e8s midi par la direction\u00a0d\u00e9partementale des services de l\u2019Education nationale et\u00a0sera \u00e0 nouveau pr\u00e9sente ce mardi et les jours suivants. Si\u00a0votre enfant en ressent le besoin, nous l\u2019encourageons\u00a0vivement \u00e0 se manifester aupr\u00e8s de l\u2019infirmerie ou de la vie\u00a0scolaire pour b\u00e9n\u00e9ficier de cette cellule d\u00e8s ce mardi matin\u00a0\u00bb.<\/p>\n<p class=\" wall-content\">Un message laconique sign\u00e9 \u00e9galement par la proviseure de l\u2019\u00e9tablissement, Marie-Laurence Can\u00e9. Construit pour accueillir 1 600 \u00e9l\u00e8ves,\u00a0le lyc\u00e9e professionnel Pierre Mend\u00e8s France affiche un taux de r\u00e9ussite \u00e9lev\u00e9 chaque ann\u00e9e, comme celui global de 68% au Baccalaur\u00e9at en 2024.<\/p>\n<p class=\" wall-content\">Personnalisez votre actualit\u00e9 en ajoutant vos villes et m\u00e9dias en favori avec <a href=\"https:\/\/moncompte.actu.fr\" title=\"D\u00e9couvez Mon Actu\" rel=\"nofollow noopener\" data-trk=\"{&quot;cta&quot;:{&quot;action&quot;:&quot;https:\\\/\\\/moncompte.actu.fr&quot;,&quot;category&quot;:&quot;mon compte&quot;,&quot;from&quot;:&quot;article footer&quot;,&quot;name&quot;:&quot;Mon actu&quot;,&quot;type&quot;:&quot;cta&quot;}}\" target=\"_blank\">Mon Actu<\/a>.<\/p>\n","protected":false},"excerpt":{"rendered":"Par Jean-Marc Aubert Publi\u00e9 le 12 janv. 2026 \u00e0 21h22 Vive \u00e9motion ce lundi 12 janvier 2026 vers&hellip;\n","protected":false},"author":2,"featured_media":659270,"comment_status":"","ping_status":"","sticky":false,"template":"","format":"standard","meta":{"footnotes":""},"categories":[9599],"tags":[1111,11,15154,1057,1777,674,118,1011,27,2208,12,2680,1311,25],"class_list":{"0":"post-659269","1":"post","2":"type-post","3":"status-publish","4":"format-standard","5":"has-post-thumbnail","7":"category-montpellier","8":"tag-actu","9":"tag-actualites","10":"tag-chu-de-montpellier","11":"tag-education","12":"tag-eu","13":"tag-europe","14":"tag-faits-divers","15":"tag-fr","16":"tag-france","17":"tag-montpellier","18":"tag-news","19":"tag-occitanie","20":"tag-pompiers","21":"tag-republique-francaise"},"share_on_mastodon":{"url":"https:\/\/pubeurope.com\/@fr\/115884361297393923","error":""},"_links":{"self":[{"href":"https:\/\/www.europesays.com\/fr\/wp-json\/wp\/v2\/posts\/659269","targetHints":{"allow":["GET"]}}],"collection":[{"href":"https:\/\/www.europesays.com\/fr\/wp-json\/wp\/v2\/posts"}],"about":[{"href":"https:\/\/www.europesays.com\/fr\/wp-json\/wp\/v2\/types\/post"}],"author":[{"embeddable":true,"href":"https:\/\/www.europesays.com\/fr\/wp-json\/wp\/v2\/users\/2"}],"replies":[{"embeddable":true,"href":"https:\/\/www.europesays.com\/fr\/wp-json\/wp\/v2\/comments?post=659269"}],"version-history":[{"count":0,"href":"https:\/\/www.europesays.com\/fr\/wp-json\/wp\/v2\/posts\/659269\/revisions"}],"wp:featuredmedia":[{"embeddable":true,"href":"https:\/\/www.europesays.com\/fr\/wp-json\/wp\/v2\/media\/659270"}],"wp:attachment":[{"href":"https:\/\/www.europesays.com\/fr\/wp-json\/wp\/v2\/media?parent=659269"}],"wp:term":[{"taxonomy":"category","embeddable":true,"href":"https:\/\/www.europesays.com\/fr\/wp-json\/wp\/v2\/categories?post=659269"},{"taxonomy":"post_tag","embeddable":true,"href":"https:\/\/www.europesays.com\/fr\/wp-json\/wp\/v2\/tags?post=659269"}],"curies":[{"name":"wp","href":"https:\/\/api.w.org\/{rel}","templated":true}]}}