{"id":659271,"date":"2026-01-12T21:56:10","date_gmt":"2026-01-12T21:56:10","guid":{"rendered":"https:\/\/www.europesays.com\/fr\/659271\/"},"modified":"2026-01-12T21:56:10","modified_gmt":"2026-01-12T21:56:10","slug":"la-campagne-de-recrutement-debute-ce-quil-faut-savoir","status":"publish","type":"post","link":"https:\/\/www.europesays.com\/fr\/659271\/","title":{"rendered":"la campagne de recrutement d\u00e9bute, ce qu&rsquo;il faut savoir"},"content":{"rendered":"<p melodystyle=\"texte\" data-end=\"482\">La campagne de recrutement du nouveau service militaire d\u00e9bute <b>ce lundi 12\u00a0janvier<\/b>. Ce service national \u00ab\u00a0purement militaire\u00a0\u00bb, selon le pr\u00e9sident de la R\u00e9publique, est appel\u00e9 \u00e0 remplacer le Service national universel (SNU). La premi\u00e8re cohorte sera incorpor\u00e9e \u00e0 partir de septembre\u00a02026. Ce nouveau dispositif s&rsquo;adresse aux jeunes de 18 \u00e0 25 ans, sur la base du volontariat. Il est mixte et se d\u00e9roulera exclusivement sur le territoire national, en m\u00e9tropole comme en Outre-mer, \u00ab\u00a0sans projection en op\u00e9ration ext\u00e9rieure ni en zone de conflit\u00a0\u00bb, pr\u00e9cise le service public.<\/p>\n<p>Un service de dix mois, sur la base du volontariat<\/p>\n<p melodystyle=\"texte\" data-end=\"1173\">Le service national durera dix mois, dont un mois consacr\u00e9 \u00e0 une formation militaire initiale. Il est principalement destin\u00e9 aux jeunes de 18-19 ans et pourra s&rsquo;inscrire dans le cadre d&rsquo;une ann\u00e9e de c\u00e9sure. Le dispositif est d&rsquo;ailleurs <b>int\u00e9gr\u00e9 \u00e0 Parcoursup<\/b>\u00a0: les candidats pourront conserver leur v\u0153u d&rsquo;affectation ou recandidater l&rsquo;ann\u00e9e suivante en valorisant cette exp\u00e9rience. Les volontaires b\u00e9n\u00e9ficieront de plusieurs avantages mat\u00e9riels\u00a0: une solde d<b>&lsquo;au moins 800\u00a0euros brut par mois<\/b>, non imposable (hors primes \u00e9ventuelles), une carte SNCF \u00ab\u00a0militaire\u00a0\u00bb offrant 75\u00a0% de r\u00e9duction sur les lignes nationales, ainsi que la prise en charge des frais d&rsquo;h\u00e9bergement et d&rsquo;alimentation pendant toute la dur\u00e9e du service.<\/p>\n<p>Comment candidater\u00a0?<\/p>\n<p melodystyle=\"texte\" data-end=\"1734\">Les candidatures ouvrent ce lundi 12\u00a0janvier. Une r\u00e9ponse sera apport\u00e9e au plus tard le 1er\u00a0juillet, afin de permettre aux jeunes de confirmer leur choix ou de se r\u00e9orienter si n\u00e9cessaire. Il sera possible de candidater via les sites de recrutement des arm\u00e9es (<a href=\"https:\/\/www.sengager.fr\/editos\/service-national\" target=\"_blank\" rel=\"noopener\">arm\u00e9e de Terre<\/a>, <a href=\"https:\/\/lamarinerecrute.gouv.fr\/service-national\/service-national-marine\" target=\"_blank\" rel=\"noopener\">Marine nationale<\/a>, <a href=\"https:\/\/devenir-aviateur.gouv.fr\/postuler\/service-national\" target=\"_blank\" rel=\"noopener\">arm\u00e9e de l&rsquo;Air et de l&rsquo;Espace<\/a>), aupr\u00e8s d&rsquo;un centre d&rsquo;information et de recrutement des forces arm\u00e9es (<a href=\"https:\/\/www.sengager.fr\/vivre-aventure#element-7\" target=\"_blank\" rel=\"noopener\">CIRFA<\/a>), par un num\u00e9ro vert d\u00e9di\u00e9 qui doit \u00eatre ouvert prochainement, ou encore \u00e0 la suite des informations transmises lors de la Journ\u00e9e D\u00e9fense et Citoyennet\u00e9.<\/p>\n<p>Un dispositif appel\u00e9 \u00e0 \u00e9voluer<\/p>\n<p melodystyle=\"texte\" data-end=\"2350\">A partir de 2027, le parcours de candidature devrait \u00e9voluer autour de la Journ\u00e9e D\u00e9fense et Citoyennet\u00e9, qui devrait \u00eatre rebaptis\u00e9e \u00ab\u00a0Journ\u00e9e de mobilisation\u00a0\u00bb, et d&rsquo;une application d\u00e9di\u00e9e baptis\u00e9e D\u00e9fense +. La premi\u00e8re promotion du nouveau service national est attendue entre septembre et novembre\u00a02026.<\/p>\n<p>Vous allez postuler\u00a0? Votre t\u00e9moignage nous int\u00e9resse<\/p>\n<p melodystyle=\"texte\" data-end=\"2350\">Et vous, que pensez-vous du retour d&rsquo;un service militaire volontaire en France ? Cette annonce vous donne-t-elle envie de vous engager ou concerne-t-elle un proche ? Etudiants, parents, futurs candidats, vos t\u00e9moignages et vos r\u00e9actions nous int\u00e9ressent. Vous pouvez nous \u00e9crire \u00e0 redac-chef@lecourriercauchois.fr ou r\u00e9agir directement en commentaire ou via le formulaire ci-dessous.<\/p>\n<p melodystyle=\"texte\" data-end=\"2350\">\n","protected":false},"excerpt":{"rendered":"La campagne de recrutement du nouveau service militaire d\u00e9bute ce lundi 12\u00a0janvier. Ce service national \u00ab\u00a0purement militaire\u00a0\u00bb, selon&hellip;\n","protected":false},"author":2,"featured_media":659272,"comment_status":"","ping_status":"","sticky":false,"template":"","format":"standard","meta":{"footnotes":""},"categories":[9587],"tags":[1111,11,1777,674,1011,27,12,5161,25,9590],"class_list":{"0":"post-659271","1":"post","2":"type-post","3":"status-publish","4":"format-standard","5":"has-post-thumbnail","7":"category-rouen","8":"tag-actu","9":"tag-actualites","10":"tag-eu","11":"tag-europe","12":"tag-fr","13":"tag-france","14":"tag-news","15":"tag-normandie","16":"tag-republique-francaise","17":"tag-rouen"},"share_on_mastodon":{"url":"https:\/\/pubeurope.com\/@fr\/115884365188132096","error":""},"_links":{"self":[{"href":"https:\/\/www.europesays.com\/fr\/wp-json\/wp\/v2\/posts\/659271","targetHints":{"allow":["GET"]}}],"collection":[{"href":"https:\/\/www.europesays.com\/fr\/wp-json\/wp\/v2\/posts"}],"about":[{"href":"https:\/\/www.europesays.com\/fr\/wp-json\/wp\/v2\/types\/post"}],"author":[{"embeddable":true,"href":"https:\/\/www.europesays.com\/fr\/wp-json\/wp\/v2\/users\/2"}],"replies":[{"embeddable":true,"href":"https:\/\/www.europesays.com\/fr\/wp-json\/wp\/v2\/comments?post=659271"}],"version-history":[{"count":0,"href":"https:\/\/www.europesays.com\/fr\/wp-json\/wp\/v2\/posts\/659271\/revisions"}],"wp:featuredmedia":[{"embeddable":true,"href":"https:\/\/www.europesays.com\/fr\/wp-json\/wp\/v2\/media\/659272"}],"wp:attachment":[{"href":"https:\/\/www.europesays.com\/fr\/wp-json\/wp\/v2\/media?parent=659271"}],"wp:term":[{"taxonomy":"category","embeddable":true,"href":"https:\/\/www.europesays.com\/fr\/wp-json\/wp\/v2\/categories?post=659271"},{"taxonomy":"post_tag","embeddable":true,"href":"https:\/\/www.europesays.com\/fr\/wp-json\/wp\/v2\/tags?post=659271"}],"curies":[{"name":"wp","href":"https:\/\/api.w.org\/{rel}","templated":true}]}}