{"id":659273,"date":"2026-01-12T21:57:16","date_gmt":"2026-01-12T21:57:16","guid":{"rendered":"https:\/\/www.europesays.com\/fr\/659273\/"},"modified":"2026-01-12T21:57:16","modified_gmt":"2026-01-12T21:57:16","slug":"pres-de-rouen-sur-un-passage-pieton-un-octogenaire-meurt-percute-par-un-conducteur-qui-setait-endormi-au-volant","status":"publish","type":"post","link":"https:\/\/www.europesays.com\/fr\/659273\/","title":{"rendered":"Pr\u00e8s de Rouen. Sur un passage pi\u00e9ton, un octog\u00e9naire meurt percut\u00e9 par un conducteur qui s&rsquo;\u00e9tait endormi au volant"},"content":{"rendered":"<p melodystyle=\"texte\">Un homme de 82 ans a \u00e9t\u00e9 mortellement percut\u00e9 par une voiture, dimanche 11\u00a0janvier vers 15h, route de Paris au Mesnil-Esnard.<\/p>\n<p melodystyle=\"texte\">La victime \u00e9tait en train de traverser un passage pi\u00e9ton devant son lieu d&rsquo;habitation. Elle est morte sur le coup.<\/p>\n<p>Le conducteur s&rsquo;est endormi<\/p>\n<p melodystyle=\"texte\">Le conducteur a reconnu qu&rsquo;il s&rsquo;\u00e9tait endormi au volant. Les tests d&rsquo;alcool et de stup\u00e9fiants se sont r\u00e9v\u00e9l\u00e9s n\u00e9gatifs. L&rsquo;intervention a mobilis\u00e9 dix sapeurs-pompiers et quatre engins.<\/p>\n","protected":false},"excerpt":{"rendered":"Un homme de 82 ans a \u00e9t\u00e9 mortellement percut\u00e9 par une voiture, dimanche 11\u00a0janvier vers 15h, route de&hellip;\n","protected":false},"author":2,"featured_media":659274,"comment_status":"","ping_status":"","sticky":false,"template":"","format":"standard","meta":{"footnotes":""},"categories":[9587],"tags":[1111,11,1777,674,1011,27,12,5161,25,9590],"class_list":{"0":"post-659273","1":"post","2":"type-post","3":"status-publish","4":"format-standard","5":"has-post-thumbnail","7":"category-rouen","8":"tag-actu","9":"tag-actualites","10":"tag-eu","11":"tag-europe","12":"tag-fr","13":"tag-france","14":"tag-news","15":"tag-normandie","16":"tag-republique-francaise","17":"tag-rouen"},"share_on_mastodon":{"url":"https:\/\/pubeurope.com\/@fr\/115884369105868704","error":""},"_links":{"self":[{"href":"https:\/\/www.europesays.com\/fr\/wp-json\/wp\/v2\/posts\/659273","targetHints":{"allow":["GET"]}}],"collection":[{"href":"https:\/\/www.europesays.com\/fr\/wp-json\/wp\/v2\/posts"}],"about":[{"href":"https:\/\/www.europesays.com\/fr\/wp-json\/wp\/v2\/types\/post"}],"author":[{"embeddable":true,"href":"https:\/\/www.europesays.com\/fr\/wp-json\/wp\/v2\/users\/2"}],"replies":[{"embeddable":true,"href":"https:\/\/www.europesays.com\/fr\/wp-json\/wp\/v2\/comments?post=659273"}],"version-history":[{"count":0,"href":"https:\/\/www.europesays.com\/fr\/wp-json\/wp\/v2\/posts\/659273\/revisions"}],"wp:featuredmedia":[{"embeddable":true,"href":"https:\/\/www.europesays.com\/fr\/wp-json\/wp\/v2\/media\/659274"}],"wp:attachment":[{"href":"https:\/\/www.europesays.com\/fr\/wp-json\/wp\/v2\/media?parent=659273"}],"wp:term":[{"taxonomy":"category","embeddable":true,"href":"https:\/\/www.europesays.com\/fr\/wp-json\/wp\/v2\/categories?post=659273"},{"taxonomy":"post_tag","embeddable":true,"href":"https:\/\/www.europesays.com\/fr\/wp-json\/wp\/v2\/tags?post=659273"}],"curies":[{"name":"wp","href":"https:\/\/api.w.org\/{rel}","templated":true}]}}