{"id":659275,"date":"2026-01-12T21:58:20","date_gmt":"2026-01-12T21:58:20","guid":{"rendered":"https:\/\/www.europesays.com\/fr\/659275\/"},"modified":"2026-01-12T21:58:20","modified_gmt":"2026-01-12T21:58:20","slug":"grenoble-messmer-revient-envouter-le-summum-le-1er-mars","status":"publish","type":"post","link":"https:\/\/www.europesays.com\/fr\/659275\/","title":{"rendered":"Grenoble. Messmer revient envo\u00fbter le Summum le 1er\u00a0mars"},"content":{"rendered":"<p>Apr\u00e8s une derni\u00e8re tourn\u00e9e chiffr\u00e9e \u00e0 plus de 2\u00a0millions d\u2019entr\u00e9es, le \u201cma\u00eetre de l\u2019hypnose en France\u201d revient au Summum le 1er \u00a0mars. Son nouveau spectacle 13\u00a0Hz propose une nouvelle exp\u00e9rience d\u2019hypnose collective, permettant aux participants d\u2019explorer de nouveaux territoires de l\u2019inconscient.<\/p>\n<p class=\"note\">\u00c0 d\u00e9couvrir le 1er \u00a0mars \u00e0 20\u00a0h au Summum. \u00c0 partir de 48\u00a0euros.<\/p>\n","protected":false},"excerpt":{"rendered":"Apr\u00e8s une derni\u00e8re tourn\u00e9e chiffr\u00e9e \u00e0 plus de 2\u00a0millions d\u2019entr\u00e9es, le \u201cma\u00eetre de l\u2019hypnose en France\u201d revient au&hellip;\n","protected":false},"author":2,"featured_media":659276,"comment_status":"","ping_status":"","sticky":false,"template":"","format":"standard","meta":{"footnotes":""},"categories":[9566],"tags":[1111,11,2430,1687,112,1777,674,1011,27,2731,2732,12,25,3140],"class_list":{"0":"post-659275","1":"post","2":"type-post","3":"status-publish","4":"format-standard","5":"has-post-thumbnail","7":"category-grenoble","8":"tag-actu","9":"tag-actualites","10":"tag-auvergne-rhone-alpes","11":"tag-culture-loisirs","12":"tag-edition-grenoble-agglomeration","13":"tag-eu","14":"tag-europe","15":"tag-fr","16":"tag-france","17":"tag-grenoble","18":"tag-grenoble-bassin","19":"tag-news","20":"tag-republique-francaise","21":"tag-spectacle"},"share_on_mastodon":{"url":"https:\/\/pubeurope.com\/@fr\/115884373096720882","error":""},"_links":{"self":[{"href":"https:\/\/www.europesays.com\/fr\/wp-json\/wp\/v2\/posts\/659275","targetHints":{"allow":["GET"]}}],"collection":[{"href":"https:\/\/www.europesays.com\/fr\/wp-json\/wp\/v2\/posts"}],"about":[{"href":"https:\/\/www.europesays.com\/fr\/wp-json\/wp\/v2\/types\/post"}],"author":[{"embeddable":true,"href":"https:\/\/www.europesays.com\/fr\/wp-json\/wp\/v2\/users\/2"}],"replies":[{"embeddable":true,"href":"https:\/\/www.europesays.com\/fr\/wp-json\/wp\/v2\/comments?post=659275"}],"version-history":[{"count":0,"href":"https:\/\/www.europesays.com\/fr\/wp-json\/wp\/v2\/posts\/659275\/revisions"}],"wp:featuredmedia":[{"embeddable":true,"href":"https:\/\/www.europesays.com\/fr\/wp-json\/wp\/v2\/media\/659276"}],"wp:attachment":[{"href":"https:\/\/www.europesays.com\/fr\/wp-json\/wp\/v2\/media?parent=659275"}],"wp:term":[{"taxonomy":"category","embeddable":true,"href":"https:\/\/www.europesays.com\/fr\/wp-json\/wp\/v2\/categories?post=659275"},{"taxonomy":"post_tag","embeddable":true,"href":"https:\/\/www.europesays.com\/fr\/wp-json\/wp\/v2\/tags?post=659275"}],"curies":[{"name":"wp","href":"https:\/\/api.w.org\/{rel}","templated":true}]}}