{"id":659277,"date":"2026-01-12T21:59:27","date_gmt":"2026-01-12T21:59:27","guid":{"rendered":"https:\/\/www.europesays.com\/fr\/659277\/"},"modified":"2026-01-12T21:59:27","modified_gmt":"2026-01-12T21:59:27","slug":"le-candidat-rn-a-grenoble-exclu-dun-debat-sur-la-culture","status":"publish","type":"post","link":"https:\/\/www.europesays.com\/fr\/659277\/","title":{"rendered":"Le candidat RN \u00e0 Grenoble exclu d&rsquo;un d\u00e9bat sur la culture"},"content":{"rendered":"<p>\u00ab\u00a0Un com\u00adpor\u00adte\u00adment minable et l\u00e2che\u00a0\u00bb. C\u2019est en ces termes que Valentin Gabriac, can\u00addi\u00addat <a href=\"https:\/\/www.placegrenet.fr\/2025\/12\/11\/elections-municipales-a-grenoble-valentin-gabriac-officiellement-candidat-pour-le-rassemblement-national\/666687\" target=\"_blank\" rel=\"noopener\">Rassemblement natio\u00adnal<\/a> aux \u00e9lec\u00adtions muni\u00adci\u00adpales de Grenoble de mars 2026, qua\u00adli\u00adfie l\u2019at\u00adti\u00adtude de Tempo, \u00ab\u00a0le r\u00e9seau des musiques actuelles de la m\u00e9tro\u00adpole gre\u00adno\u00adbloise\u00a0\u00bb. Pourquoi cet acc\u00e8s de col\u00e8re\u00a0? Alors que Tempo orga\u00adnise un temps d\u2019\u00e9\u00adchange sur la poli\u00adtique cultu\u00adrelle avec des can\u00addi\u00addats gre\u00adno\u00adblois le mer\u00adcredi 14 jan\u00advier, il aurait \u00e9t\u00e9 signi\u00adfi\u00e9 au can\u00addi\u00addat RN qu\u2019il n\u2019\u00e9\u00adtait pas le bienvenu.<\/p>\n<p><a href=\"https:\/\/www.europesays.com\/fr\/wp-content\/uploads\/2026\/01\/fb_5-scaled.png\" target=\"_blank\" rel=\"noopener\"><img fetchpriority=\"high\" decoding=\"async\" aria-describedby=\"caption-attachment-669015\" class=\"wp-image-669015 size-full\" src=\"data:image\/svg+xml,%3Csvg%20xmlns=\" http:=\"\" alt=\"Le r\u00e9seau Tempo a diffus\u00e9 sur invitation en ligne. \u00a9 Tempo\" width=\"2048\" height=\"1073\" data-lazy- data-lazy- data-lazy-src=\"https:\/\/www.europesays.com\/fr\/wp-content\/uploads\/2026\/01\/fb_5-scaled.png\"\/><\/a><\/p>\n<p id=\"caption-attachment-669015\" class=\"wp-caption-text\">Le r\u00e9seau Tempo a dif\u00adfus\u00e9 sur invi\u00adta\u00adtion en ligne. \u00a9\u00a0Tempo<\/p>\n<p>Ayant pris connais\u00adsance du ren\u00addez-vous par la presse, le can\u00addi\u00addat Rassemblement natio\u00adnal explique avoir contact\u00e9 ses orga\u00adni\u00adsa\u00adteurs. \u00ab\u00a0L\u2019exclusion m\u2019a \u00e9t\u00e9 confir\u00adm\u00e9e\u00a0\u00bb, indique-t-il, non sans d\u00e9non\u00adcer \u00ab\u00a0une d\u00e9rive d\u2019id\u00e9ologues into\u00adl\u00e9\u00adrants\u00a0\u00bb.<\/p>\n<p>Et celui-ci de faire remar\u00adquer que le r\u00e9seau est consti\u00adtu\u00e9 de <a href=\"https:\/\/reseau-tempo.com\/membres.html\" target=\"_blank\" rel=\"noopener\">25 struc\u00adtures cultu\u00adrelles<\/a> \u00ab\u00a0finan\u00adc\u00e9es par l\u2019argent public\u00a0\u00bb. Une affir\u00adma\u00adtion confir\u00adm\u00e9e par le r\u00e9seau lui-m\u00eame, qui d\u00e9crit des membres dont \u00ab\u00a0la majo\u00adrit\u00e9 [\u2026] est en par\u00adtie finan\u00adc\u00e9e par des par\u00adte\u00adnaires publics et par\u00adti\u00adcu\u00adli\u00e8\u00adre\u00adment par l\u2019\u00e9chelon com\u00admu\u00adnal\u00a0\u00bb.<\/p>\n","protected":false},"excerpt":{"rendered":"\u00ab\u00a0Un com\u00adpor\u00adte\u00adment minable et l\u00e2che\u00a0\u00bb. C\u2019est en ces termes que Valentin Gabriac, can\u00addi\u00addat Rassemblement natio\u00adnal aux \u00e9lec\u00adtions muni\u00adci\u00adpales&hellip;\n","protected":false},"author":2,"featured_media":459098,"comment_status":"","ping_status":"","sticky":false,"template":"","format":"standard","meta":{"footnotes":""},"categories":[9566],"tags":[1111,11,2430,1777,674,1011,27,2731,12,25],"class_list":{"0":"post-659277","1":"post","2":"type-post","3":"status-publish","4":"format-standard","5":"has-post-thumbnail","7":"category-grenoble","8":"tag-actu","9":"tag-actualites","10":"tag-auvergne-rhone-alpes","11":"tag-eu","12":"tag-europe","13":"tag-fr","14":"tag-france","15":"tag-grenoble","16":"tag-news","17":"tag-republique-francaise"},"share_on_mastodon":{"url":"https:\/\/pubeurope.com\/@fr\/115884377031066793","error":""},"_links":{"self":[{"href":"https:\/\/www.europesays.com\/fr\/wp-json\/wp\/v2\/posts\/659277","targetHints":{"allow":["GET"]}}],"collection":[{"href":"https:\/\/www.europesays.com\/fr\/wp-json\/wp\/v2\/posts"}],"about":[{"href":"https:\/\/www.europesays.com\/fr\/wp-json\/wp\/v2\/types\/post"}],"author":[{"embeddable":true,"href":"https:\/\/www.europesays.com\/fr\/wp-json\/wp\/v2\/users\/2"}],"replies":[{"embeddable":true,"href":"https:\/\/www.europesays.com\/fr\/wp-json\/wp\/v2\/comments?post=659277"}],"version-history":[{"count":0,"href":"https:\/\/www.europesays.com\/fr\/wp-json\/wp\/v2\/posts\/659277\/revisions"}],"wp:featuredmedia":[{"embeddable":true,"href":"https:\/\/www.europesays.com\/fr\/wp-json\/wp\/v2\/media\/459098"}],"wp:attachment":[{"href":"https:\/\/www.europesays.com\/fr\/wp-json\/wp\/v2\/media?parent=659277"}],"wp:term":[{"taxonomy":"category","embeddable":true,"href":"https:\/\/www.europesays.com\/fr\/wp-json\/wp\/v2\/categories?post=659277"},{"taxonomy":"post_tag","embeddable":true,"href":"https:\/\/www.europesays.com\/fr\/wp-json\/wp\/v2\/tags?post=659277"}],"curies":[{"name":"wp","href":"https:\/\/api.w.org\/{rel}","templated":true}]}}