{"id":659278,"date":"2026-01-12T22:00:39","date_gmt":"2026-01-12T22:00:39","guid":{"rendered":"https:\/\/www.europesays.com\/fr\/659278\/"},"modified":"2026-01-12T22:00:39","modified_gmt":"2026-01-12T22:00:39","slug":"linstitut-de-recherche-breton-b-com-se-renforce-avec-larrivee-de-huit-nouveaux-membres","status":"publish","type":"post","link":"https:\/\/www.europesays.com\/fr\/659278\/","title":{"rendered":"L\u2019institut de recherche breton B-Com se renforce avec l\u2019arriv\u00e9e de huit nouveaux membres"},"content":{"rendered":"<p>Pr\u00e9sent \u00e0 Rennes, Lannion et Brest, l\u2019institut de recherche technologique (IRT) B-Com se renforce. La structure de recherche public-priv\u00e9, sp\u00e9cialis\u00e9e dans les technologies num\u00e9riques (connectivit\u00e9, cybers\u00e9curit\u00e9, jumeau num\u00e9rique, intelligence artificielle\u2026), annonce avoir accueilli huit nouveaux membres investisseurs en 2025. \u00ab Soit une progression record de 100 % du nombre de ses membres industriels \u00bb, se f\u00e9licite l\u2019IRT dans un communiqu\u00e9.<\/p>\n<p>Trois arriv\u00e9es ont \u00e9t\u00e9 enregistr\u00e9es fin d\u2019ann\u00e9e 2025 : Octomiro (PME rennaise qui utilise l\u2019intelligence artificielle et la vision par ordinateur pour booster les logiciels utilis\u00e9s par les entreprises pour g\u00e9rer leurs achats, leurs approvisionnements, leur budget ou encore leur comptabilit\u00e9), <a href=\"https:\/\/www.letelegramme.fr\/economie\/assistance-video-a-distance-une-nouvelle-technologie-made-in-breizh-6367668.php\" target=\"_blank\" rel=\"noopener\">Artefacto<\/a> (sp\u00e9cialiste de la r\u00e9alit\u00e9 augment\u00e9e et virtuelle, bas\u00e9 \u00e0 Betton) et <a href=\"https:\/\/www.letelegramme.fr\/ille-et-vilaine\/broadpeak-et-kerlink-qui-rient-okwind-qui-pleure-en-ille-et-vilaine-comment-se-portent-les-entreprises-cotees-en-bourse-6877914.php\" target=\"_blank\" rel=\"noopener\">Kerlink<\/a> (fournisseur rennais de solutions de r\u00e9seaux et de services pour piloter les objets connect\u00e9s).<\/p>\n<p>Cinq nouveaux membres vis\u00e9s en 2026<\/p>\n<p>L\u2019IRT a aussi accueilli, en 2025, les toulousains Kin\u00e9is (sp\u00e9cialiste de l\u2019internet des objets), Keyros Medica (qui d\u00e9veloppe une \u00ab encyclop\u00e9die de vid\u00e9os immersives \u00bb pour la formation m\u00e9dico-chirurgicale) et Infogreen (conseil et formation sur le num\u00e9rique responsable), ainsi que le parisien Octo Technology (cabinet de conseil parisien sp\u00e9cialis\u00e9 dans le num\u00e9rique) et le strasbourgeois InSimo (conception de simulateurs pour l\u2019apprentissage des gestes chirurgicaux et m\u00e9dicaux).<\/p>\n<p>B-Com compte aujourd\u2019hui 25 membres (des grands groupes comme Orange, TDF ou Airbus Defence &amp; Space, des PME et des structures institutionnelles et acad\u00e9miques). Pour 2026, il compte accueillir cinq entreprises suppl\u00e9mentaires et lancer deux nouveaux projets de recherche autour de la connectivit\u00e9 et l\u2019intelligence artificielle.<\/p>\n","protected":false},"excerpt":{"rendered":"Pr\u00e9sent \u00e0 Rennes, Lannion et Brest, l\u2019institut de recherche technologique (IRT) B-Com se renforce. La structure de recherche&hellip;\n","protected":false},"author":2,"featured_media":659279,"comment_status":"","ping_status":"","sticky":false,"template":"","format":"standard","meta":{"footnotes":""},"categories":[2821],"tags":[1111,11,3450,829,33,257,1777,674,1011,27,5862,12,50972,584,25],"class_list":{"0":"post-659278","1":"post","2":"type-post","3":"status-publish","4":"format-standard","5":"has-post-thumbnail","7":"category-rennes","8":"tag-actu","9":"tag-actualites","10":"tag-brest","11":"tag-bretagne","12":"tag-economie","13":"tag-entreprise","14":"tag-eu","15":"tag-europe","16":"tag-fr","17":"tag-france","18":"tag-lannion","19":"tag-news","20":"tag-newsletter-la-rennes-quotidienne","21":"tag-rennes","22":"tag-republique-francaise"},"share_on_mastodon":{"url":"https:\/\/pubeurope.com\/@fr\/115884380802512526","error":""},"_links":{"self":[{"href":"https:\/\/www.europesays.com\/fr\/wp-json\/wp\/v2\/posts\/659278","targetHints":{"allow":["GET"]}}],"collection":[{"href":"https:\/\/www.europesays.com\/fr\/wp-json\/wp\/v2\/posts"}],"about":[{"href":"https:\/\/www.europesays.com\/fr\/wp-json\/wp\/v2\/types\/post"}],"author":[{"embeddable":true,"href":"https:\/\/www.europesays.com\/fr\/wp-json\/wp\/v2\/users\/2"}],"replies":[{"embeddable":true,"href":"https:\/\/www.europesays.com\/fr\/wp-json\/wp\/v2\/comments?post=659278"}],"version-history":[{"count":0,"href":"https:\/\/www.europesays.com\/fr\/wp-json\/wp\/v2\/posts\/659278\/revisions"}],"wp:featuredmedia":[{"embeddable":true,"href":"https:\/\/www.europesays.com\/fr\/wp-json\/wp\/v2\/media\/659279"}],"wp:attachment":[{"href":"https:\/\/www.europesays.com\/fr\/wp-json\/wp\/v2\/media?parent=659278"}],"wp:term":[{"taxonomy":"category","embeddable":true,"href":"https:\/\/www.europesays.com\/fr\/wp-json\/wp\/v2\/categories?post=659278"},{"taxonomy":"post_tag","embeddable":true,"href":"https:\/\/www.europesays.com\/fr\/wp-json\/wp\/v2\/tags?post=659278"}],"curies":[{"name":"wp","href":"https:\/\/api.w.org\/{rel}","templated":true}]}}