{"id":659280,"date":"2026-01-12T22:02:27","date_gmt":"2026-01-12T22:02:27","guid":{"rendered":"https:\/\/www.europesays.com\/fr\/659280\/"},"modified":"2026-01-12T22:02:27","modified_gmt":"2026-01-12T22:02:27","slug":"les-inscriptions-sont-bientot-ouvertes-ce-quil-faut-savoir","status":"publish","type":"post","link":"https:\/\/www.europesays.com\/fr\/659280\/","title":{"rendered":"les inscriptions sont bient\u00f4t ouvertes, ce qu&rsquo;il faut savoir"},"content":{"rendered":"<p>                    Par<br \/>\n        <strong><br \/>\n            <a href=\"https:\/\/actu.fr\/auteur\/laurene-fertin\" title=\"Consulter tous les articles de Laur\u00e8ne Fertin\" target=\"_blank\" rel=\"noopener\">Laur\u00e8ne Fertin<\/a><br \/>\n                    <\/strong><\/p>\n<p>        Publi\u00e9 le<\/p>\n<p>            12 janv. 2026 \u00e0 17h42        <\/p>\n<p>\u00ab\u2009Oui, l\u2019ouverture des inscriptions du<strong> Rennes Urban Trail<\/strong>, c\u2019est souvent\u2026 sportif\u2009\u00bb, <a href=\"https:\/\/www.facebook.com\/RennesUrbanTrail\/posts\/pfbid021hfk2pzP6nzHvnACb75LR73D3D94LYVYngNvuoHGDEXLBZhyCHm17msPzZbuSmT2l?__cft__%5B0%5D=AZa_PuR52zpctfVg5UIs_Jrb29_BPK_KghTPifpjUwX9ybm1L5930Hi1OZZLEcNXZsLy8gnXTnRRyedTlz3-u5rdRJ7YqJSUX6IYn-ejltrGJy7yGHwfUFaAHwd7jJ4DqoXsMxAtZGccigLUZOjFfRP95wpZsWBEZV7x2uXEAem5Q_hoN5Txf1BqbBLUDAHK24U&amp;__tn__=%2CO%2CP-R\" target=\"_blank\" rel=\"noopener\">sourient les organisateurs de l\u2019\u00e9v\u00e9nement,<\/a> qui aura lieu, pour la 8e \u00e9dition, <strong>dimanche 19\u00a0avril 2026.<\/strong><\/p>\n<p class=\" wall-content\">La billetterie sera en effet ouverte <strong>les mardi\u00a013, mercredi\u00a014 <\/strong>et <strong>jeudi 15\u00a0janvier<\/strong>. Si vous voulez faire partie de la course, voici ce qu\u2019il faut savoir.<\/p>\n<p>Top d\u00e9part<\/p>\n<p class=\" wall-content\">Escaliers, passages cach\u00e9s ou techniques, rues\u2009: les coureurs et coureuses sont invit\u00e9s \u00e0 prendre <strong>trois d\u00e9parts<\/strong> cette ann\u00e9e. Trois courses sont en effet programm\u00e9es\u2009: <strong>7, 14 et 24\u00a0km<\/strong>.<\/p>\n<ul class=\" wall-content\">\n<li>Pour la course de 14\u00a0km, <a href=\"https:\/\/www.klikego.com\/inscription\/rennes-urban-trail-2026\/running-course-a-pied\/1477428861475-10?tab=1\" target=\"_blank\" rel=\"noopener\">l\u2019inscription<\/a> se fera<strong> d\u00e8s 7h30 le 13\u00a0janvier\u2009;<\/strong><\/li>\n<li>Pour la course de 7\u00a0km, <a href=\"https:\/\/www.klikego.com\/inscription\/rennes-urban-trail-2026\/running-course-a-pied\/1477428861475-10?tab=0\" target=\"_blank\" rel=\"noopener\">l\u2019inscription<\/a> se fera <strong>d\u00e8s 7h le 14\u00a0janvier\u2009;<\/strong><\/li>\n<li>Pour la course de 24\u00a0km, <a href=\"https:\/\/www.klikego.com\/inscription\/rennes-urban-trail-2026\/running-course-a-pied\/1477428861475-10?tab=2\" target=\"_blank\" rel=\"noopener\">l\u2019inscription<\/a> se fera<strong> d\u00e8s 7h30 le 15\u00a0janvier.<\/strong><\/li>\n<\/ul>\n<p class=\" wall-content\">Les parcours des courses seront communiqu\u00e9s ult\u00e9rieurement.<\/p>\n<p class=\" wall-content\">Personnalisez votre actualit\u00e9 en ajoutant vos villes et m\u00e9dias en favori avec <a href=\"https:\/\/moncompte.actu.fr\" title=\"D\u00e9couvez Mon Actu\" rel=\"nofollow noopener\" data-trk=\"{&quot;cta&quot;:{&quot;action&quot;:&quot;https:\\\/\\\/moncompte.actu.fr&quot;,&quot;category&quot;:&quot;mon compte&quot;,&quot;from&quot;:&quot;article footer&quot;,&quot;name&quot;:&quot;Mon actu&quot;,&quot;type&quot;:&quot;cta&quot;}}\" target=\"_blank\">Mon Actu<\/a>.<\/p>\n","protected":false},"excerpt":{"rendered":"Par Laur\u00e8ne Fertin Publi\u00e9 le 12 janv. 2026 \u00e0 17h42 \u00ab\u2009Oui, l\u2019ouverture des inscriptions du Rennes Urban Trail,&hellip;\n","protected":false},"author":2,"featured_media":659281,"comment_status":"","ping_status":"","sticky":false,"template":"","format":"standard","meta":{"footnotes":""},"categories":[2821],"tags":[1111,11,829,1777,674,1011,27,12,584,25,60],"class_list":{"0":"post-659280","1":"post","2":"type-post","3":"status-publish","4":"format-standard","5":"has-post-thumbnail","7":"category-rennes","8":"tag-actu","9":"tag-actualites","10":"tag-bretagne","11":"tag-eu","12":"tag-europe","13":"tag-fr","14":"tag-france","15":"tag-news","16":"tag-rennes","17":"tag-republique-francaise","18":"tag-sports"},"share_on_mastodon":{"url":"https:\/\/pubeurope.com\/@fr\/115884389194877787","error":""},"_links":{"self":[{"href":"https:\/\/www.europesays.com\/fr\/wp-json\/wp\/v2\/posts\/659280","targetHints":{"allow":["GET"]}}],"collection":[{"href":"https:\/\/www.europesays.com\/fr\/wp-json\/wp\/v2\/posts"}],"about":[{"href":"https:\/\/www.europesays.com\/fr\/wp-json\/wp\/v2\/types\/post"}],"author":[{"embeddable":true,"href":"https:\/\/www.europesays.com\/fr\/wp-json\/wp\/v2\/users\/2"}],"replies":[{"embeddable":true,"href":"https:\/\/www.europesays.com\/fr\/wp-json\/wp\/v2\/comments?post=659280"}],"version-history":[{"count":0,"href":"https:\/\/www.europesays.com\/fr\/wp-json\/wp\/v2\/posts\/659280\/revisions"}],"wp:featuredmedia":[{"embeddable":true,"href":"https:\/\/www.europesays.com\/fr\/wp-json\/wp\/v2\/media\/659281"}],"wp:attachment":[{"href":"https:\/\/www.europesays.com\/fr\/wp-json\/wp\/v2\/media?parent=659280"}],"wp:term":[{"taxonomy":"category","embeddable":true,"href":"https:\/\/www.europesays.com\/fr\/wp-json\/wp\/v2\/categories?post=659280"},{"taxonomy":"post_tag","embeddable":true,"href":"https:\/\/www.europesays.com\/fr\/wp-json\/wp\/v2\/tags?post=659280"}],"curies":[{"name":"wp","href":"https:\/\/api.w.org\/{rel}","templated":true}]}}