{"id":659284,"date":"2026-01-12T22:04:13","date_gmt":"2026-01-12T22:04:13","guid":{"rendered":"https:\/\/www.europesays.com\/fr\/659284\/"},"modified":"2026-01-12T22:04:13","modified_gmt":"2026-01-12T22:04:13","slug":"le-strasbourg-achenheim-truchtersheim-handball-ecarte-son-entraineur-anthony-favier","status":"publish","type":"post","link":"https:\/\/www.europesays.com\/fr\/659284\/","title":{"rendered":"Le Strasbourg Achenheim Truchtersheim Handball \u00e9carte son entra\u00eeneur Anthony Favier"},"content":{"rendered":"<p>Dernier de D1 apr\u00e8s 11 journ\u00e9es, le Strasbourg Achenheim Truchtersheim Handball d\u00e9met de ses fonctions son entra\u00eeneur Anthony Favier, arriv\u00e9 l&rsquo;\u00e9t\u00e9 dernier dans le Kochersberg. Avec l&rsquo;espoir de provoquer un d\u00e9clic chez des joueuses qui ont remport\u00e9 seulement deux matchs de championnat cette saison.<\/p>\n<p>Arriv\u00e9 l&rsquo;\u00e9t\u00e9 dernier sur le banc de touche du Strasbourg Achenheim Truchtersheim handball, <strong>Anthony Favier<\/strong> a \u00e9t\u00e9 dispens\u00e9 de ses activit\u00e9s d&rsquo;entra\u00eeneur en raison des r\u00e9sultats catastrophiques de l&rsquo;\u00e9quipe. Les Piraths sont derni\u00e8res de premi\u00e8re division (Ligue Butagaz Energie), avec seulement deux victoires au compteur en onze matchs (contre Sambre Avesnois et \u00e0 Nice).<\/p>\n<p>Un match crucial mercredi contre Saint-Maur<\/p>\n<p>Pour sa troisi\u00e8me saison dans l&rsquo;\u00e9lite, <a class=\"IciLink ici-link IciArticleLink g-ici-body-regular-1 underline brand svelte-1chfe2s\" href=\"https:\/\/www.francebleu.fr\/sports\/basket-handball-volley\/handball-cure-de-jouvence-et-ambitions-en-hausse-pour-les-piraths-du-strasbourg-ath-6722989\" target=\"_blank\" rel=\"noopener\">le SATH avait fait un double pari l&rsquo;\u00e9t\u00e9 dernier<\/a>\u00a0: rajeunir son effectif et offrir les manettes de l&rsquo;\u00e9quipe \u00e0 un coach qui avait peu d&rsquo;exp\u00e9rience du plus haut niveau. Anthony Favier avait fait quasiment toute sa carri\u00e8re au centre de formation de Dijon. La greffe n&rsquo;a pas pris, \u00e0 l&rsquo;exception des deux succ\u00e8s, les Piraths ont eu tendance \u00e0 passer \u00e0 c\u00f4t\u00e9 de leurs duels face aux autres mal-class\u00e9s. Les saisons pass\u00e9es, elles r\u00e9pondaient le plus souvent pr\u00e9sent pour ces matchs \u00e0 enjeu.<\/p>\n<p>La d\u00e9faite de mercredi dernier <strong>au Havre<\/strong> (qui \u00e9tait alors dernier) a donc \u00e9t\u00e9 celle de trop pour Anthony Favier, \u00e9cart\u00e9 juste avant un nouveau match couperet ce mercredi entre les deux derniers, le SATH et la Stella Saint-Maur.<\/p>\n<p>La menace d&rsquo;une saison \u00e0 deux, voire trois descentes<\/p>\n<p>Le club du Kochersberg esp\u00e8re ainsi provoquer le fameux choc psychologique. L&rsquo;entra\u00eeneur adjoint Louis Chaudeur et le manager g\u00e9n\u00e9ral Aur\u00e9lien Duraffourg assureront l&rsquo;int\u00e9rim, en attendant la nomination d&rsquo;un nouveau coach. Il faudra que les Piraths remontent rapidement la pente, car la menace d&rsquo;une descente en D2 est grande. Le nombre de clubs passera de 14 \u00e0 12 la saison prochaine en D1. \u00c7a\u00a0 signifie que <strong>deux \u00e9quipes seront rel\u00e9gu\u00e9es directement<\/strong> en fin de saison et une troisi\u00e8me, celle class\u00e9e 12\u00e8me, devra passer par des barrages pour se maintenir.<\/p>\n<p>\u00c0 lire aussi   <img decoding=\"async\" src=\"https:\/\/www.europesays.com\/fr\/wp-content\/uploads\/2026\/01\/1768255451_402_400x400.jpeg\" alt=\"\" style=\"--_image-preview:url('data:image\/jpeg;base64,\/9j\/2wBDACgcHiMeGSgjISMtKygwPGRBPDc3PHtYXUlkkYCZlo+AjIqgtObDoKrarYqMyP\/L2u71\/\/\/\/m8H\/\/\/\/6\/+b9\/\/j\/2wBDASstLTw1PHZBQXb4pYyl+Pj4+Pj4+Pj4+Pj4+Pj4+Pj4+Pj4+Pj4+Pj4+Pj4+Pj4+Pj4+Pj4+Pj4+Pj4+Pj4+Pj\/wAARCAAXACoDASIAAhEBAxEB\/8QAGAABAQEBAQAAAAAAAAAAAAAAAAEDAgT\/xAAYEAEBAQEBAAAAAAAAAAAAAAAAARICEf\/EABYBAQEBAAAAAAAAAAAAAAAAAAABAv\/EABURAQEAAAAAAAAAAAAAAAAAAAAB\/9oADAMBAAIRAxEAPwDx8xpISO5ATxPGk5XIjLw8a5MCuJGnMAhXc5XIKyuTIIP\/2Q==');\" loading=\"lazy\" fetchpriority=\"low\" aria-hidden=\"true\" class=\"svelte-1cksh76 rounded\" onload=\"this.__e=event\" onerror=\"this.__e=event\"\/>\u00c0 lire aussi   <img decoding=\"async\" src=\"https:\/\/www.europesays.com\/fr\/wp-content\/uploads\/2026\/01\/1768255452_69_400x400.jpeg\" alt=\"\" style=\"--_image-preview:url('data:image\/jpeg;base64,\/9j\/2wBDACgcHiMeGSgjISMtKygwPGRBPDc3PHtYXUlkkYCZlo+AjIqgtObDoKrarYqMyP\/L2u71\/\/\/\/m8H\/\/\/\/6\/+b9\/\/j\/2wBDASstLTw1PHZBQXb4pYyl+Pj4+Pj4+Pj4+Pj4+Pj4+Pj4+Pj4+Pj4+Pj4+Pj4+Pj4+Pj4+Pj4+Pj4+Pj4+Pj4+Pj\/wAARCAAXACoDASIAAhEBAxEB\/8QAGAAAAwEBAAAAAAAAAAAAAAAAAAIDAQT\/xAAWEAEBAQAAAAAAAAAAAAAAAAAAAQL\/xAAWAQEBAQAAAAAAAAAAAAAAAAABAgD\/xAAWEQEBAQAAAAAAAAAAAAAAAAAAARH\/2gAMAwEAAhEDEQA\/AISGkEjTpxlT0e1PVYVPSZ9UpDtZQELJqpaoCoKnaUApf\/\/Z');\" loading=\"lazy\" fetchpriority=\"low\" aria-hidden=\"true\" class=\"svelte-1cksh76 rounded\" onload=\"this.__e=event\" onerror=\"this.__e=event\"\/>\u00c0 lire aussi   <img decoding=\"async\" src=\"https:\/\/www.europesays.com\/fr\/wp-content\/uploads\/2026\/01\/1768255453_876_400x400.jpeg\" alt=\"\" style=\"--_image-preview:url('data:image\/jpeg;base64,\/9j\/2wBDACgcHiMeGSgjISMtKygwPGRBPDc3PHtYXUlkkYCZlo+AjIqgtObDoKrarYqMyP\/L2u71\/\/\/\/m8H\/\/\/\/6\/+b9\/\/j\/2wBDASstLTw1PHZBQXb4pYyl+Pj4+Pj4+Pj4+Pj4+Pj4+Pj4+Pj4+Pj4+Pj4+Pj4+Pj4+Pj4+Pj4+Pj4+Pj4+Pj4+Pj\/wAARCAAXACoDASIAAhEBAxEB\/8QAFwABAQEBAAAAAAAAAAAAAAAAAgABBP\/EABYQAQEBAAAAAAAAAAAAAAAAAAABEf\/EABYBAQEBAAAAAAAAAAAAAAAAAAABAv\/EABQRAQAAAAAAAAAAAAAAAAAAAAD\/2gAMAwEAAhEDEQA\/AOSHAhxWmpqog1jbR0FIciSKQ1IQLR1IH\/\/Z');\" loading=\"lazy\" fetchpriority=\"low\" aria-hidden=\"true\" class=\"svelte-1cksh76 rounded\" onload=\"this.__e=event\" onerror=\"this.__e=event\"\/><\/p>\n","protected":false},"excerpt":{"rendered":"Dernier de D1 apr\u00e8s 11 journ\u00e9es, le Strasbourg Achenheim Truchtersheim Handball d\u00e9met de ses fonctions son entra\u00eeneur Anthony&hellip;\n","protected":false},"author":2,"featured_media":659285,"comment_status":"","ping_status":"","sticky":false,"template":"","format":"standard","meta":{"footnotes":""},"categories":[2820],"tags":[1111,11,1777,674,1011,27,775,12,25,640],"class_list":{"0":"post-659284","1":"post","2":"type-post","3":"status-publish","4":"format-standard","5":"has-post-thumbnail","7":"category-strasbourg","8":"tag-actu","9":"tag-actualites","10":"tag-eu","11":"tag-europe","12":"tag-fr","13":"tag-france","14":"tag-grand-est","15":"tag-news","16":"tag-republique-francaise","17":"tag-strasbourg"},"share_on_mastodon":{"url":"https:\/\/pubeurope.com\/@fr\/115884396814917780","error":""},"_links":{"self":[{"href":"https:\/\/www.europesays.com\/fr\/wp-json\/wp\/v2\/posts\/659284","targetHints":{"allow":["GET"]}}],"collection":[{"href":"https:\/\/www.europesays.com\/fr\/wp-json\/wp\/v2\/posts"}],"about":[{"href":"https:\/\/www.europesays.com\/fr\/wp-json\/wp\/v2\/types\/post"}],"author":[{"embeddable":true,"href":"https:\/\/www.europesays.com\/fr\/wp-json\/wp\/v2\/users\/2"}],"replies":[{"embeddable":true,"href":"https:\/\/www.europesays.com\/fr\/wp-json\/wp\/v2\/comments?post=659284"}],"version-history":[{"count":0,"href":"https:\/\/www.europesays.com\/fr\/wp-json\/wp\/v2\/posts\/659284\/revisions"}],"wp:featuredmedia":[{"embeddable":true,"href":"https:\/\/www.europesays.com\/fr\/wp-json\/wp\/v2\/media\/659285"}],"wp:attachment":[{"href":"https:\/\/www.europesays.com\/fr\/wp-json\/wp\/v2\/media?parent=659284"}],"wp:term":[{"taxonomy":"category","embeddable":true,"href":"https:\/\/www.europesays.com\/fr\/wp-json\/wp\/v2\/categories?post=659284"},{"taxonomy":"post_tag","embeddable":true,"href":"https:\/\/www.europesays.com\/fr\/wp-json\/wp\/v2\/tags?post=659284"}],"curies":[{"name":"wp","href":"https:\/\/api.w.org\/{rel}","templated":true}]}}