{"id":659286,"date":"2026-01-12T22:05:11","date_gmt":"2026-01-12T22:05:11","guid":{"rendered":"https:\/\/www.europesays.com\/fr\/659286\/"},"modified":"2026-01-12T22:05:11","modified_gmt":"2026-01-12T22:05:11","slug":"le-maire-de-nice-christian-estrosi-rejette-le-projet-du-candidat-eric-ciotti","status":"publish","type":"post","link":"https:\/\/www.europesays.com\/fr\/659286\/","title":{"rendered":"le maire de Nice Christian Estrosi rejette le projet du candidat Eric Ciotti"},"content":{"rendered":"<p class=\"fs-5 \">\u00ab\u00a0Vendre les logements de <strong>C\u00f4te d\u2019Azur habitat<\/strong> qui ne sont pas situ\u00e9s dans la M\u00e9tropole. \u00a0\u00bb C\u2019est l\u2019id\u00e9e d\u2019<strong>Eric Ciotti<\/strong> pour r\u00e9nover le reste du parc. Le candidat de l\u2019<strong>Union des droites pour la R\u00e9publique<\/strong> \u00e0 la mairie de <strong>Nice<\/strong> a estim\u00e9 qu\u2019en se s\u00e9parant d\u2019une partie de son foncier, le bailleur social engrangerait \u00ab\u00a0<strong>400 millions d\u2019euros<\/strong>\u00a0\u00bb.<\/p>\n<p class=\"fs-5 \">De quoi financer \u00ab\u00a0la construction de nouveaux logements et \u00e0 la r\u00e9novation des logements de cet organisme\u00a0\u00bb m\u00e9tropolitain, a-t-il annonc\u00e9 lors de ses v\u0153ux.<\/p>\n<p>        <img src=\"https:\/\/www.europesays.com\/fr\/wp-content\/uploads\/2026\/01\/260f29c_upload-from-url-1-z97mfklmg2bu-data-art-16475148.jpg\"   loading=\"lazy\" decoding=\"async\" alt=\"La M\u00e9tropole a pour objectif 2800 logements nouveaux d\u2019ici 2030. \" class=\"img-fluid position-absolute w-100 object-fit-cover rounded-2\" width=\"600\" height=\"400\"\/><\/p>\n<p>                                                                                \u00ab\u00a0Pas de baguette magique\u00a0\u00bb<\/p>\n<p class=\"fs-5 \">Une fausse bonne id\u00e9e, selon l\u2019\u00e9quipe de campagne de son principal rival, <strong>Christian Estrosi<\/strong>. \u00ab\u00a0Pour bien g\u00e9rer, encore faut-il savoir compter\u00a0\u00bb, stigmatisent dans un communiqu\u00e9 commun <strong>Dominique Estrosi-Sassone<\/strong>, <strong>Philippe Pradal<\/strong> et <strong>Anthony Borr\u00e9<\/strong>.<\/p>\n<p class=\"fs-5 \">Or, justement, selon la garde rapproch\u00e9e du maire sortant, le compte n\u2019y est pas. M\u00eame si <strong>C\u00f4te d\u2019Azur habitat<\/strong> dispose bien de <strong>4.000 logements<\/strong> hors territoire m\u00e9tropolitain, pour engranger de telles recettes il faudrait vendre chacun d\u2019eux \u00ab\u00a0en moyenne 100.000 euros\u00a0\u00bb. Ce qui, \u00e0 entendre ces \u00e9lus de la majorit\u00e9, n\u2019aurait \u00ab\u00a0rien d\u2019\u00e9vident\u00a0\u00bb au regard des prix du march\u00e9. Surtout en dehors du littoral.<\/p>\n<p class=\"fs-5 \">L\u2019\u00e9quipe de campagne rappelle, en outre, que <strong>C\u00f4te d\u2019Azur habitat<\/strong> \u00ab\u00a0doit encore rembourser <strong>200 millions d\u2019euros de pr\u00eats<\/strong> sur ces appartements, ce qui divise d\u2019un coup (pas de baguette magique celui-l\u00e0) l\u2019addition de moiti\u00e9\u00a0!\u00a0\u00bb<\/p>\n<p class=\"fs-5 \">Sans oublier les pertes de loyers estim\u00e9es \u00e0 \u00ab\u00a0<strong>20 millions d\u2019euros<\/strong>\u00a0\u00bb et la centaine d\u2019agents qu\u2019il faudrait \u00ab\u00a0licencier\u00a0\u00bb. De quoi faire fondre la manne financi\u00e8re envisag\u00e9e par <strong>Eric Ciotti<\/strong>.<\/p>\n","protected":false},"excerpt":{"rendered":"\u00ab\u00a0Vendre les logements de C\u00f4te d\u2019Azur habitat qui ne sont pas situ\u00e9s dans la M\u00e9tropole. \u00a0\u00bb C\u2019est l\u2019id\u00e9e&hellip;\n","protected":false},"author":2,"featured_media":659287,"comment_status":"","ping_status":"","sticky":false,"template":"","format":"standard","meta":{"footnotes":""},"categories":[2819],"tags":[1111,11,1777,674,1011,27,12,2401,882,25],"class_list":{"0":"post-659286","1":"post","2":"type-post","3":"status-publish","4":"format-standard","5":"has-post-thumbnail","7":"category-nice","8":"tag-actu","9":"tag-actualites","10":"tag-eu","11":"tag-europe","12":"tag-fr","13":"tag-france","14":"tag-news","15":"tag-nice","16":"tag-provence-alpes-cote-dazur","17":"tag-republique-francaise"},"share_on_mastodon":{"url":"https:\/\/pubeurope.com\/@fr\/115884400623961740","error":""},"_links":{"self":[{"href":"https:\/\/www.europesays.com\/fr\/wp-json\/wp\/v2\/posts\/659286","targetHints":{"allow":["GET"]}}],"collection":[{"href":"https:\/\/www.europesays.com\/fr\/wp-json\/wp\/v2\/posts"}],"about":[{"href":"https:\/\/www.europesays.com\/fr\/wp-json\/wp\/v2\/types\/post"}],"author":[{"embeddable":true,"href":"https:\/\/www.europesays.com\/fr\/wp-json\/wp\/v2\/users\/2"}],"replies":[{"embeddable":true,"href":"https:\/\/www.europesays.com\/fr\/wp-json\/wp\/v2\/comments?post=659286"}],"version-history":[{"count":0,"href":"https:\/\/www.europesays.com\/fr\/wp-json\/wp\/v2\/posts\/659286\/revisions"}],"wp:featuredmedia":[{"embeddable":true,"href":"https:\/\/www.europesays.com\/fr\/wp-json\/wp\/v2\/media\/659287"}],"wp:attachment":[{"href":"https:\/\/www.europesays.com\/fr\/wp-json\/wp\/v2\/media?parent=659286"}],"wp:term":[{"taxonomy":"category","embeddable":true,"href":"https:\/\/www.europesays.com\/fr\/wp-json\/wp\/v2\/categories?post=659286"},{"taxonomy":"post_tag","embeddable":true,"href":"https:\/\/www.europesays.com\/fr\/wp-json\/wp\/v2\/tags?post=659286"}],"curies":[{"name":"wp","href":"https:\/\/api.w.org\/{rel}","templated":true}]}}