{"id":659288,"date":"2026-01-12T22:06:12","date_gmt":"2026-01-12T22:06:12","guid":{"rendered":"https:\/\/www.europesays.com\/fr\/659288\/"},"modified":"2026-01-12T22:06:12","modified_gmt":"2026-01-12T22:06:12","slug":"lancien-pdg-de-nice-fabrice-bocquet-file-en-arabie-saoudite","status":"publish","type":"post","link":"https:\/\/www.europesays.com\/fr\/659288\/","title":{"rendered":"l&rsquo;ancien PDG de Nice Fabrice Bocquet file en Arabie Saoudite"},"content":{"rendered":"<p data-start=\"56\" data-end=\"793\">D\u00e9cid\u00e9ment, Fabrice Bocquet n&rsquo;aura pas mis beaucoup de temps pour retrouver un nouveau projet. Celui qui a quitt\u00e9 le 19 d\u00e9cembre la pr\u00e9sidence de l&rsquo;OGC Nice a \u00e9t\u00e9 nomm\u00e9 ce lundi 12 janvier Chief Executive Officer (CEO) du club saoudien d&rsquo;Al-Ahli. L&rsquo;homme d&rsquo;affaires de 43 ans, qui, selon les informations de L&rsquo;\u00c9quipe, a \u00e9t\u00e9 \u00e9galement approch\u00e9 par un club de Ligue 1 et par un autre en MLS, avait d\u00e9j\u00e0 collabor\u00e9 \u00e0 plusieurs reprises avec la f\u00e9d\u00e9ration saoudienne. C&rsquo;\u00e9tait dans le cadre de pr\u00e9c\u00e9dentes fonctions au sein d&rsquo;une entreprise de consulting (Portas), toujours selon le journal. Des connexions qui ont sans doute faciliter les transferts l&rsquo;\u00e9t\u00e9 dernier des Ni\u00e7ois Marcin Bulka (Neom) et Ga\u00ebtan Laborde (Al-Diriyah).<\/p>\n<p>Bocquet dans l&rsquo;un des plus grands du pays<\/p>\n<p data-start=\"840\" data-end=\"1501\">L&rsquo;ancien pr\u00e9sident des Aiglons ne rejoint pas n&rsquo;importe quel club. Trois fois titr\u00e9 champion dans son histoire et vainqueur en mai de sa toute premi\u00e8re Ligue des champions asiatique, Al-Ahli est l&rsquo;un des quatre clubs g\u00e9r\u00e9s par le Public Investment Fund (PIF), le puissant fonds souverain du Royaume. Bas\u00e9 \u00e0 Djeddah, le club fond\u00e9 en 1937 compte dans son effectif des joueurs reconnus sur la sc\u00e8ne mondiale, dont Riyad Mahrez, \u00c9douard Mendy, Franck Kessi\u00e9 ou encore les deux internationaux Espoirs (6 s\u00e9lections) Enzo Millot, arriv\u00e9 l&rsquo;\u00e9t\u00e9 dernier de Stuttgart pour 30 M\u20ac, et Valentin Atangana (5 s\u00e9lections, 1 but), arriv\u00e9 contre 25 millions du Stade de Reims.<\/p>\n<p>Partagez cette info avec vos amis et vos proches en cliquant ici<br \/>\u00c9tranger : l&rsquo;ancien PDG de Nice Fabrice Bocquet file en Arabie Saoudite<\/p>\n<p>Fabrice Bocquet, ex-pr\u00e9sident de l\u2019OGC Nice, prend les r\u00eanes d\u2019Al-Ahli en Arabie Saoudite comme CEO. Le club, trois fois champion et vainqueur de la Ligue des champions asiatique, compte Mahrez, Mendy, Kessi\u00e9 et les Espoirs Millot et Atangana.<\/p>\n<p> <img decoding=\"async\" width=\"76\" height=\"76\" loading=\"lazy\" src=\"https:\/\/static.wui.fr\/images_v3\/avatar-footnational.png\" alt=\"Clement Fradique\"\/><\/p>\n","protected":false},"excerpt":{"rendered":"D\u00e9cid\u00e9ment, Fabrice Bocquet n&rsquo;aura pas mis beaucoup de temps pour retrouver un nouveau projet. Celui qui a quitt\u00e9&hellip;\n","protected":false},"author":2,"featured_media":659289,"comment_status":"","ping_status":"","sticky":false,"template":"","format":"standard","meta":{"footnotes":""},"categories":[2819],"tags":[1111,11,1777,674,1011,27,64961,12,2401,882,25],"class_list":{"0":"post-659288","1":"post","2":"type-post","3":"status-publish","4":"format-standard","5":"has-post-thumbnail","7":"category-nice","8":"tag-actu","9":"tag-actualites","10":"tag-eu","11":"tag-europe","12":"tag-fr","13":"tag-france","14":"tag-ligue-1-actus","15":"tag-news","16":"tag-nice","17":"tag-provence-alpes-cote-dazur","18":"tag-republique-francaise"},"share_on_mastodon":{"url":"https:\/\/pubeurope.com\/@fr\/115884404540587075","error":""},"_links":{"self":[{"href":"https:\/\/www.europesays.com\/fr\/wp-json\/wp\/v2\/posts\/659288","targetHints":{"allow":["GET"]}}],"collection":[{"href":"https:\/\/www.europesays.com\/fr\/wp-json\/wp\/v2\/posts"}],"about":[{"href":"https:\/\/www.europesays.com\/fr\/wp-json\/wp\/v2\/types\/post"}],"author":[{"embeddable":true,"href":"https:\/\/www.europesays.com\/fr\/wp-json\/wp\/v2\/users\/2"}],"replies":[{"embeddable":true,"href":"https:\/\/www.europesays.com\/fr\/wp-json\/wp\/v2\/comments?post=659288"}],"version-history":[{"count":0,"href":"https:\/\/www.europesays.com\/fr\/wp-json\/wp\/v2\/posts\/659288\/revisions"}],"wp:featuredmedia":[{"embeddable":true,"href":"https:\/\/www.europesays.com\/fr\/wp-json\/wp\/v2\/media\/659289"}],"wp:attachment":[{"href":"https:\/\/www.europesays.com\/fr\/wp-json\/wp\/v2\/media?parent=659288"}],"wp:term":[{"taxonomy":"category","embeddable":true,"href":"https:\/\/www.europesays.com\/fr\/wp-json\/wp\/v2\/categories?post=659288"},{"taxonomy":"post_tag","embeddable":true,"href":"https:\/\/www.europesays.com\/fr\/wp-json\/wp\/v2\/tags?post=659288"}],"curies":[{"name":"wp","href":"https:\/\/api.w.org\/{rel}","templated":true}]}}