{"id":659296,"date":"2026-01-12T22:10:14","date_gmt":"2026-01-12T22:10:14","guid":{"rendered":"https:\/\/www.europesays.com\/fr\/659296\/"},"modified":"2026-01-12T22:10:14","modified_gmt":"2026-01-12T22:10:14","slug":"baisse-de-loffre-de-formation-economies-face-au-deficit-luniversite-bordeaux-montaigne-prend-des-mesures","status":"publish","type":"post","link":"https:\/\/www.europesays.com\/fr\/659296\/","title":{"rendered":"Baisse de l\u2019offre de formation, \u00e9conomies\u2026 Face au d\u00e9ficit, l\u2019Universit\u00e9 Bordeaux Montaigne prend des mesures"},"content":{"rendered":"<p>Face \u00e0 cette situation, les regards se tournent une nouvelle fois vers l\u2019\u00c9tat. Celui-ci n\u2019assume plus le remboursement en totalit\u00e9 des moyens que les universit\u00e9s d\u00e9bloquent pour les salaires de ses fonctionnaires et les obligations r\u00e9glementaires. \u00ab\u00a0Sur 2026, en pr\u00e9visionnel, les sommes non compens\u00e9es repr\u00e9sentent 3\u00a0millions d\u2019euros. Cela correspond \u00e0 2,5\u00a0% de notre budget\u00a0\u00bb, d\u00e9plore le pr\u00e9sident de l\u2019UBM Alexandre P\u00e9raud. Sans parler du manque de visibilit\u00e9, alors que le budget de l\u2019\u00c9tat n\u2019est toujours pas vot\u00e9. Adoption d\u2019une motion, alerte des d\u00e9put\u00e9s\u2026 L\u2019\u00e9tablissement s\u2019active pour sensibiliser sur le sort des universit\u00e9s. En attendant, Montaigne est \u00e0 la recherche d\u2019un atterrissage financier.<\/p>\n<blockquote><p>\u00ab\u00a0Sur 2026, en pr\u00e9visionnel, les sommes non compens\u00e9es repr\u00e9sentent 3\u00a0millions d\u2019euros\u00a0\u00bb<\/p><\/blockquote>\n<p>Le rectorat avait re\u00e7u, en novembre, une premi\u00e8re mouture du budget de l\u2019UBM. Le d\u00e9ficit s\u2019\u00e9tablissait \u00e0 13\u00a0millions d\u2019euros. \u00ab\u00a0Le rectorat nous a alert\u00e9s sur le fait que ce budget ne nous permettrait plus de payer les salaires \u00e0 moins d\u2019un an\u00a0\u00bb, pr\u00e9cise l\u2019entourage du pr\u00e9sident. La deuxi\u00e8me version a \u00e9t\u00e9 assortie d\u2019un avis \u00ab\u00a0r\u00e9serv\u00e9\u00a0\u00bb du rectorat.<\/p>\n<p>En cause, des indicateurs qui alertent. Ils sont au nombre de trois \u00e0 \u00eatre scrut\u00e9s pour \u00e9valuer un budget universitaire\u00a0: si un seul est en dessous du seuil r\u00e9glementaire, le budget n\u2019est pas consid\u00e9r\u00e9 comme soutenable et peut amener le rectorat \u00e0 d\u00e9clencher une proc\u00e9dure imposant des conditions de retour \u00e0 l\u2019\u00e9quilibre. Bordeaux Montaigne a deux indicateurs dans le rouge (1). Concernant le d\u00e9clenchement de la proc\u00e9dure, le rectorat se veut rassurant (lire par ailleurs).<\/p>\n<p>        <img decoding=\"async\" id=\"27390450\" src=\"https:\/\/www.europesays.com\/fr\/wp-content\/uploads\/2026\/01\/sudouest-photo-1-33873440.jpg\" alt=\"Alexandre P\u00e9raud est pr\u00e9sident de l\u2019Universit\u00e9 Bordeaux Montaigne depuis 2024.\" itemprop=\"contentURL\"\/><\/p>\n<p>    Alexandre P\u00e9raud est pr\u00e9sident de l\u2019Universit\u00e9 Bordeaux Montaigne depuis 2024.<\/p>\n<p>Archives Guillaume Bonnaud \/ SO<\/p>\n<p>    CDD non renouvel\u00e9s<\/p>\n<p>\u00ab\u00a0Je tiens \u00e0 garder une capacit\u00e9 d\u00e9cisionnelle\u00a0\u00bb, r\u00e9sume Alexandre P\u00e9raud. En d\u00e9cembre, le budget a \u00e9t\u00e9 vot\u00e9 par le conseil d\u2019administration (CA) avec 18 voix pour, 14 contre et trois abstentions. Il pr\u00e9voit une r\u00e9duction de 20\u00a0% du fonctionnement des services et composantes de l\u2019universit\u00e9. Et un investissement limit\u00e9 aux d\u00e9penses incompressibles et s\u00e9curitaires. Le gel des recrutements d\u2019enseignants-chercheurs a aussi \u00e9t\u00e9 act\u00e9. \u00ab\u00a0Ceux qui partiront en retraite seront remplac\u00e9s par des Attach\u00e9s temporaires d\u2019enseignement et de recherche (Ater)\u00a0\u00bb, met en avant Alexandre P\u00e9raud. Une mesure qui t\u00e9moigne de la marge de man\u0153uvre que conserve l\u2019UBM, selon son pr\u00e9sident.<\/p>\n<blockquote><p>\u00ab\u00a0Accro\u00eetre cette pression, c\u2019est prendre le risque d\u2019un effondrement organisationnel et humain\u00a0\u00bb<\/p><\/blockquote>\n<p>Les contrats \u00e0 dur\u00e9e d\u00e9termin\u00e9e des agents administratifs sont \u00e9galement concern\u00e9s par les mesures d\u2019\u00e9conomies. Une trentaine d\u2019entre eux ne sera pas renouvel\u00e9e. \u00c9lu CGT repr\u00e9sentant les personnels des biblioth\u00e8ques, ing\u00e9nieurs, administratifs, techniques et sociaux et de sant\u00e9 (BIATSS) au CA, Sylvain Rigollet n\u2019a pas vot\u00e9 le budget. \u00ab\u00a0Notre universit\u00e9 fonctionne d\u00e9j\u00e0 \u00e0 flux tendu, a-t-il alert\u00e9 lors du CA de d\u00e9cembre. Les personnels subissent une surcharge de travail chronique li\u00e9e \u00e0 des fonctionnements parfois inadapt\u00e9s et une amplification des proc\u00e9dures administratives, aussi bien pour les personnels BIATSS que pour les enseignants. Accro\u00eetre cette pression, c\u2019est prendre le risque d\u2019un effondrement organisationnel et humain.\u00a0\u00bb<\/p>\n<p>\u00ab\u00a0Faire diff\u00e9remment ne signifie pas n\u00e9cessairement couper le service, cela veut dire l\u2019organiser diff\u00e9remment\u00a0\u00bb, plaide l\u2019entourage du pr\u00e9sident de l\u2019UBM, \u00e9voquant de possibles mutualisations, notamment avec l\u2019Universit\u00e9 de Bordeaux.<\/p>\n<p>Une offre de formation \u00e0 la baisse<\/p>\n<p>Reste que le contexte budg\u00e9taire va peser sur l\u2019offre de formation. Deux licences seront supprim\u00e9es \u00e0 la rentr\u00e9e de septembre\u00a0: anglais\/philosophie et danse. \u00ab\u00a0Comparativement, nous avons plus de 200 parcours \u00e0 l\u2019UBM, nuance Alexandre P\u00e9raud. Ces licences concernent une cinquantaine d\u2019\u00e9tudiants. Elles doivent \u00eatre repens\u00e9es\u00a0\u00bb. Sur les 200\u00a0000 heures actuellement dispens\u00e9es chaque ann\u00e9e, l\u2019UBM \u00e9voque une r\u00e9duction de 40\u00a0000 heures. \u00ab\u00a0C\u2019est une amputation \u00e9norme\u00a0\u00bb, s\u2019\u00e9touffe l\u2019\u00e9lue Unef B\u00fcsra Dirik, qui a vot\u00e9 contre le budget en CA.<\/p>\n<p>L\u00e0 encore, la pr\u00e9sidence \u00e9voque le travail en collectif. \u00ab\u00a0\u00c0 l\u2019\u00e9chelle de la Nouvelle-Aquitaine, il n\u2019est pas n\u00e9cessaire que nous fassions tous la m\u00eame chose, chacun dans son coin, avec parfois de faibles effectifs.\u00a0\u00bb Alexandre P\u00e9raud \u00e9voque le master de lettres classiques, \u00ab\u00a0que nous faisons en alternance avec <a href=\"https:\/\/www.sudouest.fr\/politique\/education\/l-universite-de-pau-et-des-pays-de-l-adour-vise-2-millions-d-economie-en-2026-27166931.php\" target=\"_blank\" rel=\"follow nofollow noopener\">l\u2019Universit\u00e9 de Pau et des Pays de l\u2019Adour<\/a>\u00a0: deux ans chez eux, et deux ans chez nous\u00a0\u00bb. La question du maintien de certaines formations pourrait se poser, notamment pour les langues dites \u00ab\u00a0rares\u00a0\u00bb. L\u2019UBM en compte d\u00e9sormais 26 \u00e0 son emploi du temps. \u00ab\u00a0Nous discutons avec l\u2019Institut national des langues et civilisations orientales (Inalco) pour mettre en place un enseignement \u00e0 distance\u00a0\u00bb, glisse Alexandre P\u00e9raud.<\/p>\n<p>Sur le volet des recettes, l\u2019UBM n\u2019a pas la main sur les frais d\u2019inscription en licence, master et doctorat. Mais elle a fait le choix de ne pas toucher les frais pour la formation continue et les dipl\u00f4mes universitaires. Elle \u00e9carte \u00e9galement un <a href=\"https:\/\/www.sudouest.fr\/ile-de-france\/paris\/financement-des-universites-face-au-manque-de-lisibilite-le-ministre-annonce-des-assises-en-janvier-27043041.php\" target=\"_blank\" rel=\"follow nofollow noopener\">d\u00e9plafonnement des frais d\u2019inscription pour les \u00e9tudiants \u00e9trangers extra-communautaires<\/a>.<\/p>\n<p>(1) Le fonds de roulement de l\u2019UBM est de treize jours de fonctionnement, contre un minimum de quinze jours pour \u00eatre dans le vert. Les charges de personnel doivent s\u2019\u00e9tablir \u00e0 85\u00a0% des produits encaissables. Montaigne est \u00e0 86,71\u00a0%. Seule la tr\u00e9sorerie est dans le vert, m\u00eame si elle est en baisse\u00a0: quarante et un jours, pour un indicateur qui doit \u00eatre sup\u00e9rieur ou \u00e9gal \u00e0 trente jours de fonctionnement.<\/p>\n","protected":false},"excerpt":{"rendered":"Face \u00e0 cette situation, les regards se tournent une nouvelle fois vers l\u2019\u00c9tat. Celui-ci n\u2019assume plus le remboursement&hellip;\n","protected":false},"author":2,"featured_media":659297,"comment_status":"","ping_status":"","sticky":false,"template":"","format":"standard","meta":{"footnotes":"","_share_on_mastodon":"0"},"categories":[2817],"tags":[1111,11,1997,1777,674,1011,27,12,2219,25],"class_list":["post-659296","post","type-post","status-publish","format-standard","has-post-thumbnail","category-bordeaux","tag-actu","tag-actualites","tag-bordeaux","tag-eu","tag-europe","tag-fr","tag-france","tag-news","tag-nouvelle-aquitaine","tag-republique-francaise"],"share_on_mastodon":{"url":"https:\/\/pubeurope.com\/@fr\/115884420584158347","error":""},"_links":{"self":[{"href":"https:\/\/www.europesays.com\/fr\/wp-json\/wp\/v2\/posts\/659296","targetHints":{"allow":["GET"]}}],"collection":[{"href":"https:\/\/www.europesays.com\/fr\/wp-json\/wp\/v2\/posts"}],"about":[{"href":"https:\/\/www.europesays.com\/fr\/wp-json\/wp\/v2\/types\/post"}],"author":[{"embeddable":true,"href":"https:\/\/www.europesays.com\/fr\/wp-json\/wp\/v2\/users\/2"}],"replies":[{"embeddable":true,"href":"https:\/\/www.europesays.com\/fr\/wp-json\/wp\/v2\/comments?post=659296"}],"version-history":[{"count":0,"href":"https:\/\/www.europesays.com\/fr\/wp-json\/wp\/v2\/posts\/659296\/revisions"}],"wp:featuredmedia":[{"embeddable":true,"href":"https:\/\/www.europesays.com\/fr\/wp-json\/wp\/v2\/media\/659297"}],"wp:attachment":[{"href":"https:\/\/www.europesays.com\/fr\/wp-json\/wp\/v2\/media?parent=659296"}],"wp:term":[{"taxonomy":"category","embeddable":true,"href":"https:\/\/www.europesays.com\/fr\/wp-json\/wp\/v2\/categories?post=659296"},{"taxonomy":"post_tag","embeddable":true,"href":"https:\/\/www.europesays.com\/fr\/wp-json\/wp\/v2\/tags?post=659296"}],"curies":[{"name":"wp","href":"https:\/\/api.w.org\/{rel}","templated":true}]}}