{"id":659300,"date":"2026-01-12T22:12:14","date_gmt":"2026-01-12T22:12:14","guid":{"rendered":"https:\/\/www.europesays.com\/fr\/659300\/"},"modified":"2026-01-12T22:12:14","modified_gmt":"2026-01-12T22:12:14","slug":"un-camion-perce-son-reservoir-en-plein-centre-de-toulouse-200-litres-de-gazole-deverses-la-circulation-paralysee-deux-heures","status":"publish","type":"post","link":"https:\/\/www.europesays.com\/fr\/659300\/","title":{"rendered":"Un camion perce son r\u00e9servoir en plein centre de Toulouse\u00a0: 200 litres de gazole d\u00e9vers\u00e9s, la circulation paralys\u00e9e deux heures"},"content":{"rendered":"<p>\n                                                                    l&rsquo;essentiel<\/p>\n<p>Un camion a perc\u00e9 son r\u00e9servoir en man\u0153uvrant sur la place Wilson, \u00e0 Toulouse, provoquant un important d\u00e9versement de gazole sur les pav\u00e9s. L\u2019intervention coordonn\u00e9e des pompiers et des services municipaux ont conduit \u00e0 la coupure de la circulation.<\/p>\n<p data-pm-slice=\"1 1 []\">Elias discutait devant un caf\u00e9 encore fumant, en terrasse, quand un bruit l\u2019a coup\u00e9 net. Un choc sourd, m\u00e9tallique, qui a fait se retourner les t\u00eates sur la place Wilson, ce lundi en d\u00e9but de matin\u00e9e. En man\u0153uvrant \u00e0 l\u2019angle de la rue Saint-Antoine-du-T et de la place, un camion venait de percuter un potelet. Son r\u00e9servoir s\u2019est perc\u00e9. En quelques secondes, l\u2019odeur \u00e2cre du gazole a envahi l\u2019air.<\/p>\n<p class=\"std-elt__inline\">\n        <strong>\u00c0 lire aussi :<\/strong><br \/>\n        <a href=\"https:\/\/www.ladepeche.fr\/2026\/01\/11\/accident-voiture-pieton-sur-la-voie-rapide-a-toulouse-pronostic-vital-alcoolemie-ce-que-lon-sait-13155790.php\" target=\"_blank\" rel=\"noopener\">Accident voiture-pi\u00e9ton sur la voie rapide \u00e0 Toulouse\u00a0: pronostic vital, alcool\u00e9mie\u2026 Ce que l\u2019on sait<\/a>\n    <\/p>\n<p>\u00ab\u00a0On a senti une grosse odeur tr\u00e8s forte. La police municipale l\u2019a fait garer le camion sur les places r\u00e9serv\u00e9es aux taxis. Beaucoup de carburant a coul\u00e9 sur les pav\u00e9s. C\u2019\u00e9tait impressionnant. Le chauffeur avait l\u2019air paniqu\u00e9. Les gens s\u2019arr\u00eataient sans forc\u00e9ment se rendre compte du danger\u00a0\u00bb, raconte le g\u00e9rant du restaurant libanais Byblos.<\/p>\n<p class=\"std-elt__inline\">\n        <strong>\u00c0 lire aussi :<\/strong><br \/>\n        <a href=\"https:\/\/www.ladepeche.fr\/2026\/01\/10\/un-poids-lourd-espagnol-accidente-sur-une-route-departementale-la-circulation-totalement-interrompue-13154723.php\" target=\"_blank\" rel=\"noopener\">Un poids lourd espagnol accident\u00e9 sur une route d\u00e9partementale, une circulation altern\u00e9e mise en place<\/a>\n    <\/p>\n<p>Alert\u00e9e par la vid\u00e9oprotection de la mairie de Toulouse, la police municipale intervient rapidement. Le r\u00e9servoir de 200 litres se vide par jets. Le gazole s\u2019\u00e9coule, une partie se dirige vers les bouches d\u2019\u00e9gout. La circulation est coup\u00e9e, le p\u00e9rim\u00e8tre s\u00e9curis\u00e9.<\/p>\n<p>\u00ab\u00a0Un gros bordel\u2026\u00a0\u00bb<\/p>\n<p>\u00c0 9\u00a0h\u00a040, les flux sont d\u00e9vi\u00e9s\u00a0: depuis Wilson, les v\u00e9hicules sont orient\u00e9s \u00e0 contresens par la rue Lafayette, puis redirig\u00e9s vers la rue du Poids-de-l\u2019Huile. La place se fige. \u00ab\u00a0C\u2019\u00e9tait le gros bordel\u00a0\u00bb, glisse un policier municipal.<\/p>\n<p class=\"std-elt__inline\">\n        <strong>\u00c0 lire aussi :<\/strong><br \/>\n        <a href=\"https:\/\/www.ladepeche.fr\/2026\/01\/11\/routes-verglacantes-deux-accidents-dans-la-meme-matinee-plusieurs-blesses-dont-un-enfant-de-trois-ans-13155652.php\" target=\"_blank\" rel=\"noopener\">Routes vergla\u00e7antes\u00a0: deux accidents dans la matin\u00e9e, plusieurs bless\u00e9s dont un enfant de trois ans<\/a>\n    <\/p>\n<p>Les sapeurs-pompiers colmatent la fuite et installent un bassin de r\u00e9tention sous le camion pour r\u00e9cup\u00e9rer le carburant restant. Dix sacs de terre absorbante sont r\u00e9pandus sur la chauss\u00e9e pour contenir le liquide d\u00e9j\u00e0 \u00e9coul\u00e9. Une balayeuse, puis deux hydrod\u00e9capeuses, entrent en action.<\/p>\n<p>L\u2019intervention dure pr\u00e8s de deux heures. Vers 11\u00a0h\u00a045, la circulation est rouverte. La mairie de Toulouse annonce toutefois un retour des engins de nettoyage le lendemain matin. Une nouvelle hydrod\u00e9capeuse sera d\u00e9ploy\u00e9e pour s\u2019assurer qu\u2019aucune trace glissante ne subsiste sur les pav\u00e9s.<\/p>\n<p>\u00c0 la mi-journ\u00e9e, la place Wilson a retrouv\u00e9 son rythme. Les terrasses se remplissent \u00e0 nouveau. Mais l\u2019odeur de carburant, elle, mettra un peu plus de temps \u00e0 dispara\u00eetre.<\/p>\n","protected":false},"excerpt":{"rendered":"l&rsquo;essentiel Un camion a perc\u00e9 son r\u00e9servoir en man\u0153uvrant sur la place Wilson, \u00e0 Toulouse, provoquant un important&hellip;\n","protected":false},"author":2,"featured_media":659301,"comment_status":"","ping_status":"","sticky":false,"template":"","format":"standard","meta":{"footnotes":""},"categories":[2816],"tags":[1111,11,1777,674,118,1011,27,2722,12,2680,25,2312],"class_list":{"0":"post-659300","1":"post","2":"type-post","3":"status-publish","4":"format-standard","5":"has-post-thumbnail","7":"category-toulouse","8":"tag-actu","9":"tag-actualites","10":"tag-eu","11":"tag-europe","12":"tag-faits-divers","13":"tag-fr","14":"tag-france","15":"tag-haute-garonne","16":"tag-news","17":"tag-occitanie","18":"tag-republique-francaise","19":"tag-toulouse"},"share_on_mastodon":{"url":"https:\/\/pubeurope.com\/@fr\/115884428017364126","error":""},"_links":{"self":[{"href":"https:\/\/www.europesays.com\/fr\/wp-json\/wp\/v2\/posts\/659300","targetHints":{"allow":["GET"]}}],"collection":[{"href":"https:\/\/www.europesays.com\/fr\/wp-json\/wp\/v2\/posts"}],"about":[{"href":"https:\/\/www.europesays.com\/fr\/wp-json\/wp\/v2\/types\/post"}],"author":[{"embeddable":true,"href":"https:\/\/www.europesays.com\/fr\/wp-json\/wp\/v2\/users\/2"}],"replies":[{"embeddable":true,"href":"https:\/\/www.europesays.com\/fr\/wp-json\/wp\/v2\/comments?post=659300"}],"version-history":[{"count":0,"href":"https:\/\/www.europesays.com\/fr\/wp-json\/wp\/v2\/posts\/659300\/revisions"}],"wp:featuredmedia":[{"embeddable":true,"href":"https:\/\/www.europesays.com\/fr\/wp-json\/wp\/v2\/media\/659301"}],"wp:attachment":[{"href":"https:\/\/www.europesays.com\/fr\/wp-json\/wp\/v2\/media?parent=659300"}],"wp:term":[{"taxonomy":"category","embeddable":true,"href":"https:\/\/www.europesays.com\/fr\/wp-json\/wp\/v2\/categories?post=659300"},{"taxonomy":"post_tag","embeddable":true,"href":"https:\/\/www.europesays.com\/fr\/wp-json\/wp\/v2\/tags?post=659300"}],"curies":[{"name":"wp","href":"https:\/\/api.w.org\/{rel}","templated":true}]}}