{"id":659304,"date":"2026-01-12T22:15:10","date_gmt":"2026-01-12T22:15:10","guid":{"rendered":"https:\/\/www.europesays.com\/fr\/659304\/"},"modified":"2026-01-12T22:15:10","modified_gmt":"2026-01-12T22:15:10","slug":"police-la-prefecture-affirme-que-plus-de-160-policiers-sont-mobilises-chaque-nuit-a-marseille","status":"publish","type":"post","link":"https:\/\/www.europesays.com\/fr\/659304\/","title":{"rendered":"Police : la pr\u00e9fecture affirme que plus de 160 policiers sont mobilis\u00e9s chaque nuit \u00e0 Marseille"},"content":{"rendered":"<p><strong data-start=\"1829\" data-end=\"2049\">Le pr\u00e9fet des Bouches-du-Rh\u00f4ne, via un communiqu\u00e9, salue l\u2019engagement des forces de police et r\u00e9pond aux chiffres \u00e9voqu\u00e9s ces derniers jours sur les effectifs nocturnes dans la cit\u00e9 phoc\u00e9enne.<\/strong><br \/>\n<img fetchpriority=\"high\" decoding=\"async\" class=\"size-full wp-image-67635\" src=\"https:\/\/www.europesays.com\/fr\/wp-content\/uploads\/2026\/01\/img_2311copie_police.jpg\" alt=\"Destimed img 2311copie police\" width=\"1024\" height=\"768\"  \/>\u00a9 Destimed<\/p>\n<p>Selon la pr\u00e9fecture, plus de 160 policiers sont mobilis\u00e9s en moyenne, chaque nuit, \u00e0 Marseille, entre 19 heures et 6 heures, sur la voie publique. Le communiqu\u00e9 pr\u00e9cise que ce total est \u00e9tabli hors CRS, d\u00e9ploy\u00e9es le soir \u00ab aussi dans les cit\u00e9s ou dans le centre-ville \u00bb. Le pr\u00e9fet conteste ainsi une estimation qui a circul\u00e9 \u00ab \u00e0 plusieurs reprises \u00bb : les Marseillaises et les Marseillais ne pourraient pas compter sur \u00ab 40 fonctionnaires \u00bb la nuit, mais sur \u00ab un effectif cons\u00e9quent \u00bb, renforc\u00e9 les week-ends et lors \u00ab d\u2019\u00e9v\u00e9nements particuliers \u00bb. Le communiqu\u00e9 met \u00e9galement en exergue le r\u00f4le des unit\u00e9s engag\u00e9es la nuit, citant notamment la brigade anti-d\u00e9linquance, la brigade sp\u00e9cialis\u00e9e de terrain et la police secours. Le pr\u00e9fet souligne leur capacit\u00e9 \u00e0 intervenir rapidement, \u00ab l\u00e0 o\u00f9 le besoin se situe \u00bb, en particulier dans les secteurs jug\u00e9s les plus criminog\u00e8nes. Enfin, l\u2019\u00c9tat insiste sur le caract\u00e8re \u00ab d\u00e9terminant \u00bb de leur action et estime que les \u00ab enjeux politiques \u00bb ne doivent pas remettre en cause l\u2019engagement des policiers mobilis\u00e9s.<\/p>\n<p><strong>La r\u00e9daction<\/strong><\/p>\n","protected":false},"excerpt":{"rendered":"Le pr\u00e9fet des Bouches-du-Rh\u00f4ne, via un communiqu\u00e9, salue l\u2019engagement des forces de police et r\u00e9pond aux chiffres \u00e9voqu\u00e9s&hellip;\n","protected":false},"author":2,"featured_media":659305,"comment_status":"","ping_status":"","sticky":false,"template":"","format":"standard","meta":{"footnotes":""},"categories":[2814],"tags":[1111,11,1777,674,1011,27,884,12,882,25],"class_list":{"0":"post-659304","1":"post","2":"type-post","3":"status-publish","4":"format-standard","5":"has-post-thumbnail","7":"category-marseille","8":"tag-actu","9":"tag-actualites","10":"tag-eu","11":"tag-europe","12":"tag-fr","13":"tag-france","14":"tag-marseille","15":"tag-news","16":"tag-provence-alpes-cote-dazur","17":"tag-republique-francaise"},"share_on_mastodon":{"url":"https:\/\/pubeurope.com\/@fr\/115884439955436938","error":""},"_links":{"self":[{"href":"https:\/\/www.europesays.com\/fr\/wp-json\/wp\/v2\/posts\/659304","targetHints":{"allow":["GET"]}}],"collection":[{"href":"https:\/\/www.europesays.com\/fr\/wp-json\/wp\/v2\/posts"}],"about":[{"href":"https:\/\/www.europesays.com\/fr\/wp-json\/wp\/v2\/types\/post"}],"author":[{"embeddable":true,"href":"https:\/\/www.europesays.com\/fr\/wp-json\/wp\/v2\/users\/2"}],"replies":[{"embeddable":true,"href":"https:\/\/www.europesays.com\/fr\/wp-json\/wp\/v2\/comments?post=659304"}],"version-history":[{"count":0,"href":"https:\/\/www.europesays.com\/fr\/wp-json\/wp\/v2\/posts\/659304\/revisions"}],"wp:featuredmedia":[{"embeddable":true,"href":"https:\/\/www.europesays.com\/fr\/wp-json\/wp\/v2\/media\/659305"}],"wp:attachment":[{"href":"https:\/\/www.europesays.com\/fr\/wp-json\/wp\/v2\/media?parent=659304"}],"wp:term":[{"taxonomy":"category","embeddable":true,"href":"https:\/\/www.europesays.com\/fr\/wp-json\/wp\/v2\/categories?post=659304"},{"taxonomy":"post_tag","embeddable":true,"href":"https:\/\/www.europesays.com\/fr\/wp-json\/wp\/v2\/tags?post=659304"}],"curies":[{"name":"wp","href":"https:\/\/api.w.org\/{rel}","templated":true}]}}