{"id":659308,"date":"2026-01-12T22:17:11","date_gmt":"2026-01-12T22:17:11","guid":{"rendered":"https:\/\/www.europesays.com\/fr\/659308\/"},"modified":"2026-01-12T22:17:11","modified_gmt":"2026-01-12T22:17:11","slug":"drome-la-police-va-mal-les-collegues-sont-a-bout-le-syndicat-alliance-appelle-a-un-rassemblement-citoyen-a-lyon-le-31-janvier","status":"publish","type":"post","link":"https:\/\/www.europesays.com\/fr\/659308\/","title":{"rendered":"Dr\u00f4me. \u00ab La police va mal, les coll\u00e8gues sont \u00e0 bout \u00bb, le syndicat Alliance appelle \u00e0 un rassemblement citoyen \u00e0 Lyon le 31 janvier"},"content":{"rendered":"<p>C\u2019est une premi\u00e8re. Le syndicat Alliance police nationale appelle, partout en France, \u00e0 des rassemblements citoyens. \u00ab La police va mal, les coll\u00e8gues sont \u00e0 bout \u00bb, explique Denis Iglesias, secr\u00e9taire d\u00e9partemental Alliance Dr\u00f4me et secr\u00e9taire national adjoint nuit du syndicat. Il invite, le 31 janvier \u00e0 11 heures \u00e0 Lyon, \u00ab les policiers nationaux, municipaux, forces de l\u2019ordre, \u00e9lus et citoyens \u00e0 se mobiliser pour dire stop \u00e0 l\u2019ins\u00e9curit\u00e9, \u00e0 l\u2019impunit\u00e9, et \u00e0 l\u2019abandon des forces de l\u2019ordre \u00bb.<\/p>\n<p>Denis Iglesias d\u00e9nonce : \u00ab Les policiers assurent la s\u00e9curit\u00e9 des Fran\u00e7ais avec professionnalisme et courage, sans moyens humains, mat\u00e9riels, logistiques et juridiques suffisants, et avec un budget inexistant \u00bb. Il poursuit : \u00ab On nous en demande toujours plus avec toujours moins. Cette situation concerne tous les policiers, sans exception : ceux sur le terrain, en investigations, mais aussi les personnels administratifs, techniques et scientifiques \u00bb.<\/p>\n<p>Pour le secr\u00e9taire d\u00e9partemental du syndicat : \u00ab La police nationale est devenue la plus grande enseigne de bricolage de France : on colmate, on rafistole, on fait comme on peut\u2026 et au bout de la cha\u00eene, ce sont les citoyens qui paient le prix fort \u00bb.<\/p>\n<p>En Auvergne-Rh\u00f4ne-Alpes, deux autres rassemblements sont pr\u00e9vus \u00e0 Grenoble et \u00e0 Clermont-Ferrand.<\/p>\n","protected":false},"excerpt":{"rendered":"C\u2019est une premi\u00e8re. Le syndicat Alliance police nationale appelle, partout en France, \u00e0 des rassemblements citoyens. \u00ab La&hellip;\n","protected":false},"author":2,"featured_media":659309,"comment_status":"","ping_status":"","sticky":false,"template":"","format":"standard","meta":{"footnotes":""},"categories":[1889],"tags":[1111,11,2430,2730,6436,2737,2735,1777,674,274,1011,27,2428,12,25],"class_list":{"0":"post-659308","1":"post","2":"type-post","3":"status-publish","4":"format-standard","5":"has-post-thumbnail","7":"category-lyon","8":"tag-actu","9":"tag-actualites","10":"tag-auvergne-rhone-alpes","11":"tag-drome","12":"tag-edition-montelimar-drome-provencale","13":"tag-edition-romans-nord-drome","14":"tag-edition-valence-rhone-crussol-vallee-de-la-drome","15":"tag-eu","16":"tag-europe","17":"tag-faits-divers-justice","18":"tag-fr","19":"tag-france","20":"tag-lyon","21":"tag-news","22":"tag-republique-francaise"},"share_on_mastodon":{"url":"https:\/\/pubeurope.com\/@fr\/115884447830721630","error":""},"_links":{"self":[{"href":"https:\/\/www.europesays.com\/fr\/wp-json\/wp\/v2\/posts\/659308","targetHints":{"allow":["GET"]}}],"collection":[{"href":"https:\/\/www.europesays.com\/fr\/wp-json\/wp\/v2\/posts"}],"about":[{"href":"https:\/\/www.europesays.com\/fr\/wp-json\/wp\/v2\/types\/post"}],"author":[{"embeddable":true,"href":"https:\/\/www.europesays.com\/fr\/wp-json\/wp\/v2\/users\/2"}],"replies":[{"embeddable":true,"href":"https:\/\/www.europesays.com\/fr\/wp-json\/wp\/v2\/comments?post=659308"}],"version-history":[{"count":0,"href":"https:\/\/www.europesays.com\/fr\/wp-json\/wp\/v2\/posts\/659308\/revisions"}],"wp:featuredmedia":[{"embeddable":true,"href":"https:\/\/www.europesays.com\/fr\/wp-json\/wp\/v2\/media\/659309"}],"wp:attachment":[{"href":"https:\/\/www.europesays.com\/fr\/wp-json\/wp\/v2\/media?parent=659308"}],"wp:term":[{"taxonomy":"category","embeddable":true,"href":"https:\/\/www.europesays.com\/fr\/wp-json\/wp\/v2\/categories?post=659308"},{"taxonomy":"post_tag","embeddable":true,"href":"https:\/\/www.europesays.com\/fr\/wp-json\/wp\/v2\/tags?post=659308"}],"curies":[{"name":"wp","href":"https:\/\/api.w.org\/{rel}","templated":true}]}}