{"id":659326,"date":"2026-01-12T22:27:13","date_gmt":"2026-01-12T22:27:13","guid":{"rendered":"https:\/\/www.europesays.com\/fr\/659326\/"},"modified":"2026-01-12T22:27:13","modified_gmt":"2026-01-12T22:27:13","slug":"nouveaux-records-a-wall-street-malgre-le-bras-de-fer-entre-trump-et-powell","status":"publish","type":"post","link":"https:\/\/www.europesays.com\/fr\/659326\/","title":{"rendered":"Nouveaux records \u00e0 Wall Street malgr\u00e9 le bras de fer entre Trump et Powell"},"content":{"rendered":"<p>&#13;<br \/>\n            <img decoding=\"async\" src=\"https:\/\/www.europesays.com\/fr\/wp-content\/uploads\/2025\/12\/822-c.jpg\" alt=\"bourse S&amp;P 500\"\/><\/p>\n<p>(Agefi-Dow Jones)&#8211;La Bourse de New York a l\u00e9g\u00e8rement<br \/>\nprogress\u00e9 lundi, suffisamment pour porter le Dow Jones et le S&amp;P<br \/>\n500 \u00e0 de nouveaux sommets historiques, malgr\u00e9 le regain de<br \/>\ntensions entre l&rsquo;administration Trump et la R\u00e9serve<br \/>\nf\u00e9d\u00e9rale (Fed).<\/p>\n<p>L&rsquo;<a href=\"https:\/\/www.abcbourse.com\/cotation\/DJIAx\" target=\"_blank\" rel=\"noopener\">indice Dow Jones<\/a> a cl\u00f4tur\u00e9 en hausse de 0,2%, \u00e0<br \/>\n49.590,20 points, de m\u00eame que le S&amp;P 500, \u00e0 6.977,27 points.<br \/>\nLe Nasdaq Composite, riche en valeurs technologiques, s&rsquo;est adjug\u00e9<br \/>\n0,3%, \u00e0 23.733,90 points.<\/p>\n<p>Le d\u00e9partement de la Justice a envoy\u00e9 vendredi au<br \/>\npr\u00e9sident de la Fed, Jerome Powell, une citation \u00e0<br \/>\ncompara\u00eetre devant un grand jury en vue de possibles poursuites<br \/>\np\u00e9nales, \u00e0 la suite de ses d\u00e9clarations concernant le<br \/>\nco\u00fbt de la r\u00e9novation du b\u00e2timent de la banque centrale<br \/>\nl&rsquo;\u00e9t\u00e9 dernier.<\/p>\n<p>Au cours de l&rsquo;ann\u00e9e \u00e9coul\u00e9e, le pr\u00e9sident<br \/>\nam\u00e9ricain Donald Trump a critiqu\u00e9 \u00e0 plusieurs reprises la<br \/>\ngestion de ce projet, qui a connu d&rsquo;importants d\u00e9passements de<br \/>\nco\u00fbts, et avait d\u00e9j\u00e0 menac\u00e9 Jerome Powell de<br \/>\npoursuites avant l&rsquo;ouverture d&rsquo;une enqu\u00eate sur le sujet par le<br \/>\nd\u00e9partement de la Justice.<\/p>\n<p>Dans une vid\u00e9o publi\u00e9e sur le site de la Fed, le banquier<br \/>\ncentral a qualifi\u00e9 cette proc\u00e9dure de \u00ab\u00a0pr\u00e9texte\u00a0\u00bb pour<br \/>\nfaire pression sur l&rsquo;institution afin d&rsquo;obtenir des baisses de taux<br \/>\nd&rsquo;int\u00e9r\u00eat. \u00ab\u00a0La menace de poursuites p\u00e9nales est la<br \/>\ncons\u00e9quence (de la d\u00e9cision) de la Fed de fixer les taux<br \/>\nd&rsquo;int\u00e9r\u00eat sur la base de notre meilleure \u00e9valuation de ce<br \/>\nqui servira l&rsquo;int\u00e9r\u00eat public, au lieu de suivre les<br \/>\npr\u00e9f\u00e9rences du pr\u00e9sident\u00a0\u00bb, a d\u00e9clar\u00e9 Jerome<br \/>\nPowell.<\/p>\n<p>De nombreuses personnalit\u00e9s politiques am\u00e9ricaines et les<br \/>\nanciens pr\u00e9sidents de la Fed Alan Greenspan, Ben Bernanke, et Janet<br \/>\nYellen ont protest\u00e9 lundi contre l&rsquo;enqu\u00eate sans<br \/>\npr\u00e9c\u00e9dent visant Jerome Powell, per\u00e7ue comme une menace<br \/>\npour l&rsquo;ind\u00e9pendance de la banque centrale.<\/p>\n<p>La \u00ab\u00a0confrontation ouverte entre l&rsquo;ex\u00e9cutif et la R\u00e9serve<br \/>\nf\u00e9d\u00e9rale alimente les inqui\u00e9tudes autour de<br \/>\nl&rsquo;ind\u00e9pendance de la politique mon\u00e9taire, un pilier central de<br \/>\nla cr\u00e9dibilit\u00e9 financi\u00e8re am\u00e9ricaine\u00a0\u00bb, commente<br \/>\nJean-Fran\u00e7ois Faure, fondateur du groupe AuCoffre.<\/p>\n<p>\u00ab\u00a0Cette crise institutionnelle renforce la d\u00e9fiance des<br \/>\ninvestisseurs \u00e0 l&rsquo;\u00e9gard des actifs risqu\u00e9s et du dollar,<br \/>\ndans un contexte o\u00f9 la visibilit\u00e9 sur la trajectoire<br \/>\n\u00e9conomique et mon\u00e9taire se d\u00e9grade\u00a0\u00bb, ajoute l&rsquo;expert.<br \/>\nDans ce climat, l&rsquo;or a \u00e9galement inscrit un nouveau record lundi,<br \/>\n\u00e0 4.635 dollars l&rsquo;once.<\/p>\n<p>En fin de s\u00e9ance, la Maison Blanche a assur\u00e9 que Donald Trump<br \/>\nn&rsquo;avait pas diligent\u00e9 en personne l&rsquo;enqu\u00eate contre le<br \/>\npr\u00e9sident de la Fed.<\/p>\n<p>Durant les prochains jours, le march\u00e9 se montrera attentif \u00e0<br \/>\nde nouvelles donn\u00e9es d&rsquo;inflation aux Etats-Unis, ainsi qu&rsquo;au coup<br \/>\nd&rsquo;envoi par les banques am\u00e9ricaines de la saison des r\u00e9sultats<br \/>\nau titre du quatri\u00e8me trimestre.<\/p>\n<p>Sur le march\u00e9 des changes, l&rsquo;indice DXY, qui mesure la valeur du<br \/>\nbillet vert face \u00e0 un panier de devises, a recul\u00e9 de 0,3%,<br \/>\n\u00e0 98,89 points.<\/p>\n<p>Agefi-Dow Jones The financial newswire<\/p>\n<p>&#13;<br \/>\n            &#13;<\/p>\n<p>Vous avez aim\u00e9 cet article ? Partagez-le avec vos amis avec les boutons ci-dessous.<\/p>\n","protected":false},"excerpt":{"rendered":"&#13; (Agefi-Dow Jones)&#8211;La Bourse de New York a l\u00e9g\u00e8rement progress\u00e9 lundi, suffisamment pour porter le Dow Jones et&hellip;\n","protected":false},"author":2,"featured_media":604017,"comment_status":"","ping_status":"","sticky":false,"template":"","format":"standard","meta":{"footnotes":""},"categories":[1589],"tags":[11,73,1866,12,1864,1865,1863,308],"class_list":{"0":"post-659326","1":"post","2":"type-post","3":"status-publish","4":"format-standard","5":"has-post-thumbnail","7":"category-etats-unis","8":"tag-actualites","9":"tag-etats-unis","10":"tag-etats-unis-damerique","11":"tag-news","12":"tag-united-states","13":"tag-united-states-of-america","14":"tag-us","15":"tag-usa"},"share_on_mastodon":{"url":"https:\/\/pubeurope.com\/@fr\/115884487138152748","error":""},"_links":{"self":[{"href":"https:\/\/www.europesays.com\/fr\/wp-json\/wp\/v2\/posts\/659326","targetHints":{"allow":["GET"]}}],"collection":[{"href":"https:\/\/www.europesays.com\/fr\/wp-json\/wp\/v2\/posts"}],"about":[{"href":"https:\/\/www.europesays.com\/fr\/wp-json\/wp\/v2\/types\/post"}],"author":[{"embeddable":true,"href":"https:\/\/www.europesays.com\/fr\/wp-json\/wp\/v2\/users\/2"}],"replies":[{"embeddable":true,"href":"https:\/\/www.europesays.com\/fr\/wp-json\/wp\/v2\/comments?post=659326"}],"version-history":[{"count":0,"href":"https:\/\/www.europesays.com\/fr\/wp-json\/wp\/v2\/posts\/659326\/revisions"}],"wp:featuredmedia":[{"embeddable":true,"href":"https:\/\/www.europesays.com\/fr\/wp-json\/wp\/v2\/media\/604017"}],"wp:attachment":[{"href":"https:\/\/www.europesays.com\/fr\/wp-json\/wp\/v2\/media?parent=659326"}],"wp:term":[{"taxonomy":"category","embeddable":true,"href":"https:\/\/www.europesays.com\/fr\/wp-json\/wp\/v2\/categories?post=659326"},{"taxonomy":"post_tag","embeddable":true,"href":"https:\/\/www.europesays.com\/fr\/wp-json\/wp\/v2\/tags?post=659326"}],"curies":[{"name":"wp","href":"https:\/\/api.w.org\/{rel}","templated":true}]}}