{"id":659327,"date":"2026-01-12T22:28:23","date_gmt":"2026-01-12T22:28:23","guid":{"rendered":"https:\/\/www.europesays.com\/fr\/659327\/"},"modified":"2026-01-12T22:28:23","modified_gmt":"2026-01-12T22:28:23","slug":"accords-avec-le-royaume-uni-comment-bruxelles-anticipe-le-retour-des-brexiters-au-pouvoir","status":"publish","type":"post","link":"https:\/\/www.europesays.com\/fr\/659327\/","title":{"rendered":"Accords avec le Royaume-Uni : comment Bruxelles anticipe le retour des Brexiters au pouvoir"},"content":{"rendered":"<p>                Les faits &#8211;<\/p>\n<p>Londres et Bruxelles n\u00e9gocient actuellement un accord sur les produits phytosanitaires et agricoles. Six ans apr\u00e8s le Brexit, le parti du populiste Nigel Farage fait la course en t\u00eate des sondages. Mais les prochaines \u00e9lections parlementaires ne sont pr\u00e9vues qu\u2019en 2029.<\/p>\n<p>En mati\u00e8re diplomatique, Keir Starmer continue d\u2019afficher <a class=\"Link \" href=\"https:\/\/www.lopinion.fr\/international\/royaume-uni-pour-contrer-farage-le-labour-brandit-le-rapprochement-avec-lue\" data-cms-ai=\"0\" target=\"_blank\" rel=\"noopener\">son alignement avec les dirigeants de l\u2019Union europ\u00e9enne<\/a>. Mais c\u00f4t\u00e9 commerce, Bruxelles n\u2019est pas dupe des retournements possibles de la perfide Albion. Alors que les n\u00e9gociations autour d\u2019un accord sur les produits phytosanitaires et agricoles se poursuivent, la Commission pourrait tenter de pr\u00e9venir toute marche arri\u00e8re de futurs gouvernements britanniques.<\/p>\n","protected":false},"excerpt":{"rendered":"Les faits &#8211; Londres et Bruxelles n\u00e9gocient actuellement un accord sur les produits phytosanitaires et agricoles. Six ans&hellip;\n","protected":false},"author":2,"featured_media":659328,"comment_status":"","ping_status":"","sticky":false,"template":"","format":"standard","meta":{"footnotes":""},"categories":[1588],"tags":[11,1777,674,12,473,1853,1851,1850,1852],"class_list":{"0":"post-659327","1":"post","2":"type-post","3":"status-publish","4":"format-standard","5":"has-post-thumbnail","7":"category-royaume-uni","8":"tag-actualites","9":"tag-eu","10":"tag-europe","11":"tag-news","12":"tag-royaume-uni","13":"tag-royaume-uni-de-grande-bretagne-et-dirlande-du-nord","14":"tag-uk","15":"tag-united-kingdom","16":"tag-united-kingdom-of-great-britain-and-northern-ireland"},"share_on_mastodon":{"url":"https:\/\/pubeurope.com\/@fr\/115884491018985154","error":""},"_links":{"self":[{"href":"https:\/\/www.europesays.com\/fr\/wp-json\/wp\/v2\/posts\/659327","targetHints":{"allow":["GET"]}}],"collection":[{"href":"https:\/\/www.europesays.com\/fr\/wp-json\/wp\/v2\/posts"}],"about":[{"href":"https:\/\/www.europesays.com\/fr\/wp-json\/wp\/v2\/types\/post"}],"author":[{"embeddable":true,"href":"https:\/\/www.europesays.com\/fr\/wp-json\/wp\/v2\/users\/2"}],"replies":[{"embeddable":true,"href":"https:\/\/www.europesays.com\/fr\/wp-json\/wp\/v2\/comments?post=659327"}],"version-history":[{"count":0,"href":"https:\/\/www.europesays.com\/fr\/wp-json\/wp\/v2\/posts\/659327\/revisions"}],"wp:featuredmedia":[{"embeddable":true,"href":"https:\/\/www.europesays.com\/fr\/wp-json\/wp\/v2\/media\/659328"}],"wp:attachment":[{"href":"https:\/\/www.europesays.com\/fr\/wp-json\/wp\/v2\/media?parent=659327"}],"wp:term":[{"taxonomy":"category","embeddable":true,"href":"https:\/\/www.europesays.com\/fr\/wp-json\/wp\/v2\/categories?post=659327"},{"taxonomy":"post_tag","embeddable":true,"href":"https:\/\/www.europesays.com\/fr\/wp-json\/wp\/v2\/tags?post=659327"}],"curies":[{"name":"wp","href":"https:\/\/api.w.org\/{rel}","templated":true}]}}