{"id":659329,"date":"2026-01-12T22:29:13","date_gmt":"2026-01-12T22:29:13","guid":{"rendered":"https:\/\/www.europesays.com\/fr\/659329\/"},"modified":"2026-01-12T22:29:13","modified_gmt":"2026-01-12T22:29:13","slug":"visite-du-chancelier-allemand-merz-en-inde-regarder-lemission-complete","status":"publish","type":"post","link":"https:\/\/www.europesays.com\/fr\/659329\/","title":{"rendered":"Visite du chancelier allemand Merz en Inde &#8211; Regarder l\u2019\u00e9mission compl\u00e8te"},"content":{"rendered":"<p>La visite du chancelier Merz intervient deux semaines avant le sommet UE-Inde pr\u00e9vu, au cours duquel un accord de libre-\u00e9change devrait \u00eatre conclu. L&rsquo;Inde et l&rsquo;Allemagne souhaitent notamment renforcer leur coop\u00e9ration dans l&rsquo;industrie et la d\u00e9fense. La construction par l&rsquo;Allemagne de six sous-marins est \u00e0 l&rsquo;\u00e9tude, ainsi que des exercices militaires conjoints.<\/p>\n","protected":false},"excerpt":{"rendered":"La visite du chancelier Merz intervient deux semaines avant le sommet UE-Inde pr\u00e9vu, au cours duquel un accord&hellip;\n","protected":false},"author":2,"featured_media":659330,"comment_status":"","ping_status":"","sticky":false,"template":"","format":"standard","meta":{"footnotes":""},"categories":[1587],"tags":[11,672,1804,1805,1803,1777,674,1801,12,1802],"class_list":{"0":"post-659329","1":"post","2":"type-post","3":"status-publish","4":"format-standard","5":"has-post-thumbnail","7":"category-allemagne","8":"tag-actualites","9":"tag-allemagne","10":"tag-bundesrepublik-deutschland","11":"tag-de","12":"tag-deutschland","13":"tag-eu","14":"tag-europe","15":"tag-germany","16":"tag-news","17":"tag-republique-federale-dallemagne"},"share_on_mastodon":{"url":"https:\/\/pubeurope.com\/@fr\/115884494918883519","error":""},"_links":{"self":[{"href":"https:\/\/www.europesays.com\/fr\/wp-json\/wp\/v2\/posts\/659329","targetHints":{"allow":["GET"]}}],"collection":[{"href":"https:\/\/www.europesays.com\/fr\/wp-json\/wp\/v2\/posts"}],"about":[{"href":"https:\/\/www.europesays.com\/fr\/wp-json\/wp\/v2\/types\/post"}],"author":[{"embeddable":true,"href":"https:\/\/www.europesays.com\/fr\/wp-json\/wp\/v2\/users\/2"}],"replies":[{"embeddable":true,"href":"https:\/\/www.europesays.com\/fr\/wp-json\/wp\/v2\/comments?post=659329"}],"version-history":[{"count":0,"href":"https:\/\/www.europesays.com\/fr\/wp-json\/wp\/v2\/posts\/659329\/revisions"}],"wp:featuredmedia":[{"embeddable":true,"href":"https:\/\/www.europesays.com\/fr\/wp-json\/wp\/v2\/media\/659330"}],"wp:attachment":[{"href":"https:\/\/www.europesays.com\/fr\/wp-json\/wp\/v2\/media?parent=659329"}],"wp:term":[{"taxonomy":"category","embeddable":true,"href":"https:\/\/www.europesays.com\/fr\/wp-json\/wp\/v2\/categories?post=659329"},{"taxonomy":"post_tag","embeddable":true,"href":"https:\/\/www.europesays.com\/fr\/wp-json\/wp\/v2\/tags?post=659329"}],"curies":[{"name":"wp","href":"https:\/\/api.w.org\/{rel}","templated":true}]}}