{"id":659334,"date":"2026-01-12T22:32:15","date_gmt":"2026-01-12T22:32:15","guid":{"rendered":"https:\/\/www.europesays.com\/fr\/659334\/"},"modified":"2026-01-12T22:32:15","modified_gmt":"2026-01-12T22:32:15","slug":"le-depute-rn-antoine-villedieu-retrouve-blesse-et-desoriente-emmene-de-force-a-lhopital","status":"publish","type":"post","link":"https:\/\/www.europesays.com\/fr\/659334\/","title":{"rendered":"Le d\u00e9put\u00e9 RN Antoine Villedieu, retrouv\u00e9 bless\u00e9 et d\u00e9sorient\u00e9, emmen\u00e9 de force \u00e0 l\u2019h\u00f4pital"},"content":{"rendered":"<p>Son \u00e9pouse, entendue par les enqu\u00eateurs, a confi\u00e9 qu\u2019une altercation entre elle et son \u00e9poux a \u00e9clat\u00e9 la semaine pass\u00e9e. M\u00eame si elle a d\u00e9cid\u00e9 de ne pas porter plainte, elle pr\u00e9sentait une blessure l\u00e9g\u00e8re \u00e0 l\u2019avant-bras. Le parquet de Vesoul, qui va proc\u00e9der \u00e0 une nouvelle audition d\u2019Antoine Villedieu dans les prochains jours, devra faire la lumi\u00e8re sur les violences subies par ce dernier, et celles possiblement inflig\u00e9es \u00e0 son \u00e9pouse.<\/p>\n","protected":false},"excerpt":{"rendered":"Son \u00e9pouse, entendue par les enqu\u00eateurs, a confi\u00e9 qu\u2019une altercation entre elle et son \u00e9poux a \u00e9clat\u00e9 la&hellip;\n","protected":false},"author":2,"featured_media":659335,"comment_status":"","ping_status":"","sticky":false,"template":"","format":"standard","meta":{"footnotes":""},"categories":[2],"tags":[11,1011,27,12,25],"class_list":{"0":"post-659334","1":"post","2":"type-post","3":"status-publish","4":"format-standard","5":"has-post-thumbnail","7":"category-actualites","8":"tag-actualites","9":"tag-fr","10":"tag-france","11":"tag-news","12":"tag-republique-francaise"},"share_on_mastodon":{"url":"https:\/\/pubeurope.com\/@fr\/115884506755542109","error":""},"_links":{"self":[{"href":"https:\/\/www.europesays.com\/fr\/wp-json\/wp\/v2\/posts\/659334","targetHints":{"allow":["GET"]}}],"collection":[{"href":"https:\/\/www.europesays.com\/fr\/wp-json\/wp\/v2\/posts"}],"about":[{"href":"https:\/\/www.europesays.com\/fr\/wp-json\/wp\/v2\/types\/post"}],"author":[{"embeddable":true,"href":"https:\/\/www.europesays.com\/fr\/wp-json\/wp\/v2\/users\/2"}],"replies":[{"embeddable":true,"href":"https:\/\/www.europesays.com\/fr\/wp-json\/wp\/v2\/comments?post=659334"}],"version-history":[{"count":0,"href":"https:\/\/www.europesays.com\/fr\/wp-json\/wp\/v2\/posts\/659334\/revisions"}],"wp:featuredmedia":[{"embeddable":true,"href":"https:\/\/www.europesays.com\/fr\/wp-json\/wp\/v2\/media\/659335"}],"wp:attachment":[{"href":"https:\/\/www.europesays.com\/fr\/wp-json\/wp\/v2\/media?parent=659334"}],"wp:term":[{"taxonomy":"category","embeddable":true,"href":"https:\/\/www.europesays.com\/fr\/wp-json\/wp\/v2\/categories?post=659334"},{"taxonomy":"post_tag","embeddable":true,"href":"https:\/\/www.europesays.com\/fr\/wp-json\/wp\/v2\/tags?post=659334"}],"curies":[{"name":"wp","href":"https:\/\/api.w.org\/{rel}","templated":true}]}}