{"id":659342,"date":"2026-01-12T22:42:17","date_gmt":"2026-01-12T22:42:17","guid":{"rendered":"https:\/\/www.europesays.com\/fr\/659342\/"},"modified":"2026-01-12T22:42:17","modified_gmt":"2026-01-12T22:42:17","slug":"bonne-nouvelle-pour-wout-van-aert-dix-jours-apres-sa-chute-a-mol-le-belge-est-deja-remonte-sur-le-velo","status":"publish","type":"post","link":"https:\/\/www.europesays.com\/fr\/659342\/","title":{"rendered":"Bonne nouvelle pour Wout van Aert\u00a0: dix jours apr\u00e8s sa chute \u00e0 Mol, le Belge est d\u00e9j\u00e0 remont\u00e9 sur le v\u00e9lo\u00a0!"},"content":{"rendered":"<p class=\"ap-StoryElement ap-StoryElement--mb ap-StoryText\">Le lendemain, le coureur de Visma | Lease a Bike avait \u00e9t\u00e9 op\u00e9r\u00e9 \u00e0 la cheville mais <a href=\"https:\/\/www.dhnet.be\/sports\/cyclisme\/2026\/01\/04\/quel-impact-aura-la-fracture-de-la-cheville-de-wout-van-aert-sur-ses-classiques-printanieres-DJQWVFJLCVHXVBR6DZCACRX52Q\/\" target=\"_self\" rel=\"noopener\">le quotidien L&rsquo;\u00c9quipe s&rsquo;\u00e9tait montr\u00e9 alarmiste<\/a> en interrogeant le Professeur Gilbert Versier, chirurgien orthop\u00e9diste et traumatologue sur le Tour de France. \u00ab\u00a0La consolidation compl\u00e8te de l&rsquo;os n\u00e9cessite six \u00e0 huit semaines, l&rsquo;immobilisation stricte par pl\u00e2tre ou orth\u00e8se est d&rsquo;un mois\u00a0\u00bb, avait confi\u00e9 le sp\u00e9cialiste. Ce qui aurait ruin\u00e9 les espoirs de l&rsquo;ancien vainqueur de Milan-Sanremo de briller au printemps.<\/p>\n<p><a href=\"https:\/\/www.dhnet.be\/sports\/cyclisme\/2026\/01\/06\/wout-van-aert-lhomme-qui-nabandonne-presque-jamais-MOJSO6BLARHVRAWQV5KZUTJ4SE\/\" target=\"_self\" class=\"ap-StoryInterstitialLink ap-StoryElement ap-StoryElement--mb\" rel=\"noopener\">Wout van Aert, l&rsquo;homme qui n&rsquo;abandonne (presque) jamais<\/a><\/p>\n<p class=\"ap-StoryElement ap-StoryElement--mb ap-StoryText\">Il n&rsquo;en est finalement rien pour Wout van Aert qui va donc pouvoir poursuivre sa pr\u00e9paration en vue des classiques pav\u00e9es malgr\u00e9 ce contretemps dans les labour\u00e9s.<\/p>\n<p class=\"ap-StoryElement ap-StoryElement--mb ap-StoryText\">Si tout se passe bien, le Belge devrait donc bien \u00eatre pr\u00e9sent comme pr\u00e9vu lors du stage en altitude organis\u00e9 par l&rsquo;\u00e9quipe Visma | Lease a Bike en f\u00e9vrier prochain. Sa saison sur route devrait d\u00e9buter lors des Strade Bianche le 8 mars.<\/p>\n","protected":false},"excerpt":{"rendered":"Le lendemain, le coureur de Visma | Lease a Bike avait \u00e9t\u00e9 op\u00e9r\u00e9 \u00e0 la cheville mais le&hellip;\n","protected":false},"author":2,"featured_media":659343,"comment_status":"","ping_status":"","sticky":false,"template":"","format":"standard","meta":{"footnotes":""},"categories":[1411],"tags":[1154,207,1011,27,60,210,11698],"class_list":{"0":"post-659342","1":"post","2":"type-post","3":"status-publish","4":"format-standard","5":"has-post-thumbnail","7":"category-cyclisme","8":"tag-cycling","9":"tag-cyclisme","10":"tag-fr","11":"tag-france","12":"tag-sports","13":"tag-tour-de-france","14":"tag-wout-van-aert"},"share_on_mastodon":{"url":"https:\/\/pubeurope.com\/@fr\/115884546050055722","error":""},"_links":{"self":[{"href":"https:\/\/www.europesays.com\/fr\/wp-json\/wp\/v2\/posts\/659342","targetHints":{"allow":["GET"]}}],"collection":[{"href":"https:\/\/www.europesays.com\/fr\/wp-json\/wp\/v2\/posts"}],"about":[{"href":"https:\/\/www.europesays.com\/fr\/wp-json\/wp\/v2\/types\/post"}],"author":[{"embeddable":true,"href":"https:\/\/www.europesays.com\/fr\/wp-json\/wp\/v2\/users\/2"}],"replies":[{"embeddable":true,"href":"https:\/\/www.europesays.com\/fr\/wp-json\/wp\/v2\/comments?post=659342"}],"version-history":[{"count":0,"href":"https:\/\/www.europesays.com\/fr\/wp-json\/wp\/v2\/posts\/659342\/revisions"}],"wp:featuredmedia":[{"embeddable":true,"href":"https:\/\/www.europesays.com\/fr\/wp-json\/wp\/v2\/media\/659343"}],"wp:attachment":[{"href":"https:\/\/www.europesays.com\/fr\/wp-json\/wp\/v2\/media?parent=659342"}],"wp:term":[{"taxonomy":"category","embeddable":true,"href":"https:\/\/www.europesays.com\/fr\/wp-json\/wp\/v2\/categories?post=659342"},{"taxonomy":"post_tag","embeddable":true,"href":"https:\/\/www.europesays.com\/fr\/wp-json\/wp\/v2\/tags?post=659342"}],"curies":[{"name":"wp","href":"https:\/\/api.w.org\/{rel}","templated":true}]}}