{"id":659345,"date":"2026-01-12T22:44:14","date_gmt":"2026-01-12T22:44:14","guid":{"rendered":"https:\/\/www.europesays.com\/fr\/659345\/"},"modified":"2026-01-12T22:44:14","modified_gmt":"2026-01-12T22:44:14","slug":"benjamin-biolay-52-ans-frappe-par-la-mort-tu-vas-me-manquer","status":"publish","type":"post","link":"https:\/\/www.europesays.com\/fr\/659345\/","title":{"rendered":"Benjamin Biolay, 52 ans, frapp\u00e9 par la mort : \u201cTu vas me manquer\u2026\u201d"},"content":{"rendered":"<p>Par <a class=\"author_recette\" id=\"author_name\" href=\"https:\/\/www.nextplz.fr\/auteur\/francis-uliel\" target=\"_blank\" rel=\"noopener\">Francis<br \/>\nUliel<\/a> &#8211;<br \/>\nPubli\u00e9 le 12 Jan 2026 \u00e0<br \/>\n12:30<\/p>\n<p class=\"article-intro excerpt\">Une perte \u00e9norme et douloureuse.<br \/>\nBenjamin Biolay, en deuil, se confie aupr\u00e8s de L\u2019Obs et \u00e9voque le<br \/>\nd\u00e9c\u00e8s de l\u2019un des proches qu\u2019il n\u2019est pas pr\u00e8s d\u2019oublier.<\/p>\n<p>Benjamin Biolay fait partie des artistes les plus prolifiques de<br \/>\nla sc\u00e8ne musicale fran\u00e7aise depuis une vingtaine d\u00a0\u00bbann\u00e9es. Le<br \/>\nc\u00e9l\u00e8bre chanteur a connu un grand succ\u00e8s gr\u00e2ce \u00e0 ses nombreux<br \/>\ntitres et albums \u00e0 succ\u00e8s qui ont d&rsquo;ailleurs \u00e9t\u00e9 sacr\u00e9s disques<br \/>\nd&rsquo;or. Benjamin Biolay est \u00e9galement tr\u00e8s proche de sa communaut\u00e9 de<br \/>\nfans. Ce qui pourrait d&rsquo;ailleurs expliquer pourquoi ses concerts<br \/>\nsont toujours remplis \u00e0 l&rsquo;avance. Si aujourd&rsquo;hui, il a tout pour<br \/>\n\u00eatre heureux et \u00e9panoui tant sur le plan professionnel que dans sa<br \/>\nvie priv\u00e9e, le chanteur reste pourtant marqu\u00e9 par une perte<br \/>\ntragique.<\/p>\n<p>Benjamin<br \/>\nBiolay a longtemps appr\u00e9hend\u00e9 la cinquantaine<\/p>\n<p>Il y a 10 ans, Benjamin Biolay perdait l&rsquo;un de ses plus grands<br \/>\namis : Hubert Mounier, membre du groupe L&rsquo;affaire Louis&rsquo;Trio,<br \/>\nd\u00e9c\u00e9d\u00e9 \u00e0 53 ans des suites d&rsquo;une crise cardiaque. Sujet \u00e9voqu\u00e9 par<br \/>\n<a href=\"https:\/\/www.nextplz.fr\/people\/513853-benjamin-biolay-allume-severement-emmanuel-macron-cest-quand-meme-le-mec-qui\" target=\"_blank\" rel=\"noopener\"><br \/>\nle chanteur qui a gliss\u00e9 un violent tacle \u00e0 Emmanuel Macron<\/a><br \/>\ndans un entretien \u00e0 L&rsquo;Obs. \u00c0 l&rsquo;aube de ses 50 ans, Biolay avait en<br \/>\neffet avou\u00e9 appr\u00e9hender cette tranche d&rsquo;\u00e2ge pour une raison<br \/>\npr\u00e9cise. \u00ab\u00a0Je me m\u00e9fie de la cinquantaine, mon ami Hubert<br \/>\nMounier est mort \u00e0 53 ans\u00a0\u00bb, a-t-il commenc\u00e9 par confier. Et de<br \/>\npoursuivre, expliquant : \u00ab\u00a0Depuis, je n&rsquo;ai plus grand monde \u00e0<br \/>\nqui parler. Nous avions \u00e0 peu pr\u00e8s le m\u00eame \u00e2ge, nous avions la m\u00eame<br \/>\nmani\u00e8re un peu tordue d&rsquo;envisager la chanson fran\u00e7aise. Il a aussi<br \/>\n\u00e9t\u00e9 la premi\u00e8re main tendue dans ce milieu. Il me manque de plus en<br \/>\nplus\u00a0\u00bb.<\/p>\n<p>\u00ab\u00a0Je<br \/>\nsuis encore tr\u00e8s touch\u00e9 par le d\u00e9c\u00e8s d&rsquo;Hubert Mounier\u00a0\u00bb<\/p>\n<p>Quelques ann\u00e9es plus t\u00f4t, soit en 2020, Benjamin Biolay \u00e9voquait<br \/>\nd\u00e9j\u00e0 le d\u00e9c\u00e8s tragique de son mentor. Cette fois, au micro du<br \/>\npodcast Le go\u00fbt du M, le chanteur, terrass\u00e9 par la tristesse,<br \/>\nd\u00e9plorait : \u00ab\u00a0Mon ami. Mon grand fr\u00e8re. Mon professeur de<br \/>\nchanson. Tu vas me manquer atrocement, g\u00e9nie. Je t&rsquo;aime\u00a0\u00bb. Le<br \/>\nchanteur de 52 ans a toujours consid\u00e9r\u00e9 son d\u00e9funt ami comme un<br \/>\nexemple. Plus encore, comme un mod\u00e8le dans le monde de la musique.<br \/>\n\u00ab\u00a0Je suis encore tr\u00e8s touch\u00e9 par le d\u00e9c\u00e8s d&rsquo;Hubert Mounier (\u2026)<br \/>\nIl m&rsquo;a appris \u00e9norm\u00e9ment de choses. Il m&rsquo;a appris \u00e0 mettre de<br \/>\nl&rsquo;ordre dans tout ce chaos qu&rsquo;\u00e9taient ma t\u00eate, mon c\u0153ur, mon \u00e2me\u2026<br \/>\net m\u00eame ma fa\u00e7on de faire des chansons. J&rsquo;ai eu la chance de tomber<br \/>\nsur un ma\u00eetre\u00a0\u00bb, confiait-il.<\/p>\n<p>Le coup de gueule de<br \/>\nBenjamin Biolay<\/p>\n<p>Toujours aupr\u00e8s de nos confr\u00e8res, <a href=\"https:\/\/www.nextplz.fr\/people\/513255-exit-sarkozy-benjamin-biolay-sans-filtre-sur-son-histoire-avec-carla-bruni-ca-a-ete-tres-violent\" target=\"_blank\" rel=\"noopener\"><br \/>\nBenjamin Biolay qui aurait v\u00e9cu une idylle avec Carla Bruni<\/a>,<br \/>\najoutait \u00e0 propos de son ancien acolyte : \u00ab\u00a0Il a eu un \u00e9norme<br \/>\nsucc\u00e8s tr\u00e8s jeune et ne s&rsquo;en est jamais vraiment remis. Cela a cr\u00e9\u00e9<br \/>\nbeaucoup de douleurs et de frustrations en lui. C&rsquo;est le<br \/>\npire qui puisse arriver \u00e0 un artiste, je remercie Dieu de ne pas<br \/>\n\u00eatre pass\u00e9 par l\u00e0\u00a0\u00bb. Il d\u00e9plorait ensuite un comportement<br \/>\nhypocrite de certains comp\u00e8res du milieu suite au d\u00e9c\u00e8s d&rsquo;Hubert<br \/>\nMounier. \u00ab\u00a0Quand il est d\u00e9c\u00e9d\u00e9, tellement de gens sont venus me<br \/>\ndire qu&rsquo;il \u00e9tait g\u00e9nial, avec des formules toutes plus ampoul\u00e9es<br \/>\nles unes que les autres. \u00c7a m&rsquo;a un peu agac\u00e9\u00a0\u00bb, a-t-il fait<br \/>\nsavoir. Et de questionner : \u00ab\u00a0Ils \u00e9taient o\u00f9 ces gens pendant<br \/>\ntoutes ces ann\u00e9es, quand Hubert gal\u00e9rait ?\u00a0\u00bb.<\/p>\n","protected":false},"excerpt":{"rendered":"Par Francis Uliel &#8211; Publi\u00e9 le 12 Jan 2026 \u00e0 12:30 Une perte \u00e9norme et douloureuse. Benjamin Biolay,&hellip;\n","protected":false},"author":2,"featured_media":659346,"comment_status":"","ping_status":"","sticky":false,"template":"","format":"standard","meta":{"footnotes":""},"categories":[1359],"tags":[58,59,1011,27,973],"class_list":{"0":"post-659345","1":"post","2":"type-post","3":"status-publish","4":"format-standard","5":"has-post-thumbnail","7":"category-people","8":"tag-divertissement","9":"tag-entertainment","10":"tag-fr","11":"tag-france","12":"tag-people"},"share_on_mastodon":{"url":"https:\/\/pubeurope.com\/@fr\/115884554201875682","error":""},"_links":{"self":[{"href":"https:\/\/www.europesays.com\/fr\/wp-json\/wp\/v2\/posts\/659345","targetHints":{"allow":["GET"]}}],"collection":[{"href":"https:\/\/www.europesays.com\/fr\/wp-json\/wp\/v2\/posts"}],"about":[{"href":"https:\/\/www.europesays.com\/fr\/wp-json\/wp\/v2\/types\/post"}],"author":[{"embeddable":true,"href":"https:\/\/www.europesays.com\/fr\/wp-json\/wp\/v2\/users\/2"}],"replies":[{"embeddable":true,"href":"https:\/\/www.europesays.com\/fr\/wp-json\/wp\/v2\/comments?post=659345"}],"version-history":[{"count":0,"href":"https:\/\/www.europesays.com\/fr\/wp-json\/wp\/v2\/posts\/659345\/revisions"}],"wp:featuredmedia":[{"embeddable":true,"href":"https:\/\/www.europesays.com\/fr\/wp-json\/wp\/v2\/media\/659346"}],"wp:attachment":[{"href":"https:\/\/www.europesays.com\/fr\/wp-json\/wp\/v2\/media?parent=659345"}],"wp:term":[{"taxonomy":"category","embeddable":true,"href":"https:\/\/www.europesays.com\/fr\/wp-json\/wp\/v2\/categories?post=659345"},{"taxonomy":"post_tag","embeddable":true,"href":"https:\/\/www.europesays.com\/fr\/wp-json\/wp\/v2\/tags?post=659345"}],"curies":[{"name":"wp","href":"https:\/\/api.w.org\/{rel}","templated":true}]}}