{"id":659347,"date":"2026-01-12T22:45:19","date_gmt":"2026-01-12T22:45:19","guid":{"rendered":"https:\/\/www.europesays.com\/fr\/659347\/"},"modified":"2026-01-12T22:45:19","modified_gmt":"2026-01-12T22:45:19","slug":"insolite-dans-la-neige-avec-ses-lego-ce-photographe-apporte-une-touche-de-magie-a-un-paysage-deja-magnifique","status":"publish","type":"post","link":"https:\/\/www.europesays.com\/fr\/659347\/","title":{"rendered":"INSOLITE. Dans la neige avec ses Lego, ce photographe apporte \u00ab\u00a0une touche de magie \u00e0 un paysage d\u00e9j\u00e0 magnifique\u00a0\u00bb"},"content":{"rendered":"<p class=\"article__intro\">Quentin Danel est un photographe jurassien de 36 ans. Avec ses Lego, il sublime les paysages jurassiens. Avec les conditions m\u00e9t\u00e9orologiques propices \u00e0 la neige et au verglas en ce d\u00e9but janvier, le Franc-Comtois s&rsquo;est amus\u00e9 \u00e0 (re)produire des sc\u00e8nes inoubliables de la pop culture. <\/p>\n<p>\n      L\u2019actu des r\u00e9gions\n    <\/p>\n<p>\n      Chaque jour, un tour d\u2019horizon des principales infos de toutes les r\u00e9gions.\n    <\/p>\n<p>    France T\u00e9l\u00e9visions utilise votre adresse e-mail afin de vous envoyer la newsletter \u00ab\u00a0L\u2019actu des r\u00e9gions\u00a0\u00bb. Vous pouvez vous d\u00e9sinscrire \u00e0 tout moment via le lien en bas de cette newsletter. <a target=\"_blank\" href=\"https:\/\/www.francetelevisions.fr\/groupe\/confidentialite\/politique-de-confidentialite\/politique-de-confidentialite-de-france-televisions-6503\" rel=\"noopener\">Notre politique de confidentialit\u00e9<\/a><\/p>\n<p>Avez-vous conserv\u00e9 votre \u00e2me d&rsquo;enfant ? Inutile de poser la question \u00e0 <a href=\"https:\/\/www.facebook.com\/quentindanelphotographe\" target=\"_blank\" rel=\"noopener noreferrer nofollow\" data-tooltip-url=\"https:\/\/www.facebook.com\/quentindanelphotographe\">Quentin Danel<\/a>. Ce photographe bas\u00e9 dans le Jura s&rsquo;est donn\u00e9 pour mission d&rsquo;apporter une petite touche de magie aux paysages de sa r\u00e9gion.<\/p>\n<\/p>\n<p>Apr\u00e8s les chutes de neige importantes de ces derniers jours, l&rsquo;artiste de 36 ans a exploit\u00e9 les d\u00e9cors glac\u00e9s de sa r\u00e9gion, mettant en sc\u00e8ne des personnages de Star Wars, le Seigneur des Anneaux&#8230;<\/p>\n<p>Il y a quelques ann\u00e9es, ce pilote de X-Wing \u2013 d\u00e9cid\u00e9ment tr\u00e8s maladroit \u2013 plantait (d\u00e9j\u00e0) son a\u00e9ronef dans la poudreuse.<\/p>\n<p><a data-article-figure=\"\" href=\"https:\/\/france3-regions.franceinfo.fr\/image\/e9HDY1LfgDSyj5GkDqRHOQVACT4\/1366x1707\/regions\/2026\/01\/10\/608665226-1577316073837618-4169535078249938855-n-696273dee986d283502913.jpg\" data-pswp-width=\"1366\" data-pswp-height=\"1707\" target=\"_blank\" rel=\"noopener\"><\/p>\n<p>          <img width=\"600\" height=\"400\" class=\"article-image lazy\" data-src=\"https:\/\/www.europesays.com\/fr\/wp-content\/uploads\/2026\/01\/608665226-1577316073837618-4169535078249938855-n-696273dee986d283502913.jpg\" alt=\"Le X-Wing s'\u00e9tait d\u00e9j\u00e0 plant\u00e9 dans la neige il y a quelques ann\u00e9es.\" fetchpriority=\"high\" as=\"image\"\/><\/p>\n<p>\n            Le X-Wing s&rsquo;\u00e9tait d\u00e9j\u00e0 plant\u00e9 dans la neige il y a quelques ann\u00e9es.<br \/>\n                           \u2022<br \/>\n                                      \u00a9 Quentin Danel\n                      <\/p>\n<p><\/a><\/p>\n<p>D\u00e9but janvier 2026, le malheureux a r\u00e9it\u00e9r\u00e9 sur <a href=\"https:\/\/france3-regions.franceinfo.fr\/bourgogne-franche-comte\/jura\/en-images-quand-l-endurance-s-echoue-sur-un-magnifique-lac-gele-du-jura-3118747.html\" target=\"_blank\" rel=\"noopener noreferrer nofollow\" data-tooltip-url=\"https:\/\/france3-regions.franceinfo.fr\/bourgogne-franche-comte\/jura\/en-images-quand-l-endurance-s-echoue-sur-un-magnifique-lac-gele-du-jura-3118747.html\">la surface glac\u00e9e d&rsquo;un lac jurassien<\/a>, accompagn\u00e9 de l&rsquo;ind\u00e9modable R2D2. Les plus chauvins d&rsquo;entre vous auront certainement reconnu le chalet embl\u00e9matique plant\u00e9 sur les berges du lac du Grand Maclu au Frasnois, \u00e0 l&rsquo;arri\u00e8re-plan.<\/p>\n<p><a data-article-figure=\"\" href=\"https:\/\/france3-regions.franceinfo.fr\/image\/ErshG8Bpe7mKO9WQ6vHFLpJKnNE\/2048x1073\/regions\/2026\/01\/10\/611318207-1580062846896274-3048965487652348663-n-6962763b856a7183531476.jpg\" data-pswp-width=\"2048\" data-pswp-height=\"1073\" target=\"_blank\" rel=\"noopener\"><\/p>\n<p>          <img width=\"600\" height=\"400\" class=\"article-image lazy\" data-src=\"https:\/\/www.europesays.com\/fr\/wp-content\/uploads\/2026\/01\/611318207-1580062846896274-3048965487652348663-n-6962763b856a7183531476.jpg\" alt=\"Le pilote du X-Wing s'est \u00e9cras\u00e9 sur la surface gel\u00e9e du lac du Grand Maclu.\" fetchpriority=\"high\" as=\"image\"\/><\/p>\n<p>\n            Le pilote du X-Wing s&rsquo;est \u00e9cras\u00e9 sur la surface gel\u00e9e du lac du Grand Maclu.<br \/>\n                           \u2022<br \/>\n                                      \u00a9 Quentin Danel\n                      <\/p>\n<p><\/a><\/p>\n<p>\u00ab\u00a0Avec les temp\u00e9ratures de ces derniers jours, j&rsquo;ai vu <a href=\"https:\/\/france3-regions.franceinfo.fr\/bourgogne-franche-comte\/jura\/insolite-avec-ses-lego-le-photographe-quentin-danel-donne-vie-aux-plus-beaux-paysages-du-jura-2493069.html\" target=\"_blank\" rel=\"noopener noreferrer nofollow\" data-tooltip-url=\"https:\/\/france3-regions.franceinfo.fr\/bourgogne-franche-comte\/jura\/insolite-avec-ses-lego-le-photographe-quentin-danel-donne-vie-aux-plus-beaux-paysages-du-jura-2493069.html\">de nombreux paysages inspirants<\/a>\u00ab\u00a0, confie Quentin Danel. \u00ab\u00a0Je me d\u00e9place toujours avec mes Lego quand je me prom\u00e8ne, parfois juste les personnages quand je dois beaucoup marcher. J&rsquo;ai des id\u00e9es, mais parfois tout se joue \u00e0 l&rsquo;improvisation. Pour le X-Wing de Star Wars par exemple, cela m&rsquo;est venu en me baladant autour du Grand Maclu.\u00a0\u00bb<\/p>\n<p><a data-article-figure=\"\" href=\"https:\/\/france3-regions.franceinfo.fr\/image\/xbBJwgEF9x3gUKzewvNPdDWeBpI\/2048x1073\/regions\/2026\/01\/10\/611181001-1580062756896283-565959935751947773-n-69627ac052b2e824858617.jpg\" data-pswp-width=\"2048\" data-pswp-height=\"1073\" target=\"_blank\" rel=\"noopener\"><\/p>\n<p>          <img width=\"600\" height=\"400\" class=\"article-image lazy\" data-src=\"https:\/\/www.europesays.com\/fr\/wp-content\/uploads\/2026\/01\/611181001-1580062756896283-565959935751947773-n-69627ac052b2e824858617.jpg\" alt=\"Pour la fum\u00e9e, le photographe s'est servi d'une bombe d'air comprim\u00e9.\" fetchpriority=\"high\" as=\"image\"\/><\/p>\n<p>\n            Pour la fum\u00e9e, le photographe s&rsquo;est servi d&rsquo;une bombe d&rsquo;air comprim\u00e9.<br \/>\n                           \u2022<br \/>\n                                      \u00a9 Quentin Danel\n                      <\/p>\n<p><\/a><\/p>\n<p>Cette r\u00e9plique du chasseur rebelle est la toute premi\u00e8re \u00e0 avoir \u00e9t\u00e9 \u00e9dit\u00e9e par Lego. Une antiquit\u00e9 de l&rsquo;enfance du photographe qu&rsquo;il ne manque pas de mettre en valeur.<\/p>\n<blockquote class=\"ftvi_content_quote\">\n<p class=\"ftvi_citation_quote\">En incluant des \u00e9l\u00e9ments de diff\u00e9rents univers comme le Seigneur des Anneaux, Star Wars, Harry Potter, je pense surtout \u00e0 apporter une touche de magie \u00e0 un paysage d\u00e9j\u00e0 magnifique. Je cherche le r\u00e9alisme.<\/p>\n<\/blockquote>\n<p>Parmi les projets que le Franc-Comtois r\u00eave de mener \u00e0 bien, il y a notamment un clich\u00e9 mettant en sc\u00e8ne Jon Snow, de l&rsquo;univers de Game of Thrones, perch\u00e9 sur le mur de la fronti\u00e8re franco-suisse : \u00ab\u00a0Avec la neige, on aura un mur de glace comme celui de l&rsquo;univers de la s\u00e9rie.\u00a0\u00bb<\/p>\n<p><a data-article-figure=\"\" href=\"https:\/\/france3-regions.franceinfo.fr\/image\/BYesDXzB4tEz-CpGuwUcUP0X4RM\/2048x1365\/regions\/2026\/01\/10\/611563719-1579928033576422-2239656241666236421-n-69628504ca9f7469249682.jpg\" data-pswp-width=\"2048\" data-pswp-height=\"1365\" target=\"_blank\" rel=\"noopener\"><\/p>\n<p>          <img width=\"600\" height=\"400\" class=\"article-image lazy\" data-src=\"https:\/\/www.europesays.com\/fr\/wp-content\/uploads\/2026\/01\/611563719-1579928033576422-2239656241666236421-n-69628504ca9f7469249682.jpg\" alt=\"Quentin Danel a mis en sc\u00e8ne sa figurine de Gandalf dans un univers gel\u00e9 \u00e0 la cascade du Flumen.\" fetchpriority=\"high\" as=\"image\"\/><\/p>\n<p>\n            Quentin Danel a mis en sc\u00e8ne sa figurine de Gandalf dans un univers gel\u00e9 \u00e0 la cascade du Flumen.<br \/>\n                           \u2022<br \/>\n                                      \u00a9 Quentin Danel\n                      <\/p>\n<p><\/a><\/p>\n<p>En fin d&rsquo;ann\u00e9e 2025, le Jurassien avait d\u00e9j\u00e0 vendu 200 exemplaires de calendriers compilant ses clich\u00e9s pour 2026. \u00ab\u00a0J&rsquo;avais eu pas mal de pr\u00e9commandes sur Ulule\u00a0\u00bb, s&rsquo;enorgueillit-il. \u00ab\u00a0Sur les march\u00e9s de No\u00ebl aussi cela s&rsquo;est tr\u00e8s bien vendu, donc c&rsquo;est satisfaisant.\u00a0\u00bb Quentin Danel a l&rsquo;objectif de faire un jour un livre pour \u00ab\u00a0montrer le Jura par le prisme de l&rsquo;imagination\u00a0\u00bb.<\/p>\n<p><a data-article-figure=\"\" href=\"https:\/\/france3-regions.franceinfo.fr\/image\/yLMjibfvwdHy38P_W5rG03EDcts\/1366x2048\/regions\/2026\/01\/10\/540838924-1461423205426906-6238192271996958730-n-69628554a5a77371828752.jpg\" data-pswp-width=\"1366\" data-pswp-height=\"2048\" target=\"_blank\" rel=\"noopener\"><\/p>\n<p>          <img width=\"600\" height=\"400\" class=\"article-image lazy\" data-src=\"https:\/\/www.europesays.com\/fr\/wp-content\/uploads\/2026\/01\/540838924-1461423205426906-6238192271996958730-n-69628554a5a77371828752.jpg\" alt=\"Quentin Danel est photographe dans le Jura.\" fetchpriority=\"high\" as=\"image\"\/><\/p>\n<p>\n            Quentin Danel est photographe dans le Jura.<br \/>\n                           \u2022<br \/>\n                                      \u00a9 Quentin Danel\n                      <\/p>\n<p><\/a><\/p>\n<p>Si vous souhaitez soutenir le photographe, il propose notamment des impressions de ses plus beaux clich\u00e9s.<\/p>\n","protected":false},"excerpt":{"rendered":"Quentin Danel est un photographe jurassien de 36 ans. Avec ses Lego, il sublime les paysages jurassiens. Avec&hellip;\n","protected":false},"author":2,"featured_media":659348,"comment_status":"","ping_status":"","sticky":false,"template":"","format":"standard","meta":{"footnotes":""},"categories":[1358],"tags":[1348,1384,1385,1386,58,59,1011,27],"class_list":{"0":"post-659347","1":"post","2":"type-post","3":"status-publish","4":"format-standard","5":"has-post-thumbnail","7":"category-arts-et-design","8":"tag-arts","9":"tag-arts-and-design","10":"tag-arts-et-design","11":"tag-design","12":"tag-divertissement","13":"tag-entertainment","14":"tag-fr","15":"tag-france"},"share_on_mastodon":{"url":"https:\/\/pubeurope.com\/@fr\/115884557756406582","error":""},"_links":{"self":[{"href":"https:\/\/www.europesays.com\/fr\/wp-json\/wp\/v2\/posts\/659347","targetHints":{"allow":["GET"]}}],"collection":[{"href":"https:\/\/www.europesays.com\/fr\/wp-json\/wp\/v2\/posts"}],"about":[{"href":"https:\/\/www.europesays.com\/fr\/wp-json\/wp\/v2\/types\/post"}],"author":[{"embeddable":true,"href":"https:\/\/www.europesays.com\/fr\/wp-json\/wp\/v2\/users\/2"}],"replies":[{"embeddable":true,"href":"https:\/\/www.europesays.com\/fr\/wp-json\/wp\/v2\/comments?post=659347"}],"version-history":[{"count":0,"href":"https:\/\/www.europesays.com\/fr\/wp-json\/wp\/v2\/posts\/659347\/revisions"}],"wp:featuredmedia":[{"embeddable":true,"href":"https:\/\/www.europesays.com\/fr\/wp-json\/wp\/v2\/media\/659348"}],"wp:attachment":[{"href":"https:\/\/www.europesays.com\/fr\/wp-json\/wp\/v2\/media?parent=659347"}],"wp:term":[{"taxonomy":"category","embeddable":true,"href":"https:\/\/www.europesays.com\/fr\/wp-json\/wp\/v2\/categories?post=659347"},{"taxonomy":"post_tag","embeddable":true,"href":"https:\/\/www.europesays.com\/fr\/wp-json\/wp\/v2\/tags?post=659347"}],"curies":[{"name":"wp","href":"https:\/\/api.w.org\/{rel}","templated":true}]}}