{"id":659349,"date":"2026-01-12T22:47:24","date_gmt":"2026-01-12T22:47:24","guid":{"rendered":"https:\/\/www.europesays.com\/fr\/659349\/"},"modified":"2026-01-12T22:47:24","modified_gmt":"2026-01-12T22:47:24","slug":"lintegrale-des-grandes-gueules-du-lundi-12-janvier-2026-avec-charles-consigny-joelle-dago-serry-et-jean-loup-bonnamy","status":"publish","type":"post","link":"https:\/\/www.europesays.com\/fr\/659349\/","title":{"rendered":"L&rsquo;int\u00e9grale des Grandes Gueules du lundi 12 janvier 2026 avec Charles Consigny, Jo\u00eblle Dago-Serry et Jean-Loup Bonnamy"},"content":{"rendered":"<p><img decoding=\"async\" src=\"https:\/\/www.europesays.com\/fr\/wp-content\/uploads\/2025\/12\/principale-178_4.jpg\"  alt=\"L'int\u00e9grale des Grandes Gueules du lundi 12 janvier 2026 avec Charles Consigny, Jo\u00eblle Dago-Serry et Jean-Loup Bonnamy - 09h\/12h\" title=\"L'int\u00e9grale des Grandes Gueules du lundi 12 janvier 2026 avec Charles Consigny, Jo\u00eblle Dago-Serry et Jean-Loup Bonnamy - 09h\/12h\"\/>L&rsquo;int\u00e9grale des Grandes Gueules du lundi 12 janvier 2026 avec Charles Consigny, Jo\u00eblle Dago-Serry et Jean-Loup Bonnamy &#8211; 09h\/12h<\/p>\n<p>3 heures de d\u00e9bats o\u00f9 toutes les opinions sont les bienvenues. A la table des Grandes Gueules, les esprits s&rsquo;ouvrent et les points de vue s&rsquo;\u00e9largissent. Pour cette 20\u00e8me saison, Alain Marschall et Olivier Truchot, accompagn\u00e9s des GG issues de la soci\u00e9t\u00e9 civile, m\u00ealent information et divertissement. Les Grandes gueules, le show de la libert\u00e9 d&rsquo;expression. Ce lundi 12 janvier 2026, retrouvez Charles Consigny, avocat, Jo\u00eblle Dago-Serry, coach de vie, et Jean-Loup Bonnamy, prof de philo, pour des discussions enflamm\u00e9es !<\/p>\n","protected":false},"excerpt":{"rendered":"L&rsquo;int\u00e9grale des Grandes Gueules du lundi 12 janvier 2026 avec Charles Consigny, Jo\u00eblle Dago-Serry et Jean-Loup Bonnamy &#8211;&hellip;\n","protected":false},"author":2,"featured_media":659350,"comment_status":"","ping_status":"","sticky":false,"template":"","format":"standard","meta":{"footnotes":""},"categories":[1356],"tags":[58,59,1011,27,252,1364],"class_list":{"0":"post-659349","1":"post","2":"type-post","3":"status-publish","4":"format-standard","5":"has-post-thumbnail","7":"category-television","8":"tag-divertissement","9":"tag-entertainment","10":"tag-fr","11":"tag-france","12":"tag-television","13":"tag-tv"},"share_on_mastodon":{"url":"https:\/\/pubeurope.com\/@fr\/115884566002208933","error":""},"_links":{"self":[{"href":"https:\/\/www.europesays.com\/fr\/wp-json\/wp\/v2\/posts\/659349","targetHints":{"allow":["GET"]}}],"collection":[{"href":"https:\/\/www.europesays.com\/fr\/wp-json\/wp\/v2\/posts"}],"about":[{"href":"https:\/\/www.europesays.com\/fr\/wp-json\/wp\/v2\/types\/post"}],"author":[{"embeddable":true,"href":"https:\/\/www.europesays.com\/fr\/wp-json\/wp\/v2\/users\/2"}],"replies":[{"embeddable":true,"href":"https:\/\/www.europesays.com\/fr\/wp-json\/wp\/v2\/comments?post=659349"}],"version-history":[{"count":0,"href":"https:\/\/www.europesays.com\/fr\/wp-json\/wp\/v2\/posts\/659349\/revisions"}],"wp:featuredmedia":[{"embeddable":true,"href":"https:\/\/www.europesays.com\/fr\/wp-json\/wp\/v2\/media\/659350"}],"wp:attachment":[{"href":"https:\/\/www.europesays.com\/fr\/wp-json\/wp\/v2\/media?parent=659349"}],"wp:term":[{"taxonomy":"category","embeddable":true,"href":"https:\/\/www.europesays.com\/fr\/wp-json\/wp\/v2\/categories?post=659349"},{"taxonomy":"post_tag","embeddable":true,"href":"https:\/\/www.europesays.com\/fr\/wp-json\/wp\/v2\/tags?post=659349"}],"curies":[{"name":"wp","href":"https:\/\/api.w.org\/{rel}","templated":true}]}}