{"id":659351,"date":"2026-01-12T22:48:17","date_gmt":"2026-01-12T22:48:17","guid":{"rendered":"https:\/\/www.europesays.com\/fr\/659351\/"},"modified":"2026-01-12T22:48:17","modified_gmt":"2026-01-12T22:48:17","slug":"dave-ce-quartier-tres-prise-ou-il-a-elu-domicile-a-paris-en-face-de-la-ou-habitait-une-icone-de-la-chanson-francaise-2","status":"publish","type":"post","link":"https:\/\/www.europesays.com\/fr\/659351\/","title":{"rendered":"Dave : ce quartier tr\u00e8s pris\u00e9 o\u00f9 il a \u00e9lu domicile \u00e0 Paris, en face de l\u00e0 o\u00f9 habitait une ic\u00f4ne de la chanson fran\u00e7aise"},"content":{"rendered":"<p class=\"mb-4 text-lg md:leading-8 break-words\">Dave n&rsquo;\u00e9tait pas le voisin de n&rsquo;importe qui. Le chanteur de 81 ans victime d&rsquo;une terrible chute en 2022 reviendra bient\u00f4t sur sc\u00e8ne pour un concert tr\u00e8s sp\u00e9cial. L&rsquo;occasion pour lui de revenir sur son parcours et notamment son arriv\u00e9e en France. Il revient sur cet endroit pris\u00e9 de la capitale dans lequel il a v\u00e9cu avec son mari Patrick Loiseau.<\/p>\n<p class=\"mb-4 text-lg md:leading-8 break-words\">Le plus Fran\u00e7ais des Hollandais a v\u00e9cu des moments difficiles ces derni\u00e8res ann\u00e9es. Dans <a href=\"https:\/\/fr.news.yahoo.com\/maison-stars-dave-nid-douillet-123300217.html\" data-ylk=\"slk:son nid douillet du 16e arrondissement de Paris;elm:context_link;itc:0;sec:content-canvas;outcm:mb_qualified_link;_E:mb_qualified_link;ct:story;\" class=\"link  yahoo-link\" target=\"_blank\" rel=\"noopener\">son nid douillet du 16e arrondissement de Paris<\/a>, <a href=\"https:\/\/www.purepeople.com\/people\/dave_p1428\" rel=\"nofollow noopener\" target=\"_blank\" data-ylk=\"slk:Dave;elm:context_link;itc:0;sec:content-canvas\" class=\"link \"><strong>Dave<\/strong><\/a><strong> a \u00e9t\u00e9 victime d\u2019un accident domestique<\/strong> qui lui a valu quatre jours de coma. Apr\u00e8s une chute de 2,5 m\u00e8tres dans les escaliers en janvier 2022, le chanteur a souffert d\u2019une h\u00e9morragie c\u00e9r\u00e9brale qui l\u2019a <a href=\"https:\/\/fr.news.yahoo.com\/ny-aucun-espoir-dave-%C3%A9voque-070900023.html\" data-ylk=\"slk:priv\u00e9 de go\u00fbt et d\u2019odorat;elm:context_link;itc:0;sec:content-canvas;outcm:mb_qualified_link;_E:mb_qualified_link;ct:story;\" class=\"link  yahoo-link\" target=\"_blank\" rel=\"noopener\">priv\u00e9 de go\u00fbt et d\u2019odorat<\/a>. <a href=\"https:\/\/fr.news.yahoo.com\/dave-tir%C3%A9-daffaires-indemne-deux-202400325.html\" data-ylk=\"slk:Il a m\u00eame des pertes de m\u00e9moire depuis;elm:context_link;itc:0;sec:content-canvas;outcm:mb_qualified_link;_E:mb_qualified_link;ct:story;\" class=\"link  yahoo-link\" target=\"_blank\" rel=\"noopener\">Il a m\u00eame des pertes de m\u00e9moire depuis<\/a>. Mais heureusement, sa voix est rest\u00e9e intacte.<\/p>\n<p class=\"mb-4 text-lg md:leading-8 break-words\">Invit\u00e9 d\u2019honneur du th\u00e9\u00e2tre de la Tour Eiffel le 27 janvier prochain pour un concert et une rencontre avec son public, Dave est revenu sur son parcours pour T\u00e9l\u00e9 Star. Avant de vivre au c\u0153ur de la Villa Montmorency o\u00f9 le drame s\u2019est d\u00e9roul\u00e9, l\u2019artiste de 81 ans a v\u00e9cu avec son mari Patrick Loiseau dans un autre endroit iconique de la capitale. Et <strong>il habitait en face d\u2019une grande chanteuse fran\u00e7aise.<\/strong><\/p>\n<p class=\"mb-4 text-lg md:leading-8 break-words\">Dave : ancien voisin d&rsquo;une autre star<\/p>\n<p class=\"mb-4 text-lg md:leading-8 break-words\">Dave raconte avoir quitt\u00e9 les Pays-Bas en bateau avec son ami de l\u2019\u00e9poque en passant par les canaux pour rejoindre Marseille. Il a ensuite chant\u00e9 dans les rues de Namur, de Saint-Tropez et de Paris et a rencontr\u00e9 Patrick Loiseau, avec qui il vit depuis le 7 f\u00e9vrier 1971. Pour leur cocon, ils n\u2019ont pas choisi au hasard : \u201c<strong>Nous nous sommes vite install\u00e9s sur l\u2019\u00eele Saint-Louis \u00e0 Paris, en face de chez <\/strong><a href=\"https:\/\/www.purepeople.com\/people\/francoise-hardy_p388\" rel=\"nofollow noopener\" target=\"_blank\" data-ylk=\"slk:Fran\u00e7oise Hardy;elm:context_link;itc:0;sec:content-canvas\" class=\"link \"><strong>Fran\u00e7oise Hardy<\/strong><\/a>, qui \u00e9tait l\u2019idole absolue de Patrick\u201d.<\/p>\n<p class=\"mb-4 text-lg md:leading-8 break-words\">La m\u00e8re de <a href=\"https:\/\/www.purepeople.com\/people\/thomas-dutronc_p390\" rel=\"nofollow noopener\" target=\"_blank\" data-ylk=\"slk:Thomas Dutronc;elm:context_link;itc:0;sec:content-canvas\" class=\"link \">Thomas Dutronc<\/a> avait vendu son studio de la rue du Rocher en 1970 pour acqu\u00e9rir un appartement situ\u00e9 au 10 rue Saint-Louis-en-l\u2019\u00eele. Mais apr\u00e8s la naissance de son fils, l\u2019interpr\u00e8te de Message personnel avait emm\u00e9nag\u00e9 avec <a href=\"https:\/\/www.purepeople.com\/people\/jacques-dutronc_p389\" rel=\"nofollow noopener\" target=\"_blank\" data-ylk=\"slk:Jacques Dutronc;elm:context_link;itc:0;sec:content-canvas\" class=\"link \">Jacques Dutronc<\/a> dans une maison du 14e arrondissement.<\/p>\n<p class=\"mb-4 text-lg md:leading-8 break-words\">Dans le 16e \u00e0 pr\u00e9sent, <strong>Dave est l\u2019un des derniers artistes \u00e0 vivre \u201c<\/strong><strong>avec la grande bourgeoisie<\/strong><strong>\u201d <\/strong>depuis le d\u00e9part de <a href=\"https:\/\/www.purepeople.com\/people\/mylene-farmer_p94\" rel=\"nofollow noopener\" target=\"_blank\" data-ylk=\"slk:Myl\u00e8ne Farmer;elm:context_link;itc:0;sec:content-canvas\" class=\"link \">Myl\u00e8ne Farmer<\/a>. Ce petit village de 110 maisons est une vraie p\u00e9pite. Il y loue un ancien atelier d\u2019artiste tr\u00e8s lumineux gr\u00e2ce \u00e0 d\u2019immenses verri\u00e8res. \u00c9galement parolier de la star, <a href=\"https:\/\/fr.news.yahoo.com\/dave-c%C3%A9l%C3%A8bre-animateur-t%C3%A9l%C3%A9-jou%C3%A9-144000248.html\" data-ylk=\"slk:Patrick Loiseau est mari\u00e9 \u00e0 Dave depuis 2019;elm:context_link;itc:0;sec:content-canvas;outcm:mb_qualified_link;_E:mb_qualified_link;ct:story;\" class=\"link  yahoo-link\" target=\"_blank\" rel=\"noopener\">Patrick Loiseau est mari\u00e9 \u00e0 Dave depuis 2019<\/a>.<\/p>\n<p class=\"mb-4 text-lg md:leading-8 break-words\">Depuis de nombreuses ann\u00e9es, le couple (<a href=\"https:\/\/fr.news.yahoo.com\/dave-contraint-cacher-couple-patrick-071900049.html\" data-ylk=\"slk:\u00e0 qui on a refus\u00e9 de participer \u00e0 une c\u00e9l\u00e8bre \u00e9mission;elm:context_link;itc:0;sec:content-canvas;outcm:mb_qualified_link;_E:mb_qualified_link;ct:story;\" class=\"link  yahoo-link\" target=\"_blank\" rel=\"noopener\">\u00e0 qui on a refus\u00e9 de participer \u00e0 une c\u00e9l\u00e8bre \u00e9mission<\/a>) <strong>n\u2019h\u00e9site pas \u00e0 quitter Paris pour se mettre au vert <\/strong>gr\u00e2ce \u00e0 une <a href=\"https:\/\/fr.news.yahoo.com\/seul-d%C3%A9savantage-dave-propri%C3%A9taire-dune-125751789.html\" data-ylk=\"slk:maison secondaire situ\u00e9e dans le Lub\u00e9ron;elm:context_link;itc:0;sec:content-canvas;outcm:mb_qualified_link;_E:mb_qualified_link;ct:story;\" class=\"link  yahoo-link\" target=\"_blank\" rel=\"noopener\">maison secondaire situ\u00e9e dans le Lub\u00e9ron<\/a>. L&rsquo;ami de Dave <a href=\"https:\/\/www.purepeople.com\/people\/daniel-auteuil_p185\" rel=\"nofollow noopener\" target=\"_blank\" data-ylk=\"slk:Daniel Auteuil;elm:context_link;itc:0;sec:content-canvas\" class=\"link \">Daniel Auteuil<\/a> l\u2019avait convaincu d\u2019y poser ses valises mais avait ensuite pr\u00e9f\u00e9r\u00e9 la Corse apr\u00e8s sa s\u00e9paration avec <a href=\"https:\/\/www.purepeople.com\/people\/emmanuelle-beart_p187\" rel=\"nofollow noopener\" target=\"_blank\" data-ylk=\"slk:Emmanuelle B\u00e9art;elm:context_link;itc:0;sec:content-canvas\" class=\"link \">Emmanuelle B\u00e9art<\/a>.<\/p>\n<p class=\"mb-4 text-lg md:leading-8 break-words\"><a href=\"https:\/\/www.purepeople.com\/article\/dave-ce-quartier-tres-prise-ou-il-a-elu-domicile-a-paris-en-face-de-la-ou-habitait-une-icone-de-la-chanson-francaise_a546316\/1\" rel=\"nofollow noopener\" target=\"_blank\" data-ylk=\"slk:Article original sur Purepeople;elm:context_link;itc:0;sec:content-canvas\" class=\"link \">Article original sur Purepeople<\/a><\/p>\n","protected":false},"excerpt":{"rendered":"Dave n&rsquo;\u00e9tait pas le voisin de n&rsquo;importe qui. Le chanteur de 81 ans victime d&rsquo;une terrible chute en&hellip;\n","protected":false},"author":2,"featured_media":659352,"comment_status":"","ping_status":"","sticky":false,"template":"","format":"standard","meta":{"footnotes":""},"categories":[1355],"tags":[51917,22244,58,59,1011,27,1361,873,76126,40596,76128,76127],"class_list":{"0":"post-659351","1":"post","2":"type-post","3":"status-publish","4":"format-standard","5":"has-post-thumbnail","7":"category-musique","8":"tag-16e-arrondissement-de-paris","9":"tag-dave","10":"tag-divertissement","11":"tag-entertainment","12":"tag-fr","13":"tag-france","14":"tag-music","15":"tag-musique","16":"tag-patrick-loiseau","17":"tag-pertes-de-memoire","18":"tag-prise-de-la-capitale","19":"tag-theatre-de-la-tour-eiffel"},"share_on_mastodon":{"url":"https:\/\/pubeurope.com\/@fr\/115884569628893909","error":""},"_links":{"self":[{"href":"https:\/\/www.europesays.com\/fr\/wp-json\/wp\/v2\/posts\/659351","targetHints":{"allow":["GET"]}}],"collection":[{"href":"https:\/\/www.europesays.com\/fr\/wp-json\/wp\/v2\/posts"}],"about":[{"href":"https:\/\/www.europesays.com\/fr\/wp-json\/wp\/v2\/types\/post"}],"author":[{"embeddable":true,"href":"https:\/\/www.europesays.com\/fr\/wp-json\/wp\/v2\/users\/2"}],"replies":[{"embeddable":true,"href":"https:\/\/www.europesays.com\/fr\/wp-json\/wp\/v2\/comments?post=659351"}],"version-history":[{"count":0,"href":"https:\/\/www.europesays.com\/fr\/wp-json\/wp\/v2\/posts\/659351\/revisions"}],"wp:featuredmedia":[{"embeddable":true,"href":"https:\/\/www.europesays.com\/fr\/wp-json\/wp\/v2\/media\/659352"}],"wp:attachment":[{"href":"https:\/\/www.europesays.com\/fr\/wp-json\/wp\/v2\/media?parent=659351"}],"wp:term":[{"taxonomy":"category","embeddable":true,"href":"https:\/\/www.europesays.com\/fr\/wp-json\/wp\/v2\/categories?post=659351"},{"taxonomy":"post_tag","embeddable":true,"href":"https:\/\/www.europesays.com\/fr\/wp-json\/wp\/v2\/tags?post=659351"}],"curies":[{"name":"wp","href":"https:\/\/api.w.org\/{rel}","templated":true}]}}