{"id":659353,"date":"2026-01-12T22:49:54","date_gmt":"2026-01-12T22:49:54","guid":{"rendered":"https:\/\/www.europesays.com\/fr\/659353\/"},"modified":"2026-01-12T22:49:54","modified_gmt":"2026-01-12T22:49:54","slug":"le-role-cache-de-tom-cruise-dans-star-wars-starfighter","status":"publish","type":"post","link":"https:\/\/www.europesays.com\/fr\/659353\/","title":{"rendered":"Le r\u00f4le cach\u00e9 de Tom Cruise dans Star Wars: Starfighter"},"content":{"rendered":"<p class=\"chapo\">Shawn Levy confie une sc\u00e8ne \u00e0 Tom Cruise, donnant au film une signature visuelle in\u00e9dite.<\/p>\n<p>Tl;dr<\/p>\n<ul>\n<li>Tom Cruise s\u2019est gliss\u00e9 derri\u00e8re la cam\u00e9ra pour filmer une sc\u00e8ne spectaculaire de Star Wars: Starfighter, laissant sa patte sur le film de Shawn Levy.<\/li>\n<li>Star Wars: Starfighter se d\u00e9roule cinq ans apr\u00e8s Star Wars, \u00e9pisode IX: L\u2019Ascension de Skywalker et r\u00e9unit un casting prestigieux, dont Ryan Gosling, Amy Adams et Mia Goth.<\/li>\n<li>Lucasfilm traverse une phase de transition avec le d\u00e9part de Kathleen Kennedy, et le film est pr\u00e9vu pour le 28 mai 2027.<\/li>\n<\/ul>\n<p>Quand Tom Cruise s\u2019invite derri\u00e8re la cam\u00e9ra d\u2019un Star Wars<\/p>\n<p>Sur le plateau de tournage du prochain opus Star Wars: Starfighter, un invit\u00e9 inattendu a discr\u00e8tement marqu\u00e9 de son empreinte l\u2019histoire de la saga. En novembre dernier, Tom Cruise, tout juste aur\u00e9ol\u00e9 d\u2019un Oscar honorifique, s\u2019est rendu sur le tournage orchestr\u00e9 par le r\u00e9alisateur Shawn Levy. Arrivant en h\u00e9licopt\u00e8re, musique de Mission Impossible \u00e0 fond sur les enceintes \u2014 clin d\u2019\u0153il appr\u00e9ci\u00e9 par l\u2019\u00e9quipe \u2014, l\u2019acteur n\u2019avait pas pr\u00e9vu de jouer un r\u00f4le \u00e0 l\u2019\u00e9cran\u2026 mais il n\u2019a pas pu r\u00e9sister \u00e0 l\u2019appel du cin\u00e9ma.<\/p>\n<p>L\u2019empreinte d\u2019une star sur une sc\u00e8ne cl\u00e9<\/p>\n<p>Le sc\u00e9nario ? D\u2019abord simple visiteur, Tom Cruise s\u2019est laiss\u00e9 entra\u00eener par l\u2019enthousiasme ambiant alors que Shawn\u00a0Levy pr\u00e9parait une s\u00e9quence aquatique spectaculaire impliquant un duel au sabre laser. Sur le ton de la plaisanterie, le r\u00e9alisateur a sugg\u00e9r\u00e9 \u00e0 la star de Top Gun: Maverick de se glisser derri\u00e8re la cam\u00e9ra. Mais loin de se contenter d\u2019une posture symbolique, Tom Cruise s\u2019est v\u00e9ritablement investi : \u00ab\u00a0Il \u00e9tait concentr\u00e9, debout dans la boue jusqu\u2019aux chevilles, tentant d\u2019obtenir le cadre parfait avec un appareil num\u00e9rique\u00a0 \u00bb, confie un t\u00e9moin dans le New York Times. R\u00e9sultat ? Une partie du film portera sa signature visuelle. Un clin d\u2019\u0153il que Levy, admiratif, r\u00e9sume ainsi : \u00ab\u00a0D\u00e9sormais, vous saurez qu\u2019une sc\u00e8ne a \u00e9t\u00e9 film\u00e9e par Tom. N\u2019est-ce pas incroyable ?\u00a0\u00bb<\/p>\n<p>Nouveaux horizons pour la galaxie Star Wars<\/p>\n<p>Ce prochain film repr\u00e9sente bien plus qu\u2019un simple chapitre suppl\u00e9mentaire dans l\u2019univers <a href=\"https:\/\/www.24matins.fr\/le-futur-de-star-wars-passera-desormais-par-dave-filoni-et-lynwen-brennan-1401084\" target=\"_blank\" rel=\"noopener\"><strong>Star Wars<\/strong><\/a>. Pour la premi\u00e8re fois depuis longtemps, un r\u00e9alisateur repousse les fronti\u00e8res narratives de la franchise : Starfighter se d\u00e9roule cinq ans apr\u00e8s les \u00e9v\u00e9nements de Star Wars, \u00e9pisode IX: L\u2019Ascension de Skywalker, explorant ainsi une p\u00e9riode totalement in\u00e9dite du c\u00e9l\u00e8bre univers. Les d\u00e9tails du sc\u00e9nario restent jalousement gard\u00e9s, mais l\u2019attente grandit autour de cette prise de risque cr\u00e9ative.<\/p>\n<p>Parmi les t\u00eates d\u2019affiche annonc\u00e9es, on retrouve notamment Ryan Gosling, rejoint par un casting \u00e9toil\u00e9 :\u00a0Amy Adams, Mia Goth, Aaron Pierre\u00a0et Matt Smith\u00a0\u2014 autant de talents pr\u00eats \u00e0 embarquer les spectateurs vers des territoires inexplor\u00e9s.<\/p>\n<p>Bouleversements chez Lucasfilm et sortie tr\u00e8s attendue<\/p>\n<p>Ce vent nouveau souffle alors que Lucasfilm, maison-m\u00e8re mythique, conna\u00eet sa propre phase de transition. La pr\u00e9sidente historique Kathleen Kennedy c\u00e8de bient\u00f4t sa place \u00e0 un duo compos\u00e9 de Dave Filoni, actuel Chief Creative Officer, et Lynwen Brennan.<\/p>\n<p>Quant aux fans impatients, ils devront patienter jusqu\u2019au 28 mai 2027 pour d\u00e9couvrir ce nouvel \u00e9pisode sur grand \u00e9cran \u2014 peut-\u00eatre y reconna\u00eetront-ils la patte inattendue d\u2019un certain Tom Cruise\u2026<\/p>\n","protected":false},"excerpt":{"rendered":"Shawn Levy confie une sc\u00e8ne \u00e0 Tom Cruise, donnant au film une signature visuelle in\u00e9dite. Tl;dr Tom Cruise&hellip;\n","protected":false},"author":2,"featured_media":656652,"comment_status":"","ping_status":"","sticky":false,"template":"","format":"standard","meta":{"footnotes":""},"categories":[1354],"tags":[58,59,1346,1011,27,1360],"class_list":{"0":"post-659353","1":"post","2":"type-post","3":"status-publish","4":"format-standard","5":"has-post-thumbnail","7":"category-films","8":"tag-divertissement","9":"tag-entertainment","10":"tag-films","11":"tag-fr","12":"tag-france","13":"tag-movies"},"share_on_mastodon":{"url":"https:\/\/pubeurope.com\/@fr\/115884577605823297","error":""},"_links":{"self":[{"href":"https:\/\/www.europesays.com\/fr\/wp-json\/wp\/v2\/posts\/659353","targetHints":{"allow":["GET"]}}],"collection":[{"href":"https:\/\/www.europesays.com\/fr\/wp-json\/wp\/v2\/posts"}],"about":[{"href":"https:\/\/www.europesays.com\/fr\/wp-json\/wp\/v2\/types\/post"}],"author":[{"embeddable":true,"href":"https:\/\/www.europesays.com\/fr\/wp-json\/wp\/v2\/users\/2"}],"replies":[{"embeddable":true,"href":"https:\/\/www.europesays.com\/fr\/wp-json\/wp\/v2\/comments?post=659353"}],"version-history":[{"count":0,"href":"https:\/\/www.europesays.com\/fr\/wp-json\/wp\/v2\/posts\/659353\/revisions"}],"wp:featuredmedia":[{"embeddable":true,"href":"https:\/\/www.europesays.com\/fr\/wp-json\/wp\/v2\/media\/656652"}],"wp:attachment":[{"href":"https:\/\/www.europesays.com\/fr\/wp-json\/wp\/v2\/media?parent=659353"}],"wp:term":[{"taxonomy":"category","embeddable":true,"href":"https:\/\/www.europesays.com\/fr\/wp-json\/wp\/v2\/categories?post=659353"},{"taxonomy":"post_tag","embeddable":true,"href":"https:\/\/www.europesays.com\/fr\/wp-json\/wp\/v2\/tags?post=659353"}],"curies":[{"name":"wp","href":"https:\/\/api.w.org\/{rel}","templated":true}]}}