{"id":659354,"date":"2026-01-12T22:50:16","date_gmt":"2026-01-12T22:50:16","guid":{"rendered":"https:\/\/www.europesays.com\/fr\/659354\/"},"modified":"2026-01-12T22:50:16","modified_gmt":"2026-01-12T22:50:16","slug":"a-quel-age-letre-humain-atteint-il-son-age-dor","status":"publish","type":"post","link":"https:\/\/www.europesays.com\/fr\/659354\/","title":{"rendered":"\u00c0 quel \u00e2ge l\u2019\u00eatre humain atteint-il son \u00e2ge d\u2019or\u00a0?"},"content":{"rendered":"<p>    La r\u00e9daction vous conseille<\/p>\n<p>Comment a \u00e9t\u00e9 men\u00e9e cette \u00e9tude\u00a0?<\/p>\n<p>Si les premiers signes de d\u00e9clin physique interviennent entre 40 et 50\u00a0ans, l\u2019un des co-auteurs de l\u2019\u00e9tude, Gilles. E.Gignac met en avant un autre chiffre. Selon lui, \u00ab\u00a0le fonctionnement psychologique des \u00eatres humains atteint son efficacit\u00e9 entre 55 et 60\u00a0ans.\u00a0\u00bb \u00ab\u00a0Notre recherche nous a permis d\u2019identifier 16 dimensions psychologiques correspondant \u00e0 ces crit\u00e8res. Il s\u2019agissait notamment de capacit\u00e9s cognitives fondamentales, telles que le raisonnement, la capacit\u00e9 de m\u00e9morisation, la vitesse de traitement, les connaissances ou encore l\u2019intelligence \u00e9motionnelle\u00a0\u00bb, r\u00e9v\u00e8le le chercheur \u00e0 nos confr\u00e8res de <a href=\"https:\/\/www.20minutes.fr\/high-tech\/sciences\/4185161-20251112-si-atteignait-apogee-60-ans-scientifiques-penchent-question\" target=\"_blank\" rel=\"nofollow noopener\">20 Minutes<\/a>.<\/p>\n<p>\u00ab\u00a0Nous avons recens\u00e9 puis compil\u00e9 toutes les \u00e9tudes portant sur ces 16\u00a0dimensions men\u00e9es sur des cohortes de grandes tailles. En les standardisant, gr\u00e2ce \u00e0 une \u00e9chelle commune, nous avons pu \u00e9tablir des comparaisons directes et cartographier l\u2019\u00e9volution de chaque trait au fil de la vie\u00a0\u00bb, compl\u00e8te le scientifique.<\/p>\n<p>Un apog\u00e9e cognitif plus tardif par rapport au physique<\/p>\n<p>Et d\u2019apr\u00e8s les conclusions de cette analyse, plusieurs des traits mesur\u00e9s atteignent leur pic tardivement. C\u2019est le cas du caract\u00e8re consciencieux qui culmine autour de 65\u00a0ans mais aussi de la stabilit\u00e9 \u00e9motionnelle qui atteindrait son apog\u00e9e \u00e0 75\u00a0ans. \u00ab\u00a0Si certaines capacit\u00e9s d\u00e9clinent avec l\u2019\u00e2ge, elles sont contrebalanc\u00e9es par la progression d\u2019autres traits essentiels. Ensemble, ces comp\u00e9tences favorisent de meilleures capacit\u00e9s de jugement et des prises de d\u00e9cisions plus r\u00e9fl\u00e9chies \u2013 autant de qualit\u00e9s cruciales au sommet\u00a0\u00bb, \u00e9met en conclusion le chercheur canadien.<\/p>\n<p>    La r\u00e9daction vous conseille<\/p>\n<p>Ainsi, d\u2019apr\u00e8s cette \u00e9tude, les humains atteindraient une totale pl\u00e9nitude \u00e0 60\u00a0ans. Un \u00e2ge plus avanc\u00e9 qu\u2019imagin\u00e9, bien que le fonctionnement cognitif global soit plus complexe et ne se limite pas \u00e0 un chiffre. Cette d\u00e9couverte pourrait toutefois marqu\u00e9 un vrai atout pour les personnes dites \u201cseniors\u201d notamment dans la sph\u00e8re professionnelle. \u00c0 noter enfin, que cette moyenne varie bien \u00e9videmment selon les individus, tous les \u00eatres humains n\u2019ayant pas les m\u00eames pr\u00e9dispositions g\u00e9n\u00e9tiques et cognitives.<\/p>\n","protected":false},"excerpt":{"rendered":"La r\u00e9daction vous conseille Comment a \u00e9t\u00e9 men\u00e9e cette \u00e9tude\u00a0? Si les premiers signes de d\u00e9clin physique interviennent&hellip;\n","protected":false},"author":2,"featured_media":659355,"comment_status":"","ping_status":"","sticky":false,"template":"","format":"standard","meta":{"footnotes":""},"categories":[10],"tags":[1011,27,72,71],"class_list":{"0":"post-659354","1":"post","2":"type-post","3":"status-publish","4":"format-standard","5":"has-post-thumbnail","7":"category-sante","8":"tag-fr","9":"tag-france","10":"tag-health","11":"tag-sante"},"share_on_mastodon":{"url":"https:\/\/pubeurope.com\/@fr\/115884577671994145","error":""},"_links":{"self":[{"href":"https:\/\/www.europesays.com\/fr\/wp-json\/wp\/v2\/posts\/659354","targetHints":{"allow":["GET"]}}],"collection":[{"href":"https:\/\/www.europesays.com\/fr\/wp-json\/wp\/v2\/posts"}],"about":[{"href":"https:\/\/www.europesays.com\/fr\/wp-json\/wp\/v2\/types\/post"}],"author":[{"embeddable":true,"href":"https:\/\/www.europesays.com\/fr\/wp-json\/wp\/v2\/users\/2"}],"replies":[{"embeddable":true,"href":"https:\/\/www.europesays.com\/fr\/wp-json\/wp\/v2\/comments?post=659354"}],"version-history":[{"count":0,"href":"https:\/\/www.europesays.com\/fr\/wp-json\/wp\/v2\/posts\/659354\/revisions"}],"wp:featuredmedia":[{"embeddable":true,"href":"https:\/\/www.europesays.com\/fr\/wp-json\/wp\/v2\/media\/659355"}],"wp:attachment":[{"href":"https:\/\/www.europesays.com\/fr\/wp-json\/wp\/v2\/media?parent=659354"}],"wp:term":[{"taxonomy":"category","embeddable":true,"href":"https:\/\/www.europesays.com\/fr\/wp-json\/wp\/v2\/categories?post=659354"},{"taxonomy":"post_tag","embeddable":true,"href":"https:\/\/www.europesays.com\/fr\/wp-json\/wp\/v2\/tags?post=659354"}],"curies":[{"name":"wp","href":"https:\/\/api.w.org\/{rel}","templated":true}]}}