{"id":659358,"date":"2026-01-12T22:52:12","date_gmt":"2026-01-12T22:52:12","guid":{"rendered":"https:\/\/www.europesays.com\/fr\/659358\/"},"modified":"2026-01-12T22:52:12","modified_gmt":"2026-01-12T22:52:12","slug":"mattel-annonce-la-sortie-de-sa-premiere-barbie-atteinte-dautisme-2","status":"publish","type":"post","link":"https:\/\/www.europesays.com\/fr\/659358\/","title":{"rendered":"Mattel annonce la sortie de sa premi\u00e8re Barbie atteinte d&rsquo;autisme"},"content":{"rendered":"<p class=\"mb-4 text-lg md:leading-8 break-words\">Un pas de plus vers la repr\u00e9sentation des enfants \u00e0 travers le jeu. Apr\u00e8s <a data-i13n=\"cpos:1;pos:1\" href=\"https:\/\/www.bfmtv.com\/economie\/consommation\/mattel-va-commercialiser-sa-premiere-poupee-barbie-non-voyante_AV-202407230465.html\" rel=\"nofollow noopener\" target=\"_blank\" data-ylk=\"slk:la poup\u00e9e non-voyante;cpos:1;pos:1;elm:context_link;itc:0;sec:content-canvas\" class=\"link \">la poup\u00e9e non-voyante<\/a> ou encore la <a data-i13n=\"cpos:2;pos:1\" href=\"https:\/\/www.bfmtv.com\/sante\/video-mattel-lance-sa-premiere-poupee-barbie-atteinte-de-diabete-de-type-1_VN-202507090353.html\" rel=\"nofollow noopener\" target=\"_blank\" data-ylk=\"slk:Barbie diab\u00e9tique;cpos:2;pos:1;elm:context_link;itc:0;sec:content-canvas\" class=\"link \">Barbie diab\u00e9tique<\/a>, le fabricant de jouets <a data-i13n=\"cpos:3;pos:1\" href=\"https:\/\/corporate.mattel.com\/news\/barbie-introduces-the-first-autistic-barbie-doll-championing-representation-for-children-through-play\" rel=\"nofollow noopener\" target=\"_blank\" data-ylk=\"slk:Mattel;cpos:3;pos:1;elm:context_link;itc:0;sec:content-canvas\" class=\"link \">Mattel<\/a> a annonc\u00e9 ce dimanche 11 janvier la sortie de sa nouvelle Barbie, atteinte d&rsquo;autisme.<\/p>\n<p class=\"mb-4 text-lg md:leading-8 break-words\">La poup\u00e9e \u00ab\u00a0a \u00e9t\u00e9 cr\u00e9\u00e9e avec l&rsquo;aide de la communaut\u00e9 autiste afin de repr\u00e9senter les fa\u00e7ons courantes dont les personnes autistes peuvent percevoir, traiter et communiquer sur le monde qui les entoure\u00a0\u00bb, explique Mattel, notamment avec l&rsquo;association Asan qui \u0153uvre pour les droits des personnes autistes.<\/p>\n<p>Bras articul\u00e9s, casque anti-bruit et robe ample<\/p>\n<p class=\"mb-4 text-lg md:leading-8 break-words\">La poup\u00e9e Barbie autiste pr\u00e9sente plusieurs caract\u00e9ristiques qui lui sont propres. Elle poss\u00e8de notamment des articulations au niveau des coudes et des poignets, contrairement aux Barbies traditionnelles, pour permettre de lui faire faire \u00ab\u00a0des mouvements r\u00e9p\u00e9titifs, de battre des mains et d&rsquo;effectuer d&rsquo;autres gestes que certains membres de la communaut\u00e9 autiste utilisent pour traiter les informations sensorielles ou exprimer leur excitation\u00a0\u00bb.<\/p>\n<p class=\"mb-4 text-lg md:leading-8 break-words\">Le regard de cette Barbie est \u00e9galement diff\u00e9rent, avec des yeux qui regardent tr\u00e8s l\u00e9g\u00e8rement sur le c\u00f4t\u00e9 afin de repr\u00e9senter la mani\u00e8re dont certains membres de la communaut\u00e9 autiste \u00e9vitent de regarder les personnes dans les yeux.<\/p>\n<p class=\"mb-4 text-lg md:leading-8 break-words\">Point essentiel: la poup\u00e9e a plusieurs accessoires cl\u00e9s. Elle peut tenir dans sa main un \u00ab\u00a0fidget spinner\u00a0\u00bb rose (jouet sensoriel anti-stress, NDLR). Elle est \u00e9galement vendue avec un casque anti-bruit rose, pour aider \u00e0 r\u00e9duire la surcharge sensorielle, et une tablette rose affichant des applications de communication am\u00e9lior\u00e9e et alternative.<\/p>\n<p class=\"mb-4 text-lg md:leading-8 break-words\">Enfin, les v\u00eatements de la Barbie sont eux aussi adapt\u00e9s, avec une robe ample et fluide violette \u00e0 fines rayures, r\u00e9duisant le contact entre le tissu et la peau. Cette Barbie porte \u00e9galement des chaussures plates, pour la stabilit\u00e9.<\/p>\n<p class=\"mb-4 text-lg md:leading-8 break-words\">Pour f\u00eater le lancement de cette nouvelle Barbie participant \u00e0 l&rsquo;inclusion des enfants, Mattel promet de faire don de 1.000 de ces poup\u00e9es \u00e0 des h\u00f4pitaux p\u00e9diatriques am\u00e9ricains qui poss\u00e8dent des services sp\u00e9cialis\u00e9s pour les enfants atteints de troubles du spectre autistique. La poup\u00e9e est d\u00e9j\u00e0 disponible \u00e0 la vente sur <a data-i13n=\"cpos:4;pos:1\" href=\"https:\/\/shopping.mattel.com\/fr-fr\/products\/poupee-barbie-fashionistas-en-robe-a-rayures-violettes-barbie-autiste-jjn58-fr-fr\" rel=\"nofollow noopener\" target=\"_blank\" data-ylk=\"slk:la boutique en ligne de Mattel;cpos:4;pos:1;elm:context_link;itc:0;sec:content-canvas\" class=\"link \">la boutique en ligne de Mattel<\/a> notamment.<\/p>\n<p class=\"mb-4 text-lg md:leading-8 break-words\"><a data-i13n=\"cpos:5;pos:1\" href=\"https:\/\/www.bfmtv.com\/societe\/mattel-annonce-la-sortie-de-sa-premiere-barbie-atteinte-d-autisme_AN-202601120487.html#xtor=AL-68\" rel=\"nofollow noopener\" target=\"_blank\" data-ylk=\"slk:Article original publi\u00e9 sur BFMTV.com;cpos:5;pos:1;elm:context_link;itc:0;sec:content-canvas\" class=\"link \">Article original publi\u00e9 sur BFMTV.com<\/a><\/p>\n","protected":false},"excerpt":{"rendered":"Un pas de plus vers la repr\u00e9sentation des enfants \u00e0 travers le jeu. Apr\u00e8s la poup\u00e9e non-voyante ou&hellip;\n","protected":false},"author":2,"featured_media":659359,"comment_status":"","ping_status":"","sticky":false,"template":"","format":"standard","meta":{"footnotes":""},"categories":[8],"tags":[7207,58,59,1011,27,76129],"class_list":{"0":"post-659358","1":"post","2":"type-post","3":"status-publish","4":"format-standard","5":"has-post-thumbnail","7":"category-divertissement","8":"tag-barbie","9":"tag-divertissement","10":"tag-entertainment","11":"tag-fr","12":"tag-france","13":"tag-mattel"},"share_on_mastodon":{"url":"https:\/\/pubeurope.com\/@fr\/115884585359950607","error":""},"_links":{"self":[{"href":"https:\/\/www.europesays.com\/fr\/wp-json\/wp\/v2\/posts\/659358","targetHints":{"allow":["GET"]}}],"collection":[{"href":"https:\/\/www.europesays.com\/fr\/wp-json\/wp\/v2\/posts"}],"about":[{"href":"https:\/\/www.europesays.com\/fr\/wp-json\/wp\/v2\/types\/post"}],"author":[{"embeddable":true,"href":"https:\/\/www.europesays.com\/fr\/wp-json\/wp\/v2\/users\/2"}],"replies":[{"embeddable":true,"href":"https:\/\/www.europesays.com\/fr\/wp-json\/wp\/v2\/comments?post=659358"}],"version-history":[{"count":0,"href":"https:\/\/www.europesays.com\/fr\/wp-json\/wp\/v2\/posts\/659358\/revisions"}],"wp:featuredmedia":[{"embeddable":true,"href":"https:\/\/www.europesays.com\/fr\/wp-json\/wp\/v2\/media\/659359"}],"wp:attachment":[{"href":"https:\/\/www.europesays.com\/fr\/wp-json\/wp\/v2\/media?parent=659358"}],"wp:term":[{"taxonomy":"category","embeddable":true,"href":"https:\/\/www.europesays.com\/fr\/wp-json\/wp\/v2\/categories?post=659358"},{"taxonomy":"post_tag","embeddable":true,"href":"https:\/\/www.europesays.com\/fr\/wp-json\/wp\/v2\/tags?post=659358"}],"curies":[{"name":"wp","href":"https:\/\/api.w.org\/{rel}","templated":true}]}}