{"id":659362,"date":"2026-01-12T22:54:13","date_gmt":"2026-01-12T22:54:13","guid":{"rendered":"https:\/\/www.europesays.com\/fr\/659362\/"},"modified":"2026-01-12T22:54:13","modified_gmt":"2026-01-12T22:54:13","slug":"greve-a-la-sncf-ce-mardi-13-janvier-a-quelles-perturbations-sattendre","status":"publish","type":"post","link":"https:\/\/www.europesays.com\/fr\/659362\/","title":{"rendered":"Gr\u00e8ve \u00e0 la SNCF ce mardi 13 janvier : \u00e0 quelles perturbations s\u2019attendre ?"},"content":{"rendered":"<p class=\"paragraph text_align_left lp-f-body-02\">Le trafic ferroviaire devrait \u00eatre quasi normal mardi \u00e0 la SNCF, malgr\u00e9 <a href=\"https:\/\/www.leparisien.fr\/economie\/sncf-sud-rail-depose-un-preavis-de-greve-pour-le-13-janvier-18-12-2025-NXLLZAT64FH5LBIK4KAQXIDY5M.php\" target=\"_blank\" rel=\"noreferrer noopener\">l\u2019appel \u00e0 la gr\u00e8ve national lanc\u00e9 par deux syndicats<\/a> pour r\u00e9clamer une am\u00e9lioration des salaires et conditions de travail, a annonc\u00e9 l\u2019entreprise.<\/p>\n<p class=\"\">\u00ab Dans le cadre du mouvement social national du mardi 13\/01, les circulations seront normales sur TGV et Intercit\u00e9s et quasi normales sur les trains r\u00e9gionaux avec des perturbations limit\u00e9es \u00e0 quelques lignes en Occitanie et en \u00cele-de-France \u00bb, a indiqu\u00e9 la SNCF dans un communiqu\u00e9.<\/p>\n<p class=\"\">Ce mouvement social intervient dans le cadre des n\u00e9gociations annuelles obligatoires (NAO) qui doivent se conclure mardi.<\/p>\n<p>Deux syndicats avaient appel\u00e9 \u00e0 la gr\u00e8ve<\/p>\n<p class=\"\">Malgr\u00e9 <a href=\"https:\/\/www.leparisien.fr\/economie\/sncf-combien-gagnent-les-controleurs-qui-prevoient-de-faire-greve-ce-week-end-14-02-2024-JQ5CBXJVIBF53PCU7J3GYJ4Z6Q.php\" target=\"_blank\" rel=\"noopener\">le versement d\u2019une prime en d\u00e9cembre<\/a> par la direction, la CGT-Cheminots et SUD-Rail estiment que le compte n\u2019y est pas.<\/p>\n<p class=\"\">Dans un tract publi\u00e9 jeudi, la CGT r\u00e9clame une hausse des salaires et des pensions de 12 % ainsi que la mise en place d\u2019un treizi\u00e8me mois pour tous les cheminots. Elle d\u00e9nonce \u00e9galement les recrutements insuffisants et la d\u00e9gradation des conditions de travail en appelant \u00e0 la mobilisation.<\/p>\n<p class=\"\">Pour SUD-Rail, \u00ab l\u2019\u00e9volution du m\u00e9tier, marqu\u00e9e par l\u2019augmentation constante des missions et une polyvalence impos\u00e9e, doit obliger la direction \u00e0 revaloriser imm\u00e9diatement les salaires \u00bb de 400 euros pour tous les salari\u00e9s et \u00e0 augmenter les primes.<\/p>\n","protected":false},"excerpt":{"rendered":"Le trafic ferroviaire devrait \u00eatre quasi normal mardi \u00e0 la SNCF, malgr\u00e9 l\u2019appel \u00e0 la gr\u00e8ve national lanc\u00e9&hellip;\n","protected":false},"author":2,"featured_media":659363,"comment_status":"","ping_status":"","sticky":false,"template":"","format":"standard","meta":{"footnotes":""},"categories":[6],"tags":[35,33,34,1011,27],"class_list":{"0":"post-659362","1":"post","2":"type-post","3":"status-publish","4":"format-standard","5":"has-post-thumbnail","7":"category-economie","8":"tag-business","9":"tag-economie","10":"tag-economy","11":"tag-fr","12":"tag-france"},"share_on_mastodon":{"url":"https:\/\/pubeurope.com\/@fr\/115884593210230559","error":""},"_links":{"self":[{"href":"https:\/\/www.europesays.com\/fr\/wp-json\/wp\/v2\/posts\/659362","targetHints":{"allow":["GET"]}}],"collection":[{"href":"https:\/\/www.europesays.com\/fr\/wp-json\/wp\/v2\/posts"}],"about":[{"href":"https:\/\/www.europesays.com\/fr\/wp-json\/wp\/v2\/types\/post"}],"author":[{"embeddable":true,"href":"https:\/\/www.europesays.com\/fr\/wp-json\/wp\/v2\/users\/2"}],"replies":[{"embeddable":true,"href":"https:\/\/www.europesays.com\/fr\/wp-json\/wp\/v2\/comments?post=659362"}],"version-history":[{"count":0,"href":"https:\/\/www.europesays.com\/fr\/wp-json\/wp\/v2\/posts\/659362\/revisions"}],"wp:featuredmedia":[{"embeddable":true,"href":"https:\/\/www.europesays.com\/fr\/wp-json\/wp\/v2\/media\/659363"}],"wp:attachment":[{"href":"https:\/\/www.europesays.com\/fr\/wp-json\/wp\/v2\/media?parent=659362"}],"wp:term":[{"taxonomy":"category","embeddable":true,"href":"https:\/\/www.europesays.com\/fr\/wp-json\/wp\/v2\/categories?post=659362"},{"taxonomy":"post_tag","embeddable":true,"href":"https:\/\/www.europesays.com\/fr\/wp-json\/wp\/v2\/tags?post=659362"}],"curies":[{"name":"wp","href":"https:\/\/api.w.org\/{rel}","templated":true}]}}