{"id":659368,"date":"2026-01-12T22:57:21","date_gmt":"2026-01-12T22:57:21","guid":{"rendered":"https:\/\/www.europesays.com\/fr\/659368\/"},"modified":"2026-01-12T22:57:21","modified_gmt":"2026-01-12T22:57:21","slug":"une-manifestation-prevue-mardi-matin-a-paris-plusieurs-centaines-de-tracteurs-attendus","status":"publish","type":"post","link":"https:\/\/www.europesays.com\/fr\/659368\/","title":{"rendered":"une manifestation pr\u00e9vue mardi matin \u00e0 Paris, plusieurs centaines de tracteurs attendus"},"content":{"rendered":"<p><strong>&gt;&gt; Ce direct est d\u00e9sormais termin\u00e9. <\/strong><\/p>\n<p>Des agriculteurs en col\u00e8re pr\u00e9voient de manifester mardi matin \u00e0 Paris avec plusieurs centaines de tracteurs, <a href=\"https:\/\/www.franceinfo.fr\/economie\/crise\/blocus-des-agriculteurs\/dermatose-nodulaire\/crise-agricole-le-point-sur-les-actions-des-agriculteurs-prevues-ce-lundi_7736047.html\" data-tooltip-url=\"https:\/\/www.franceinfo.fr\/economie\/crise\/blocus-des-agriculteurs\/dermatose-nodulaire\/crise-agricole-le-point-sur-les-actions-des-agriculteurs-prevues-ce-lundi_7736047.html\" target=\"_blank\" rel=\"noopener\">apr\u00e8s des op\u00e9rations ayant cibl\u00e9 lundi<\/a> les ports fran\u00e7ais, symbole du libre-\u00e9change international, ainsi que des autoroutes. La FRSEA Grand bassin parisien, une entit\u00e9 englobant l&rsquo;Ile-de-France, mais aussi des d\u00e9partements de r\u00e9gions voisines, est \u00e0 la man\u0153uvre de cette manifestation visant \u00e0 exiger des \u00ab\u00a0actes concrets et imm\u00e9diats\u00a0\u00bb pour d\u00e9fendre une souverainet\u00e9 alimentaire \u00ab\u00a0en danger\u00a0\u00bb, selon un communiqu\u00e9 diffus\u00e9 lundi 12\u00a0janvier. Les manifestants comptent se retrouver place de la Concorde \u00ab\u00a0vers 6-7\u00a0heures\u00a0\u00bb du matin et \u00ab\u00a0environ 250\u00a0tracteurs\u00a0\u00bb devraient venir des Hauts-de-France, a d\u00e9clar\u00e9 lundi \u00e0 l&rsquo;AFP Beno\u00eet Raux, secr\u00e9taire g\u00e9n\u00e9ral de la FDSEA du Nord.<\/p>\n<p><strong>\u2022 Des manifestations dans toute la France.<\/strong> Des manifestations, r\u00e9unissant entre plusieurs dizaines et plusieurs centaines de participants selon les d\u00e9comptes de journalistes de l&rsquo;AFP ou de la presse locale, ont eu lieu devant les pr\u00e9fectures ou sur les routes \u00e0 Lille, Bayonne, Metz, Pau, P\u00e9rigueux, Poitiers, Dax, Limoges ou encore au Havre, \u00e0 l&rsquo;appel de diff\u00e9rents syndicats.<\/p>\n<p><strong>\u2022 Une mobilisation ailleurs en Europe. <\/strong>Outre la France, des manifestations ont notamment eu lieu en Italie, Pologne ou Irlande pour protester contre la signature du trait\u00e9 entre l&rsquo;UE et les pays du Mercosur (Argentine, Br\u00e9sil, Paraguay et Uruguay). L&rsquo;accord vise \u00e0 cr\u00e9er l&rsquo;une des plus grandes zones de libre-\u00e9change au monde, avec plus de 700\u00a0millions de consommateurs.<\/p>\n<p>\u2022 <strong>L&rsquo;entr\u00e9e en vigueur du trait\u00e9 avec le Mercosur possible d\u00e8s samedi. <\/strong>La pr\u00e9sidente de l&rsquo;ex\u00e9cutif europ\u00e9en, Ursula von der Leyen, doit signer samedi le trait\u00e9 de libre-\u00e9change avec le Mercosur \u00e0 Asuncion (Paraguay). Le texte a \u00e9t\u00e9 approuv\u00e9 <a href=\"https:\/\/www.franceinfo.fr\/economie\/commerce\/mercosur\/une-majorite-de-pays-de-l-union-europeenne-approuve-l-accord-avec-le-mercosur-malgre-l-opposition-de-la-france_7730527.html\" data-tooltip-url=\"https:\/\/www.franceinfo.fr\/economie\/commerce\/mercosur\/une-majorite-de-pays-de-l-union-europeenne-approuve-l-accord-avec-le-mercosur-malgre-l-opposition-de-la-france_7730527.html\" target=\"_blank\" rel=\"noopener\">par une majorit\u00e9 des Etats membres de l&rsquo;Union europ\u00e9enne<\/a> (UE) vendredi, <a href=\"https:\/\/www.franceinfo.fr\/politique\/emmanuel-macron\/mercosur-avec-le-non-d-emmanuel-macron-la-france-risque-de-s-isoler-au-niveau-europeen_7729027.html\" data-tooltip-url=\"https:\/\/www.franceinfo.fr\/politique\/emmanuel-macron\/mercosur-avec-le-non-d-emmanuel-macron-la-france-risque-de-s-isoler-au-niveau-europeen_7729027.html\" target=\"_blank\" rel=\"noopener\">malgr\u00e9 l&rsquo;opposition de la France<\/a>. Le trait\u00e9 entrera alors en vigueur de mani\u00e8re \u00ab\u00a0provisoire\u00a0\u00bb, a confirm\u00e9 sur <a href=\"https:\/\/www.dailymotion.com\/video\/x9xlk0q\" target=\"_blank\" rel=\"noopener\" data-tooltip-url=\"https:\/\/www.dailymotion.com\/video\/x9xlk0q\">RMC<\/a> la ministre de l&rsquo;Agriculture, Annie Genevard, avant que les eurod\u00e9put\u00e9s s&rsquo;expriment.<\/p>\n<p><strong>\u2022 La gestion de la dermatose nodulaire toujours d\u00e9cri\u00e9e. <\/strong>La vaste mobilisation agricole a d\u00e9but\u00e9 en d\u00e9cembre en opposition \u00e0 la gestion gouvernementale de la dermatose nodulaire contagieuse (DNC) bovine. La Conf\u00e9d\u00e9ration paysanne et la Coordination rurale continuent de s&rsquo;opposer \u00e0 l&rsquo;abattage total des troupeaux lors de la d\u00e9tection de la maladie.<\/p>\n","protected":false},"excerpt":{"rendered":"&gt;&gt; Ce direct est d\u00e9sormais termin\u00e9. Des agriculteurs en col\u00e8re pr\u00e9voient de manifester mardi matin \u00e0 Paris avec&hellip;\n","protected":false},"author":2,"featured_media":659369,"comment_status":"","ping_status":"","sticky":false,"template":"","format":"standard","meta":{"footnotes":""},"categories":[2],"tags":[11,1011,27,12],"class_list":{"0":"post-659368","1":"post","2":"type-post","3":"status-publish","4":"format-standard","5":"has-post-thumbnail","7":"category-actualites","8":"tag-actualites","9":"tag-fr","10":"tag-france","11":"tag-news"},"share_on_mastodon":{"url":"https:\/\/pubeurope.com\/@fr\/115884605200245307","error":""},"_links":{"self":[{"href":"https:\/\/www.europesays.com\/fr\/wp-json\/wp\/v2\/posts\/659368","targetHints":{"allow":["GET"]}}],"collection":[{"href":"https:\/\/www.europesays.com\/fr\/wp-json\/wp\/v2\/posts"}],"about":[{"href":"https:\/\/www.europesays.com\/fr\/wp-json\/wp\/v2\/types\/post"}],"author":[{"embeddable":true,"href":"https:\/\/www.europesays.com\/fr\/wp-json\/wp\/v2\/users\/2"}],"replies":[{"embeddable":true,"href":"https:\/\/www.europesays.com\/fr\/wp-json\/wp\/v2\/comments?post=659368"}],"version-history":[{"count":0,"href":"https:\/\/www.europesays.com\/fr\/wp-json\/wp\/v2\/posts\/659368\/revisions"}],"wp:featuredmedia":[{"embeddable":true,"href":"https:\/\/www.europesays.com\/fr\/wp-json\/wp\/v2\/media\/659369"}],"wp:attachment":[{"href":"https:\/\/www.europesays.com\/fr\/wp-json\/wp\/v2\/media?parent=659368"}],"wp:term":[{"taxonomy":"category","embeddable":true,"href":"https:\/\/www.europesays.com\/fr\/wp-json\/wp\/v2\/categories?post=659368"},{"taxonomy":"post_tag","embeddable":true,"href":"https:\/\/www.europesays.com\/fr\/wp-json\/wp\/v2\/tags?post=659368"}],"curies":[{"name":"wp","href":"https:\/\/api.w.org\/{rel}","templated":true}]}}