{"id":659381,"date":"2026-01-12T23:04:14","date_gmt":"2026-01-12T23:04:14","guid":{"rendered":"https:\/\/www.europesays.com\/fr\/659381\/"},"modified":"2026-01-12T23:04:14","modified_gmt":"2026-01-12T23:04:14","slug":"une-journee-oenologique-au-mas-de-saporta-a-lattes","status":"publish","type":"post","link":"https:\/\/www.europesays.com\/fr\/659381\/","title":{"rendered":"Une journ\u00e9e oenologique au Mas de Saporta \u00e0 Lattes"},"content":{"rendered":"<p>\t\t\t\t\t\t\t\tLe vin en version plaisir et d\u00e9complex\u00e9<\/p>\n<p data-path-to-node=\"3\">Apprendre le vin sans complexe, c\u2019est l\u2019objectif de cette journ\u00e9e ce samedi 17 janvier. Exit le jargon trop technique, place \u00e0 une approche sensorielle et conviviale. Sous la houlette d\u2019experts, les participants sont invit\u00e9s \u00e0 percer les myst\u00e8res du raisin et \u00e0 d\u00e9couvrir les \u00e9tapes qui m\u00e8nent de la vigne \u00e0 la bouteille.<\/p>\n<p data-path-to-node=\"3\">Loin des codes parfois intimidants de la d\u00e9gustation, cette journ\u00e9e se veut ludique, gourmande et accessible \u00e0 tous.<\/p>\n<p>Un programme riche et sensoriel<\/p>\n<p data-path-to-node=\"7\">La journ\u00e9e s\u2019articule autour de plusieurs ateliers interactifs pour ma\u00eetriser le \u00ab trio de l\u2019analyse \u00bb :<\/p>\n<ol start=\"1\" data-path-to-node=\"8\">\n<li>\n<p data-path-to-node=\"8,0,0\"><b data-path-to-node=\"8,0,0\" data-index-in-node=\"0\">Regarder :<\/b> Apprendre \u00e0 observer la robe et la limpidit\u00e9 du vin.<\/p>\n<\/li>\n<li>\n<p data-path-to-node=\"8,1,0\"><b data-path-to-node=\"8,1,0\" data-index-in-node=\"0\">Sentir :<\/b> Identifier les familles d\u2019ar\u00f4mes et leur origine.<\/p>\n<\/li>\n<li>\n<p data-path-to-node=\"8,2,0\"><b data-path-to-node=\"8,2,0\" data-index-in-node=\"0\">D\u00e9guster :<\/b> Comprendre l\u2019\u00e9quilibre des saveurs et la persistance en bouche.<\/p>\n<\/li>\n<\/ol>\n<p data-path-to-node=\"9\">Au total, une <b data-path-to-node=\"9\" data-index-in-node=\"14\">dizaine de vins du Languedoc<\/b> sont propos\u00e9s \u00e0 la d\u00e9gustation, permettant d\u2019explorer la diversit\u00e9 exceptionnelle des terroirs de la r\u00e9gion.<\/p>\n<p>Convivialit\u00e9 et partage<\/p>\n<p data-path-to-node=\"11\">Parce que le vin est avant tout une histoire de partage, la journ\u00e9e inclut un <b data-path-to-node=\"11\" data-index-in-node=\"78\">d\u00e9jeuner buffet convivial<\/b> pris sur place. C\u2019est le moment id\u00e9al pour \u00e9changer ses impressions avec les autres participants et les formateurs dans une ambiance d\u00e9tendue. Vous repartirez \u00e9galement avec une foule de \u00ab tuyaux \u00bb et de conseils pratiques (conservation, service, accords mets et vins) \u00e0 partager lors de vos prochains d\u00eeners.<\/p>\n<ul data-path-to-node=\"13\">\n<li>\n<p data-path-to-node=\"13,0,0\"><b data-path-to-node=\"13,0,0\" data-index-in-node=\"0\">Prochaine date :<\/b> Samedi 17 janvier 2026<\/p>\n<\/li>\n<li>\n<p data-path-to-node=\"13,1,0\"><b data-path-to-node=\"13,1,0\" data-index-in-node=\"0\">Horaires :<\/b> De 10h00 \u00e0 16h00<\/p>\n<\/li>\n<li>\n<p data-path-to-node=\"13,2,0\"><b data-path-to-node=\"13,2,0\" data-index-in-node=\"0\">Lieu :<\/b> Maison des Vins du Languedoc \u2013 Mas de Saporta, 34970 Lattes<\/p>\n<\/li>\n<li>\n<p data-path-to-node=\"13,3,0\"><b data-path-to-node=\"13,3,0\" data-index-in-node=\"0\">Tarif :<\/b> 130\u20ac par personne (d\u00e9jeuner inclus)<\/p>\n<\/li>\n<li>\n<p data-path-to-node=\"13,4,0\"><b data-path-to-node=\"13,4,0\" data-index-in-node=\"0\">Bon plan :<\/b> Une <strong>offre duo<\/strong> permet de b\u00e9n\u00e9ficier de <b data-path-to-node=\"13,4,0\" data-index-in-node=\"49\">-10 %<\/b> de r\u00e9duction si vous vous inscrivez \u00e0 deux.<\/p>\n<\/li>\n<\/ul>\n<p data-path-to-node=\"14\"><b data-path-to-node=\"14\" data-index-in-node=\"0\">R\u00e9servation obligatoire<\/b> aupr\u00e8s de l\u2019\u00e9cole des Vins du Languedoc <b>\u00a0<\/b><\/p>\n","protected":false},"excerpt":{"rendered":"Le vin en version plaisir et d\u00e9complex\u00e9 Apprendre le vin sans complexe, c\u2019est l\u2019objectif de cette journ\u00e9e ce&hellip;\n","protected":false},"author":2,"featured_media":659382,"comment_status":"","ping_status":"","sticky":false,"template":"","format":"standard","meta":{"footnotes":""},"categories":[9599],"tags":[1111,11,1777,674,1011,27,2208,12,2680,25],"class_list":{"0":"post-659381","1":"post","2":"type-post","3":"status-publish","4":"format-standard","5":"has-post-thumbnail","7":"category-montpellier","8":"tag-actu","9":"tag-actualites","10":"tag-eu","11":"tag-europe","12":"tag-fr","13":"tag-france","14":"tag-montpellier","15":"tag-news","16":"tag-occitanie","17":"tag-republique-francaise"},"share_on_mastodon":{"url":"https:\/\/pubeurope.com\/@fr\/115884632547340254","error":""},"_links":{"self":[{"href":"https:\/\/www.europesays.com\/fr\/wp-json\/wp\/v2\/posts\/659381","targetHints":{"allow":["GET"]}}],"collection":[{"href":"https:\/\/www.europesays.com\/fr\/wp-json\/wp\/v2\/posts"}],"about":[{"href":"https:\/\/www.europesays.com\/fr\/wp-json\/wp\/v2\/types\/post"}],"author":[{"embeddable":true,"href":"https:\/\/www.europesays.com\/fr\/wp-json\/wp\/v2\/users\/2"}],"replies":[{"embeddable":true,"href":"https:\/\/www.europesays.com\/fr\/wp-json\/wp\/v2\/comments?post=659381"}],"version-history":[{"count":0,"href":"https:\/\/www.europesays.com\/fr\/wp-json\/wp\/v2\/posts\/659381\/revisions"}],"wp:featuredmedia":[{"embeddable":true,"href":"https:\/\/www.europesays.com\/fr\/wp-json\/wp\/v2\/media\/659382"}],"wp:attachment":[{"href":"https:\/\/www.europesays.com\/fr\/wp-json\/wp\/v2\/media?parent=659381"}],"wp:term":[{"taxonomy":"category","embeddable":true,"href":"https:\/\/www.europesays.com\/fr\/wp-json\/wp\/v2\/categories?post=659381"},{"taxonomy":"post_tag","embeddable":true,"href":"https:\/\/www.europesays.com\/fr\/wp-json\/wp\/v2\/tags?post=659381"}],"curies":[{"name":"wp","href":"https:\/\/api.w.org\/{rel}","templated":true}]}}