{"id":659383,"date":"2026-01-12T23:05:16","date_gmt":"2026-01-12T23:05:16","guid":{"rendered":"https:\/\/www.europesays.com\/fr\/659383\/"},"modified":"2026-01-12T23:05:16","modified_gmt":"2026-01-12T23:05:16","slug":"feminines-psg-montpellier-en-8e-de-coupe-de-france-feminine","status":"publish","type":"post","link":"https:\/\/www.europesays.com\/fr\/659383\/","title":{"rendered":"F\u00e9minines : PSG\/Montpellier en 8e de Coupe de France f\u00e9minine"},"content":{"rendered":"<p>Qualifi\u00e9 apr\u00e8s avoir battu Lille au tour pr\u00e9c\u00e9dent, le PSG a h\u00e9rit\u00e9 de Montpellier pour les 8e de finale de la Coupe de France f\u00e9minine lors du tirage au sort effectu\u00e9 ce lundi.<\/p>\n<p>Apr\u00e8s avoir disput\u00e9 les seizi\u00e8mes de finale de la Coupe de France f\u00e9minine ce week-end, le tirage au sort du tour suivant a \u00e9t\u00e9 effectu\u00e9 ce lundi 12 janvier au si\u00e8ge de la FFF. Ce tirage d\u00e9comptait 10 \u00e9quipes sur 12 de l&rsquo;\u00e9lite, 4 \u00e9quipes de Seconde Ligue et 2 petits poucets qui \u00e9voluent en Division 3 (SM Caen et AS Chatenoy le Royal). <\/p>\n<p>Tir\u00e9 dans les premi\u00e8res \u00e9quipes, le PSG affrontera Montpellier pour un des trois duels d&rsquo;\u00e9quipes \u00e9voluant en Ark\u00e9ma Premi\u00e8re Ligue, avec Dijon &#8211; Fleury et Marseille &#8211; Lyon. Les deux \u00e9quipes de D3 s&rsquo;affronteront entre elles, il y aura donc au moins une \u00e9quipe de D3 en quarts de finale de la Coupe de France f\u00e9minine. Le PSG recevra donc l&rsquo;\u00e9quipe de l&rsquo;H\u00e9rault au Campus PSG \u00e0 la fin du mois, le dimanche 25 janvier.<\/p>\n<p>Le tirage au sort complet : <\/p>\n<p>FC Nantes (PL) &#8211; Le Mans FC (SL)<br \/>Dijon FCO (PL) &#8211; Fleury FC 91 (PL)<br \/><strong>PSG<\/strong> (PL) &#8211; Montpellier (PL)<br \/>AS Chatenoy le Royal (D3) &#8211; SM Caen (D3)<br \/>US Saint-Malo (SL) &#8211; PFC (PL)<br \/>Marseille (PL) &#8211; OL (PL)<br \/>OGC Nice (SL) &#8211; Le Havre AC (PL)<br \/>Grenoble Foot 38 (SL) &#8211; RC Strasbourg Alsace (PL)<\/p>\n<p>Le calendrier de la Coupe de France f\u00e9minine :<\/p>\n<p>Dimanche 25 janvier 2026 : 8es de finale<br \/>Lundi 2 f\u00e9vrier 2026 : tirage au sort des quarts et demi-finales<br \/>Dimanche 15 mars 2026 : quarts de finale<br \/>Dimanche 5 avril 2026 : demi-finales<br \/>Samedi 9 ou dimanche 10 mai 2026 : finale<\/p>\n","protected":false},"excerpt":{"rendered":"Qualifi\u00e9 apr\u00e8s avoir battu Lille au tour pr\u00e9c\u00e9dent, le PSG a h\u00e9rit\u00e9 de Montpellier pour les 8e de&hellip;\n","protected":false},"author":2,"featured_media":377127,"comment_status":"","ping_status":"","sticky":false,"template":"","format":"standard","meta":{"footnotes":""},"categories":[9599],"tags":[1111,11,1777,674,1011,27,2208,12,2680,25],"class_list":{"0":"post-659383","1":"post","2":"type-post","3":"status-publish","4":"format-standard","5":"has-post-thumbnail","7":"category-montpellier","8":"tag-actu","9":"tag-actualites","10":"tag-eu","11":"tag-europe","12":"tag-fr","13":"tag-france","14":"tag-montpellier","15":"tag-news","16":"tag-occitanie","17":"tag-republique-francaise"},"share_on_mastodon":{"url":"https:\/\/pubeurope.com\/@fr\/115884636548094922","error":""},"_links":{"self":[{"href":"https:\/\/www.europesays.com\/fr\/wp-json\/wp\/v2\/posts\/659383","targetHints":{"allow":["GET"]}}],"collection":[{"href":"https:\/\/www.europesays.com\/fr\/wp-json\/wp\/v2\/posts"}],"about":[{"href":"https:\/\/www.europesays.com\/fr\/wp-json\/wp\/v2\/types\/post"}],"author":[{"embeddable":true,"href":"https:\/\/www.europesays.com\/fr\/wp-json\/wp\/v2\/users\/2"}],"replies":[{"embeddable":true,"href":"https:\/\/www.europesays.com\/fr\/wp-json\/wp\/v2\/comments?post=659383"}],"version-history":[{"count":0,"href":"https:\/\/www.europesays.com\/fr\/wp-json\/wp\/v2\/posts\/659383\/revisions"}],"wp:featuredmedia":[{"embeddable":true,"href":"https:\/\/www.europesays.com\/fr\/wp-json\/wp\/v2\/media\/377127"}],"wp:attachment":[{"href":"https:\/\/www.europesays.com\/fr\/wp-json\/wp\/v2\/media?parent=659383"}],"wp:term":[{"taxonomy":"category","embeddable":true,"href":"https:\/\/www.europesays.com\/fr\/wp-json\/wp\/v2\/categories?post=659383"},{"taxonomy":"post_tag","embeddable":true,"href":"https:\/\/www.europesays.com\/fr\/wp-json\/wp\/v2\/tags?post=659383"}],"curies":[{"name":"wp","href":"https:\/\/api.w.org\/{rel}","templated":true}]}}