{"id":659386,"date":"2026-01-12T23:07:25","date_gmt":"2026-01-12T23:07:25","guid":{"rendered":"https:\/\/www.europesays.com\/fr\/659386\/"},"modified":"2026-01-12T23:07:25","modified_gmt":"2026-01-12T23:07:25","slug":"rouen-passe-a-loffensive-et-se-renforce-chez-un-concurrent-direct","status":"publish","type":"post","link":"https:\/\/www.europesays.com\/fr\/659386\/","title":{"rendered":"Rouen passe \u00e0 l&rsquo;offensive et se renforce chez un concurrent direct"},"content":{"rendered":"<p data-start=\"348\" data-end=\"698\">Le\u00a0<a target=\"_blank\" rel=\"noopener\" href=\"https:\/\/www.bebasket.fr\/equipe\/rouen\">Rouen<\/a> M\u00e9tropole Basket a officialis\u00e9 la signature d\u2019<a target=\"_blank\" rel=\"noopener\" href=\"https:\/\/www.bebasket.fr\/joueur\/ikenna-ndugba\">Ikenna Ndugba (1,83 m, 27 ans)<\/a>. En difficult\u00e9 au classement de l\u2019ELITE 2, le club normand a choisi d\u2019aller se renforcer chez un concurrent direct, <a target=\"_blank\" rel=\"noopener\" href=\"https:\/\/www.bebasket.fr\/equipe\/hyeres-toulon\">Hy\u00e8res-Toulon<\/a>. Un choix fort pour apporter explosivit\u00e9, impact athl\u00e9tique et profondeur sur les postes ext\u00e9rieurs, en remplacement de <a target=\"_blank\" rel=\"noopener\" href=\"https:\/\/www.bebasket.fr\/joueur\/karim-mane\">Karim Mane<\/a>.<\/p>\n<blockquote class=\"twitter-tweet\" data-width=\"550\" data-dnt=\"true\">\n<p lang=\"fr\" dir=\"ltr\">Signature \ud83d\udd0f\ud83d\ude03<\/p>\n<p>Le RMB signe l\u2019arri\u00e8re Ikenna Ndugba, qui rejoint l\u2019effectif rouennais afin d\u2019apporter toute son explosivit\u00e9 sur les lignes arri\u00e8res.<\/p>\n<p>\ud83d\udd17 \ud83d\udcdd Lire l\u2019article : <a href=\"https:\/\/t.co\/eNCluAOs6L\">https:\/\/t.co\/eNCluAOs6L<\/a> <a href=\"https:\/\/t.co\/SKoZQ5zNSv\">pic.twitter.com\/SKoZQ5zNSv<\/a><\/p>\n<p>\u2014 Rouen M\u00e9tropole Basket (@RouenMBasket) <a href=\"https:\/\/twitter.com\/RouenMBasket\/status\/2010773779606356370?ref_src=twsrc%5Etfw\" target=\"_blank\" rel=\"noopener\">January 12, 2026<\/a><\/p>\n<\/blockquote>\n<p><strong data-start=\"700\" data-end=\"745\">Un profil athl\u00e9tique cibl\u00e9 de longue date<\/strong><\/p>\n<p data-start=\"700\" data-end=\"1066\">Arri\u00e8re capable d\u2019impacter le jeu des deux c\u00f4t\u00e9s du terrain, Ikenna Ndugba \u00e9tait d\u00e9j\u00e0 suivi par le RMB lors de l\u2019intersaison 2025. Le club normand a finalement pu concr\u00e9tiser son int\u00e9r\u00eat en ce d\u00e9but d\u2019ann\u00e9e 2026, avec l\u2019arriv\u00e9e d\u2019un joueur au profil complet et intense, attendu pour apporter une vraie plus-value imm\u00e9diate au groupe normand.<\/p>\n<p>PROFIL JOUEUR<\/p>\n<p><a href=\"https:\/\/www.bebasket.fr\/joueur\/ikenna-ndugba\" target=\"_blank\" rel=\"noopener\"> <img decoding=\"async\" loading=\"lazy\" class=\"player-infos-image\" src=\"https:\/\/www.europesays.com\/fr\/wp-content\/uploads\/2025\/12\/photo-profil-joueur-basketball-2025-1f04ac98-b163-6bae-8c75-5b649231d07a.png\" alt=\"\" width=\"500\" height=\"500\"\/> <\/a><\/p>\n<p>Poste(s): Meneur<\/p>\n<p>Taille: 183 cm<\/p>\n<p>\u00c2ge: 27 ans (11\/06\/1998)<\/p>\n<p>Nationalit\u00e9s:<\/p>\n<p><img decoding=\"async\" loading=\"lazy\" class=\"flag\" title=\"Etats-Unis\" src=\"https:\/\/www.europesays.com\/fr\/wp-content\/uploads\/2025\/06\/logo-usa-1ee78969-8c19-6296-b3a9-f77fe7e4cd0e.jpg\" alt=\"logo usa.jpg\" width=\"50\" height=\"50\"\/><\/p>\n<p><img decoding=\"async\" loading=\"lazy\" class=\"flag\" title=\"Nig\u00e9ria\" src=\"https:\/\/www.europesays.com\/fr\/wp-content\/uploads\/2025\/06\/logo-ni-1ee78d39-eae9-65d6-b0c6-1f49a1eb8610.jpg\" alt=\"logo nig.jpg\" width=\"50\" height=\"50\"\/><\/p>\n<p>Stats 2025-2026 \/ Coupe de France Masculine<\/p>\n<p><strong data-start=\"1068\" data-end=\"1114\">Un parcours entre NCAA, G-League et Europe<\/strong><\/p>\n<p data-start=\"1068\" data-end=\"1429\">International nig\u00e9rian, Ikenna Ndugba a grandi aux \u00c9tats-Unis, o\u00f9 il est pass\u00e9 par l\u2019universit\u00e9 de Bryant et d\u2019Elon. Apr\u00e8s la NCAA, il a poursuivi sa carri\u00e8re en G-League, au Greensboro Swarm et aux Santa Cruz Warriors avant de tenter l\u2019aventure europ\u00e9enne. En premi\u00e8re division suisse 2023\/2024, il avait sign\u00e9 un exercice de haut niveau avec des moyennes de 19 points, 6 passes et 5 rebonds, qui lui ont permis de rejoindre ensuite Hy\u00e8res-Toulon pour 2025\/2026 apr\u00e8s une saison blanche suite \u00e0 une blessure au genou. Bless\u00e9 en octobre dernier puis lib\u00e9r\u00e9 par le HTV\u00a0 \u2013 qui avait sign\u00e9 puis<a target=\"_blank\" rel=\"noopener\" href=\"https:\/\/www.bebasket.fr\/john-roberson-bientot-prolonge-au-htv-jusquen-2027-un-denouement-inespere-pour-hyeres-toulon\"> prolong\u00e9<\/a> <a target=\"_blank\" rel=\"noopener\" href=\"https:\/\/www.bebasket.fr\/joueur\/john-roberson\">John Roberson<\/a>\u00a0entre temps \u2013\u00a0 Ikenna tournait \u00e0 10,3 points, 2,3 rebonds et 3,0 passes d\u00e9cisives en 4 matchs pour sa <a target=\"_blank\" rel=\"noopener\" href=\"https:\/\/www.bebasket.fr\/hyeres-toulon-remplace-ses-meneurs-partis-avec-larrivee-dikenna-ndugba\">d\u00e9couverte<\/a> du championnat.<\/p>\n<blockquote class=\"normal\">\n<p>Le coach rouennais, J\u00e9r\u00f4me Willeman, s\u2019est montr\u00e9 satisfait de ce renfort : \u00ab C\u2019est un joueur aux belles valeurs qui s\u2019int\u00e9grera parfaitement au projet de l\u2019\u00e9quipe et du club. Athl\u00e9tique, il nous apportera aussi bien en attaque qu\u2019en d\u00e9fense, sur un poste de jeu o\u00f9 nous cherchions \u00e0 renforcer la profondeur de notre effectif. \u00bb<\/p>\n<\/blockquote>\n<p><strong data-start=\"2164\" data-end=\"2217\">Un renfort dans la course au maintien<\/strong><\/p>\n<p data-start=\"2164\" data-end=\"2627\">Actuellement quinzi\u00e8me du classement d\u2019Elite 2\u00a0avec sept victoires pour onze d\u00e9faites, Rouen esp\u00e8re que l\u2019arriv\u00e9e d\u2019Ikenna Ndugba apportera un nouvel \u00e9lan apr\u00e8s un r\u00e9cent revers face au HTV, son ancien club.<\/p>\n<p><script async src=\"https:\/\/platform.twitter.com\/widgets.js\" charset=\"utf-8\"><\/script><\/p>\n","protected":false},"excerpt":{"rendered":"Le\u00a0Rouen M\u00e9tropole Basket a officialis\u00e9 la signature d\u2019Ikenna Ndugba (1,83 m, 27 ans). En difficult\u00e9 au classement de&hellip;\n","protected":false},"author":2,"featured_media":659387,"comment_status":"","ping_status":"","sticky":false,"template":"","format":"standard","meta":{"footnotes":""},"categories":[9587],"tags":[1111,11,1777,674,1011,27,12,5161,25,9590],"class_list":{"0":"post-659386","1":"post","2":"type-post","3":"status-publish","4":"format-standard","5":"has-post-thumbnail","7":"category-rouen","8":"tag-actu","9":"tag-actualites","10":"tag-eu","11":"tag-europe","12":"tag-fr","13":"tag-france","14":"tag-news","15":"tag-normandie","16":"tag-republique-francaise","17":"tag-rouen"},"share_on_mastodon":{"url":"https:\/\/pubeurope.com\/@fr\/115884644578240756","error":""},"_links":{"self":[{"href":"https:\/\/www.europesays.com\/fr\/wp-json\/wp\/v2\/posts\/659386","targetHints":{"allow":["GET"]}}],"collection":[{"href":"https:\/\/www.europesays.com\/fr\/wp-json\/wp\/v2\/posts"}],"about":[{"href":"https:\/\/www.europesays.com\/fr\/wp-json\/wp\/v2\/types\/post"}],"author":[{"embeddable":true,"href":"https:\/\/www.europesays.com\/fr\/wp-json\/wp\/v2\/users\/2"}],"replies":[{"embeddable":true,"href":"https:\/\/www.europesays.com\/fr\/wp-json\/wp\/v2\/comments?post=659386"}],"version-history":[{"count":0,"href":"https:\/\/www.europesays.com\/fr\/wp-json\/wp\/v2\/posts\/659386\/revisions"}],"wp:featuredmedia":[{"embeddable":true,"href":"https:\/\/www.europesays.com\/fr\/wp-json\/wp\/v2\/media\/659387"}],"wp:attachment":[{"href":"https:\/\/www.europesays.com\/fr\/wp-json\/wp\/v2\/media?parent=659386"}],"wp:term":[{"taxonomy":"category","embeddable":true,"href":"https:\/\/www.europesays.com\/fr\/wp-json\/wp\/v2\/categories?post=659386"},{"taxonomy":"post_tag","embeddable":true,"href":"https:\/\/www.europesays.com\/fr\/wp-json\/wp\/v2\/tags?post=659386"}],"curies":[{"name":"wp","href":"https:\/\/api.w.org\/{rel}","templated":true}]}}