{"id":659388,"date":"2026-01-12T23:08:21","date_gmt":"2026-01-12T23:08:21","guid":{"rendered":"https:\/\/www.europesays.com\/fr\/659388\/"},"modified":"2026-01-12T23:08:21","modified_gmt":"2026-01-12T23:08:21","slug":"municipales-2026-rehabilitation-des-anneaux-de-vitesse-de-vasarely-a-paul-mistral-romain-gentil-se-positionne","status":"publish","type":"post","link":"https:\/\/www.europesays.com\/fr\/659388\/","title":{"rendered":"Municipales 2026. R\u00e9habilitation des \u201canneaux de vitesse\u201d de Vasarely \u00e0 Paul Mistral,\u00a0Romain Gentil\u00a0se positionne"},"content":{"rendered":"<p>\u00c0 l\u2019approche des prochaines \u00e9ch\u00e9ances \u00e9lectorales, Pierre Vasarely, pr\u00e9sident de la fondation Vasarely, <a href=\"https:\/\/www.ledauphine.com\/culture-loisirs\/2026\/01\/11\/un-appel-lance-pour-la-renovation-des-anneaux-de-vitesse-de-vasarely\" target=\"_blank\" rel=\"noopener\">a \u00e9mis un v\u0153u<\/a>\u00a0: celui de la r\u00e9habilitation des \u201canneaux de vitesse\u201d, \u0153uvre monumentale de Victor Vasarely au parc Paul-Mistral, r\u00e9alis\u00e9e \u00e0 l\u2019occasion des Jeux olympiques de 1968.<\/p>\n<p>Candidat de \u201cGrenoble capitale citoyenne\u201d, Romain Gentil a d\u00e9j\u00e0 r\u00e9pondu\u00a0: \u00ab\u00a0Au-del\u00e0 de la reconstruction des anneaux olympiques qui pourraient \u00eatre r\u00e9inaugur\u00e9s \u00e0 l\u2019occasion des Jeux olympiques d\u2019hiver de 2030, nous souhaitons inscrire cette op\u00e9ration dans un plan global de revalorisation de toute la partie sud-ouest du parc Paul-Mistral.\u00a0\u00bb<\/p>\n<p>Il \u00e9voque la r\u00e9novation technique et thermique de la halle Clemenceau, la d\u00e9finition d\u2019un nouveau projet artistique, culturel et social pour l\u2019ancienne Bobine ou encore la r\u00e9novation des tribunes en lien avec les futurs usages du nouvel anneau de vitesse.<\/p>\n<p>Ce contenu est bloqu\u00e9 car vous n&rsquo;avez pas accept\u00e9 les cookies et autres traceurs.<\/p>\n<p>En cliquant sur \u00ab J\u2019accepte \u00bb, les cookies et autres traceurs seront d\u00e9pos\u00e9s et vous pourrez visualiser les contenus  (<a href=\"\" class=\"consentModule_policy\" target=\"_blank\" title=\"Consulter la politique de protection des donn\u00e9es du fournisseur\">plus d&rsquo;informations<\/a>).<\/p>\n<p>En cliquant sur \u00ab J\u2019accepte tous les cookies \u00bb, vous autorisez des d\u00e9p\u00f4ts de cookies et autres traceurs pour le stockage de vos donn\u00e9es sur nos sites et applications \u00e0 des fins de personnalisation et de ciblage publicitaire.<\/p>\n<p class=\"consentModule_secondaryText\">Vous gardez la possibilit\u00e9 de retirer votre consentement \u00e0 tout moment en consultant notre <a href=\"https:\/\/www.ledauphine.com\/protection-des-donnees\" target=\"_blank\" title=\"Consulter notre politique de protection des donn\u00e9es\" rel=\"noopener\">politique de protection des donn\u00e9es<\/a>. <br \/>&#13;<br \/>\n            <a href=\"https:\/\/www.ledauphine.com\/elections\/2026\/01\/12\/javascript:Didomi.notice.show()\" class=\"consentModule_cmp\" target=\"_blank\" rel=\"noopener\">G\u00e9rer mes choix<\/a>&#13;\n        <\/p>\n<p>&#13;<br \/>\n                        J&rsquo;accepte&#13;<br \/>\n            J&rsquo;accepte tous les cookies&#13;\n        <\/p>\n","protected":false},"excerpt":{"rendered":"\u00c0 l\u2019approche des prochaines \u00e9ch\u00e9ances \u00e9lectorales, Pierre Vasarely, pr\u00e9sident de la fondation Vasarely, a \u00e9mis un v\u0153u\u00a0: celui&hellip;\n","protected":false},"author":2,"featured_media":659389,"comment_status":"","ping_status":"","sticky":false,"template":"","format":"standard","meta":{"footnotes":""},"categories":[9566],"tags":[1111,11,2430,112,4188,1777,674,1011,27,2731,2732,12,2661,316,25],"class_list":{"0":"post-659388","1":"post","2":"type-post","3":"status-publish","4":"format-standard","5":"has-post-thumbnail","7":"category-grenoble","8":"tag-actu","9":"tag-actualites","10":"tag-auvergne-rhone-alpes","11":"tag-edition-grenoble-agglomeration","12":"tag-elections-municipales","13":"tag-eu","14":"tag-europe","15":"tag-fr","16":"tag-france","17":"tag-grenoble","18":"tag-grenoble-bassin","19":"tag-news","20":"tag-patrimoine-culturel","21":"tag-politique","22":"tag-republique-francaise"},"share_on_mastodon":{"url":"https:\/\/pubeurope.com\/@fr\/115884648386708927","error":""},"_links":{"self":[{"href":"https:\/\/www.europesays.com\/fr\/wp-json\/wp\/v2\/posts\/659388","targetHints":{"allow":["GET"]}}],"collection":[{"href":"https:\/\/www.europesays.com\/fr\/wp-json\/wp\/v2\/posts"}],"about":[{"href":"https:\/\/www.europesays.com\/fr\/wp-json\/wp\/v2\/types\/post"}],"author":[{"embeddable":true,"href":"https:\/\/www.europesays.com\/fr\/wp-json\/wp\/v2\/users\/2"}],"replies":[{"embeddable":true,"href":"https:\/\/www.europesays.com\/fr\/wp-json\/wp\/v2\/comments?post=659388"}],"version-history":[{"count":0,"href":"https:\/\/www.europesays.com\/fr\/wp-json\/wp\/v2\/posts\/659388\/revisions"}],"wp:featuredmedia":[{"embeddable":true,"href":"https:\/\/www.europesays.com\/fr\/wp-json\/wp\/v2\/media\/659389"}],"wp:attachment":[{"href":"https:\/\/www.europesays.com\/fr\/wp-json\/wp\/v2\/media?parent=659388"}],"wp:term":[{"taxonomy":"category","embeddable":true,"href":"https:\/\/www.europesays.com\/fr\/wp-json\/wp\/v2\/categories?post=659388"},{"taxonomy":"post_tag","embeddable":true,"href":"https:\/\/www.europesays.com\/fr\/wp-json\/wp\/v2\/tags?post=659388"}],"curies":[{"name":"wp","href":"https:\/\/api.w.org\/{rel}","templated":true}]}}