{"id":659390,"date":"2026-01-12T23:09:28","date_gmt":"2026-01-12T23:09:28","guid":{"rendered":"https:\/\/www.europesays.com\/fr\/659390\/"},"modified":"2026-01-12T23:09:28","modified_gmt":"2026-01-12T23:09:28","slug":"video-pres-de-grenoble-une-coiffeuse-collecte-des-cheveux-coupes-pour-les-rescapes-de-lincendie-de-crans-montana","status":"publish","type":"post","link":"https:\/\/www.europesays.com\/fr\/659390\/","title":{"rendered":"VID\u00c9O &#8211; Pr\u00e8s de Grenoble, une coiffeuse collecte des cheveux coup\u00e9s pour les rescap\u00e9s de l&rsquo;incendie de Crans-Montana"},"content":{"rendered":"<p>Deux semaines apr\u00e8s l&rsquo;incendie dans lequel 40 personnes sont mortes \u00e0 Crans-Montana (Suisse), un coiffeuse de Seyssins (Is\u00e8re) a d\u00e9cid\u00e9 de proposer des coupes gratuites \u00e0 ses clientes, \u00e0 condition de donner les cheveux coup\u00e9s aux rescap\u00e9s du drame. Elle a d\u00e9j\u00e0 enregistr\u00e9 une dizaine de r\u00e9servations.<\/p>\n<p>Son initiative est n\u00e9e sur les r\u00e9seaux sociaux. Deux semaines apr\u00e8s\u00a0<a class=\"IciLink ici-link IciArticleLink g-ici-body-regular-1 underline brand svelte-1chfe2s\" href=\"https:\/\/www.francebleu.fr\/infos\/faits-divers-justice\/suisse-une-explosion-fait-au-moins-une-dizaine-de-morts-dans-la-station-de-ski-de-crans-montana-2235779\" target=\"_blank\" rel=\"noopener\">le terrible incendie dans le bar Le Constellation<\/a>\u00a0dans la station de ski suisse de Crans-Montana, un drame qui a fait\u00a0<a class=\"IciLink ici-link IciArticleLink g-ici-body-regular-1 underline brand svelte-1chfe2s\" href=\"https:\/\/www.francebleu.fr\/infos\/faits-divers-justice\/charlotte-cyane-giovanni-mateo-noa-noemie-qui-sont-les-victimes-francaises-de-l-incendie-a-crans-montana-6596650\" target=\"_blank\" rel=\"noopener\">40 morts dont neuf Fran\u00e7ais et 116 bless\u00e9s<\/a>, St\u00e9phanie a d\u00e9cid\u00e9 de soutenir les rescap\u00e9s \u00e0 sa mani\u00e8re. Cette coiffeuse install\u00e9e \u00e0 Seyssins (Is\u00e8re), pr\u00e8s de Grenoble, propose de <strong>coiffer gratuitement ses clientes, \u00e0 condition de faire don des cheveux coup\u00e9s aux survivants<\/strong> de l&rsquo;incendie. En quelque jours, son id\u00e9e a d\u00e9j\u00e0 s\u00e9duit plusieurs Is\u00e9roises, une dizaine ont pris rendez-vous.<\/p>\n<p> Couper 20 centim\u00e8tres minimum<\/p>\n<p>St\u00e9phanie a suivi l&rsquo;affaire dans les m\u00e9dias. Tr\u00e8s touch\u00e9e par la douleur des jeunes victimes, elle a d\u00e9cid\u00e9 de <strong>contribuer \u00e0 sa hauteur \u00e0 leur gu\u00e9rison.<\/strong> \u00ab\u00a0J&rsquo;ai voulu participer \u00e0 ma mani\u00e8re, ce n&rsquo;est pas grand chose, mais je pense que \u00e7a pourra peut \u00eatre les aider dans leur dignit\u00e9.\u00a0\u00bb L&rsquo;id\u00e9e\u00a0: offrir une coupe gratuite aux clients volontaires pour se s\u00e9parer d&rsquo;<strong>au moins 20 centim\u00e8tres<\/strong>\u00a0de leur chevelure. \u00ab\u00a0On leur lave les cheveux, on leur fait une tresse, on coupe 20 centim\u00e8tres minimum pour un cheveu color\u00e9 ou naturel et 30 centim\u00e8tres pour celles qui le veulent sur cheveux naturel. Et apr\u00e8s elles font une petite coupe ou un d\u00e9grad\u00e9, un brushing ou un s\u00e9chage\u00a0\u00bb, d\u00e9taille St\u00e9phanie.\u00a0 Les cheveux coup\u00e9s sont ensuite envoy\u00e9s dans l&rsquo;Ain, dans un centre de formation, puis <strong>exp\u00e9di\u00e9s vers deux salons de coiffure suisse<\/strong>.<\/p>\n<p>\u00ab\u00a0Se retrouver chauves si jeune \u00e7a doit \u00eatre tr\u00e8s compliqu\u00e9\u00a0\u00bb<\/p>\n<p>Et l&rsquo;initiative s\u00e9duit. Apr\u00e8s un rapide post sur les r\u00e9seaux sociaux, St\u00e9phanie a d\u00e9j\u00e0 cal\u00e9 une dizaine de rendez-vous. Certaines clientes se pr\u00e9sentent m\u00eame directement au salon pour une \u00ab\u00a0consultation\u00a0\u00bb afin de savoir si elles peuvent faire un don. Maeva s&rsquo;est pr\u00e9sent\u00e9e d\u00e8s lundi matin 12 janvier. La jeune maman a vu le post de la coiffeuse et apr\u00e8s une dizaine d&rsquo;ann\u00e9es sans couper ses cheveux elle a d\u00e9cid\u00e9 de franchir le pas et d&rsquo;en profiter pour <strong>faire une bonne action<\/strong>.<\/p>\n<p>\u00ab\u00a0Je pense que je vais couper une longueur de 30 centim\u00e8tres. J&rsquo;avais d\u00e9j\u00e0 dans l&rsquo;id\u00e9e de les couper et quand j&rsquo;ai vu le message Facebook, \u00e7a m&rsquo;a d\u00e9cid\u00e9 tout de suite. \u00c7a peut arriver \u00e0 tout le monde d\u00e9j\u00e0 cette trag\u00e9die et je me dis qu&rsquo;il faut bien des gens comme moi qui donnent des cheveux pour les aider. Parce que c&rsquo;est d\u00e9j\u00e0 assez dur, surtout pour les jeunes filles. Se retrouver chauve si jeune \u00e7a doit \u00eatre tr\u00e8s compliqu\u00e9.\u00a0\u00bb\u00a0<a target=\"_blank\" rel=\"nofollow noopener noreferrer\" class=\"IciLink ici-link IciArticleLink g-ici-body-regular-1 underline brand svelte-1chfe2s\" href=\"https:\/\/www.planity.com\/linstant-coiffure-by-stephanie-38180-seyssins\">Vous pouvez prendre rendez-vous en ligne<\/a>\u00a0ou par t\u00e9l\u00e9phone au\u00a0: <strong>06 89 77 92 49<\/strong><\/p>\n<p>\u00c0 lire aussi   <img decoding=\"async\" src=\"https:\/\/www.europesays.com\/fr\/wp-content\/uploads\/2026\/01\/1768259367_894_400x400.jpeg\" alt=\"\" style=\"--_image-preview:url('data:image\/jpeg;base64,\/9j\/2wBDACgcHiMeGSgjISMtKygwPGRBPDc3PHtYXUlkkYCZlo+AjIqgtObDoKrarYqMyP\/L2u71\/\/\/\/m8H\/\/\/\/6\/+b9\/\/j\/2wBDASstLTw1PHZBQXb4pYyl+Pj4+Pj4+Pj4+Pj4+Pj4+Pj4+Pj4+Pj4+Pj4+Pj4+Pj4+Pj4+Pj4+Pj4+Pj4+Pj4+Pj\/wAARCAAXACoDASIAAhEBAxEB\/8QAFwABAQEBAAAAAAAAAAAAAAAAAAECBf\/EABYQAQEBAAAAAAAAAAAAAAAAAAABEf\/EABUBAQEAAAAAAAAAAAAAAAAAAAAB\/8QAFBEBAAAAAAAAAAAAAAAAAAAAAP\/aAAwDAQACEQMRAD8A5eLIRYKKIgVlayC6sBUUBRKyCD\/\/2Q==');\" loading=\"lazy\" fetchpriority=\"low\" aria-hidden=\"true\" class=\"svelte-1cksh76 rounded\" onload=\"this.__e=event\" onerror=\"this.__e=event\"\/>\u00c0 lire aussi   <img decoding=\"async\" src=\"https:\/\/www.europesays.com\/fr\/wp-content\/uploads\/2026\/01\/1768259367_750_400x400.jpeg\" alt=\"\" style=\"--_image-preview:url('data:image\/jpeg;base64,\/9j\/2wBDACgcHiMeGSgjISMtKygwPGRBPDc3PHtYXUlkkYCZlo+AjIqgtObDoKrarYqMyP\/L2u71\/\/\/\/m8H\/\/\/\/6\/+b9\/\/j\/2wBDASstLTw1PHZBQXb4pYyl+Pj4+Pj4+Pj4+Pj4+Pj4+Pj4+Pj4+Pj4+Pj4+Pj4+Pj4+Pj4+Pj4+Pj4+Pj4+Pj4+Pj\/wAARCAAXACoDASIAAhEBAxEB\/8QAGAABAQEBAQAAAAAAAAAAAAAAAAECAwT\/xAAXEAEBAQEAAAAAAAAAAAAAAAAAARES\/8QAFgEBAQEAAAAAAAAAAAAAAAAAAAEC\/8QAFBEBAAAAAAAAAAAAAAAAAAAAAP\/aAAwDAQACEQMRAD8A8UblctXQdei1z6OlRbWdS1nQXU0GWjTQVEtZ0Af\/2Q==');\" loading=\"lazy\" fetchpriority=\"low\" aria-hidden=\"true\" class=\"svelte-1cksh76 rounded\" onload=\"this.__e=event\" onerror=\"this.__e=event\"\/>\u00c0 lire aussi   <img decoding=\"async\" src=\"https:\/\/www.europesays.com\/fr\/wp-content\/uploads\/2026\/01\/1768259368_494_400x400.jpeg\" alt=\"\" style=\"--_image-preview:url('data:image\/jpeg;base64,\/9j\/2wBDACgcHiMeGSgjISMtKygwPGRBPDc3PHtYXUlkkYCZlo+AjIqgtObDoKrarYqMyP\/L2u71\/\/\/\/m8H\/\/\/\/6\/+b9\/\/j\/2wBDASstLTw1PHZBQXb4pYyl+Pj4+Pj4+Pj4+Pj4+Pj4+Pj4+Pj4+Pj4+Pj4+Pj4+Pj4+Pj4+Pj4+Pj4+Pj4+Pj4+Pj\/wAARCAAXACoDASIAAhEBAxEB\/8QAFwABAQEBAAAAAAAAAAAAAAAAAAEDAv\/EABgQAQEBAQEAAAAAAAAAAAAAAAASAREC\/8QAFgEBAQEAAAAAAAAAAAAAAAAAAQIA\/8QAFREBAQAAAAAAAAAAAAAAAAAAAAH\/2gAMAwEAAhEDEQA\/AJuJLSVllMZTfLaU3yCxklrKSUt+HACjjncAsnDgMiv\/2Q==');\" loading=\"lazy\" fetchpriority=\"low\" aria-hidden=\"true\" class=\"svelte-1cksh76 rounded\" onload=\"this.__e=event\" onerror=\"this.__e=event\"\/><\/p>\n","protected":false},"excerpt":{"rendered":"Deux semaines apr\u00e8s l&rsquo;incendie dans lequel 40 personnes sont mortes \u00e0 Crans-Montana (Suisse), un coiffeuse de Seyssins (Is\u00e8re)&hellip;\n","protected":false},"author":2,"featured_media":659391,"comment_status":"","ping_status":"","sticky":false,"template":"","format":"standard","meta":{"footnotes":""},"categories":[9566],"tags":[1111,11,2430,1777,674,1011,27,2731,12,25],"class_list":{"0":"post-659390","1":"post","2":"type-post","3":"status-publish","4":"format-standard","5":"has-post-thumbnail","7":"category-grenoble","8":"tag-actu","9":"tag-actualites","10":"tag-auvergne-rhone-alpes","11":"tag-eu","12":"tag-europe","13":"tag-fr","14":"tag-france","15":"tag-grenoble","16":"tag-news","17":"tag-republique-francaise"},"share_on_mastodon":{"url":"https:\/\/pubeurope.com\/@fr\/115884652319723339","error":""},"_links":{"self":[{"href":"https:\/\/www.europesays.com\/fr\/wp-json\/wp\/v2\/posts\/659390","targetHints":{"allow":["GET"]}}],"collection":[{"href":"https:\/\/www.europesays.com\/fr\/wp-json\/wp\/v2\/posts"}],"about":[{"href":"https:\/\/www.europesays.com\/fr\/wp-json\/wp\/v2\/types\/post"}],"author":[{"embeddable":true,"href":"https:\/\/www.europesays.com\/fr\/wp-json\/wp\/v2\/users\/2"}],"replies":[{"embeddable":true,"href":"https:\/\/www.europesays.com\/fr\/wp-json\/wp\/v2\/comments?post=659390"}],"version-history":[{"count":0,"href":"https:\/\/www.europesays.com\/fr\/wp-json\/wp\/v2\/posts\/659390\/revisions"}],"wp:featuredmedia":[{"embeddable":true,"href":"https:\/\/www.europesays.com\/fr\/wp-json\/wp\/v2\/media\/659391"}],"wp:attachment":[{"href":"https:\/\/www.europesays.com\/fr\/wp-json\/wp\/v2\/media?parent=659390"}],"wp:term":[{"taxonomy":"category","embeddable":true,"href":"https:\/\/www.europesays.com\/fr\/wp-json\/wp\/v2\/categories?post=659390"},{"taxonomy":"post_tag","embeddable":true,"href":"https:\/\/www.europesays.com\/fr\/wp-json\/wp\/v2\/tags?post=659390"}],"curies":[{"name":"wp","href":"https:\/\/api.w.org\/{rel}","templated":true}]}}