{"id":659392,"date":"2026-01-12T23:10:14","date_gmt":"2026-01-12T23:10:14","guid":{"rendered":"https:\/\/www.europesays.com\/fr\/659392\/"},"modified":"2026-01-12T23:10:14","modified_gmt":"2026-01-12T23:10:14","slug":"le-sdis-35-se-lance-dans-laventure-nexsis","status":"publish","type":"post","link":"https:\/\/www.europesays.com\/fr\/659392\/","title":{"rendered":"Le SDIS 35 se lance dans l\u2019aventure NexSIS"},"content":{"rendered":"<p>\t\t\t\t2. Apporter une forte interop\u00e9rabilit\u00e9 des services de s\u00e9curit\u00e9 et de secours<\/p>\n<p style=\"text-align: justify;\">NexSIS 18-112 permettra d\u2019apporter une interop\u00e9rabilit\u00e9 entre les diff\u00e9rents services de secours, en permettant le partage d\u2019informations gr\u00e2ce \u00e0 un syst\u00e8me de gestion des alertes multi-m\u00e9tiers. Le syst\u00e8me vise \u00e9galement \u00e0 faciliter les interconnexions entre services de secours, notamment avec les d\u00e9partements limitrophes, ce qui peut s\u2019av\u00e9rer int\u00e9ressant en cas de flux important d\u2019activit\u00e9s, de perte d\u2019une plateforme de traitement, ou de besoin de renforts<br \/>extra d\u00e9partementaux avec transmission automatique des donn\u00e9es.<\/p>\n<p style=\"text-align: justify;\">La plateforme int\u00e9grera un outil de visualisation et de requ\u00eate cartographique partageable et aliment\u00e9 par des donn\u00e9es g\u00e9ographiques nationales et des donn\u00e9es sp\u00e9cifiques aux services d\u2019incendie et de secours.<\/p>\n<p>3. Projeter l\u2019ensemble des acteurs de la s\u00e9curit\u00e9 civile \u00e0 l\u2019\u00e8re digitale<\/p>\n<p style=\"text-align: justify;\">La plateforme num\u00e9rique NexSIS 18-112 permettra une collaboration et un \u00e9change facilit\u00e9 de donn\u00e9es au profit de toute la cha\u00eene de secours, des partenaires et des autorit\u00e9s : maires, pr\u00e9fets, Centres Op\u00e9rationnels D\u00e9partementaux (COD), Centres Op\u00e9rationnels de Zone (COZ), et Centre Op\u00e9rationnel de Gestion Interminist\u00e9rielle des Crises (COGIC). Cette \u00e9volution vise \u00e0 acc\u00e9l\u00e9rer la<br \/>prise de d\u00e9cision en situation de gestion de crise, en permettant aux divers acteurs de suivre en temps r\u00e9el des op\u00e9rations en cours, et de d\u00e9velopper une vision partag\u00e9e et instantan\u00e9e d\u2019une situation op\u00e9rationnelle.<\/p>\n","protected":false},"excerpt":{"rendered":"2. Apporter une forte interop\u00e9rabilit\u00e9 des services de s\u00e9curit\u00e9 et de secours NexSIS 18-112 permettra d\u2019apporter une interop\u00e9rabilit\u00e9&hellip;\n","protected":false},"author":2,"featured_media":659393,"comment_status":"","ping_status":"","sticky":false,"template":"","format":"standard","meta":{"footnotes":""},"categories":[2821],"tags":[1111,11,829,1777,674,1011,27,12,584,25],"class_list":{"0":"post-659392","1":"post","2":"type-post","3":"status-publish","4":"format-standard","5":"has-post-thumbnail","7":"category-rennes","8":"tag-actu","9":"tag-actualites","10":"tag-bretagne","11":"tag-eu","12":"tag-europe","13":"tag-fr","14":"tag-france","15":"tag-news","16":"tag-rennes","17":"tag-republique-francaise"},"share_on_mastodon":{"url":"https:\/\/pubeurope.com\/@fr\/115884656244903658","error":""},"_links":{"self":[{"href":"https:\/\/www.europesays.com\/fr\/wp-json\/wp\/v2\/posts\/659392","targetHints":{"allow":["GET"]}}],"collection":[{"href":"https:\/\/www.europesays.com\/fr\/wp-json\/wp\/v2\/posts"}],"about":[{"href":"https:\/\/www.europesays.com\/fr\/wp-json\/wp\/v2\/types\/post"}],"author":[{"embeddable":true,"href":"https:\/\/www.europesays.com\/fr\/wp-json\/wp\/v2\/users\/2"}],"replies":[{"embeddable":true,"href":"https:\/\/www.europesays.com\/fr\/wp-json\/wp\/v2\/comments?post=659392"}],"version-history":[{"count":0,"href":"https:\/\/www.europesays.com\/fr\/wp-json\/wp\/v2\/posts\/659392\/revisions"}],"wp:featuredmedia":[{"embeddable":true,"href":"https:\/\/www.europesays.com\/fr\/wp-json\/wp\/v2\/media\/659393"}],"wp:attachment":[{"href":"https:\/\/www.europesays.com\/fr\/wp-json\/wp\/v2\/media?parent=659392"}],"wp:term":[{"taxonomy":"category","embeddable":true,"href":"https:\/\/www.europesays.com\/fr\/wp-json\/wp\/v2\/categories?post=659392"},{"taxonomy":"post_tag","embeddable":true,"href":"https:\/\/www.europesays.com\/fr\/wp-json\/wp\/v2\/tags?post=659392"}],"curies":[{"name":"wp","href":"https:\/\/api.w.org\/{rel}","templated":true}]}}