{"id":659402,"date":"2026-01-12T23:15:16","date_gmt":"2026-01-12T23:15:16","guid":{"rendered":"https:\/\/www.europesays.com\/fr\/659402\/"},"modified":"2026-01-12T23:15:16","modified_gmt":"2026-01-12T23:15:16","slug":"moffi-et-boga-veulent-resilier-leurs-contrats-apres-les-incidents-avec-les-supporters","status":"publish","type":"post","link":"https:\/\/www.europesays.com\/fr\/659402\/","title":{"rendered":"Moffi et Boga veulent r\u00e9silier leurs contrats apr\u00e8s les incidents avec les supporters"},"content":{"rendered":"<p>\n    Les deux joueurs, toujours en arr\u00eat maladie, ont saisi la commission juridique de la Ligue de football professionnel.<\/p>\n<p class=\"fig-paragraph\">Les deux joueurs ni\u00e7ois Terem Moffi et J\u00e9r\u00e9mie Boga,\u00a0<a href=\"http:\/\/www.lefigaro.fr\/sports\/football\/ligue-1\/apres-les-incidents-avec-les-supporters-les-arrets-de-travail-des-nicois-moffi-et-boga-prolonges-20251208\" data-fig-type=\"NewsFlash\" data-gtm-custom-categorie=\"navigation\" data-gtm-custom-action=\"crossclick\" data-gtm-custom-label=\"Contextuel\" data-gtm-event=\"customEventSPE\" data-fig-domain=\"LEFIGARO\" target=\"_blank\" rel=\"noopener\">en arr\u00eat maladie apr\u00e8s avoir subi des violences de la part de leurs supporteurs<\/a>, ont saisi la commission juridique de la Ligue de football professionnel pour r\u00e9silier leurs contrats, a-t-on appris lundi aupr\u00e8s de la LFP et de sources proches du dossier.<\/p>\n<p class=\"fig-paragraph\">\u00abLe dossier est \u00e0 l&rsquo;ordre du jour de la prochaine r\u00e9union de la commission juridique jeudi\u00bb, a indiqu\u00e9 la Ligue, confirmant une information de L&rsquo;\u00c9quipe. Selon une source proche du dossier, aucune d\u00e9cision n&rsquo;est attendue ce jour-l\u00e0 et il s&rsquo;agira d&rsquo;une premi\u00e8re proc\u00e9dure obligatoire avant une proposition de conciliation aux deux joueurs et au club.<\/p>\n<p>                                            <a class=\"fig-a11y-skip\" href=\"#fig-a11y-skip-main-inarticle\" data-module=\"a11y-skip\" data-context=\"was @visible\"><br \/>\n    Passer la publicit\u00e9<br \/>\n<\/a>            <\/p>\n<p>                                            Cibles des supporters ni\u00e7ois<\/p>\n<p class=\"fig-paragraph\">Dans la nuit du 30 novembre au 1er d\u00e9cembre, pr\u00e8s de 200 supporters ultras de l&rsquo;OGC Nice \u00e9taient venus devant le centre d&rsquo;entra\u00eenement exprimer leur col\u00e8re face aux joueurs et dirigeants, de retour de Lorient apr\u00e8s avoir perdu en Ligue 1 (3-1).<\/p>\n<p class=\"fig-paragraph\">D&rsquo;apr\u00e8s plusieurs t\u00e9moins de ces incidents, les attaquants Terem Moffi et J\u00e9r\u00e9mie Boga, ainsi que le directeur sportif Florian Maurice,<a href=\"http:\/\/www.lefigaro.fr\/sports\/football\/ligue-1\/ligue-1-le-chaos-regne-a-nice-ou-des-joueurs-auraient-ete-agresses-apres-la-nouvelle-deroute-contre-lorient-20251201\" data-fig-type=\"NewsFlash\" data-gtm-custom-categorie=\"navigation\" data-gtm-custom-action=\"crossclick\" data-gtm-custom-label=\"Contextuel\" data-gtm-event=\"customEventSPE\" data-fig-domain=\"LEFIGARO\" target=\"_blank\" rel=\"noopener\">\u00a0avaient notamment \u00e9t\u00e9 pris pour cible.<\/a>\u00a0Moffi et Boga, en arr\u00eat maladie depuis ces \u00e9v\u00e9nements, ont port\u00e9 plainte contre X. Contact\u00e9 par l&rsquo;AFP, le club assure de son c\u00f4t\u00e9 \u00eatre victime et non responsable et a aussi port\u00e9 plainte dans ce dossier.<\/p>\n<p class=\"fig-paragraph\">Ces incidents ont provoqu\u00e9 le d\u00e9part du PDG du club Fabrice Bocquet, remplac\u00e9 par Jean-Pierre Riv\u00e8re. Confront\u00e9 \u00e0 des r\u00e9sultats sportifs catastrophiques (14e de L1, \u00e9limination en Ligue Europa), l&rsquo;entra\u00eeneur Franck Haise a lui \u00e9t\u00e9 d\u00e9mis de ses fonctions, Nice ayant rappel\u00e9 Claude Puel pour occuper le poste.<\/p>\n","protected":false},"excerpt":{"rendered":"Les deux joueurs, toujours en arr\u00eat maladie, ont saisi la commission juridique de la Ligue de football professionnel.&hellip;\n","protected":false},"author":2,"featured_media":659403,"comment_status":"","ping_status":"","sticky":false,"template":"","format":"standard","meta":{"footnotes":""},"categories":[2819],"tags":[1111,11,1777,674,1011,27,12,2401,2268,882,25],"class_list":{"0":"post-659402","1":"post","2":"type-post","3":"status-publish","4":"format-standard","5":"has-post-thumbnail","7":"category-nice","8":"tag-actu","9":"tag-actualites","10":"tag-eu","11":"tag-europe","12":"tag-fr","13":"tag-france","14":"tag-news","15":"tag-nice","16":"tag-ogc-nice","17":"tag-provence-alpes-cote-dazur","18":"tag-republique-francaise"},"share_on_mastodon":{"url":"https:\/\/pubeurope.com\/@fr\/115884675757624393","error":""},"_links":{"self":[{"href":"https:\/\/www.europesays.com\/fr\/wp-json\/wp\/v2\/posts\/659402","targetHints":{"allow":["GET"]}}],"collection":[{"href":"https:\/\/www.europesays.com\/fr\/wp-json\/wp\/v2\/posts"}],"about":[{"href":"https:\/\/www.europesays.com\/fr\/wp-json\/wp\/v2\/types\/post"}],"author":[{"embeddable":true,"href":"https:\/\/www.europesays.com\/fr\/wp-json\/wp\/v2\/users\/2"}],"replies":[{"embeddable":true,"href":"https:\/\/www.europesays.com\/fr\/wp-json\/wp\/v2\/comments?post=659402"}],"version-history":[{"count":0,"href":"https:\/\/www.europesays.com\/fr\/wp-json\/wp\/v2\/posts\/659402\/revisions"}],"wp:featuredmedia":[{"embeddable":true,"href":"https:\/\/www.europesays.com\/fr\/wp-json\/wp\/v2\/media\/659403"}],"wp:attachment":[{"href":"https:\/\/www.europesays.com\/fr\/wp-json\/wp\/v2\/media?parent=659402"}],"wp:term":[{"taxonomy":"category","embeddable":true,"href":"https:\/\/www.europesays.com\/fr\/wp-json\/wp\/v2\/categories?post=659402"},{"taxonomy":"post_tag","embeddable":true,"href":"https:\/\/www.europesays.com\/fr\/wp-json\/wp\/v2\/tags?post=659402"}],"curies":[{"name":"wp","href":"https:\/\/api.w.org\/{rel}","templated":true}]}}