{"id":659412,"date":"2026-01-12T23:22:10","date_gmt":"2026-01-12T23:22:10","guid":{"rendered":"https:\/\/www.europesays.com\/fr\/659412\/"},"modified":"2026-01-12T23:22:10","modified_gmt":"2026-01-12T23:22:10","slug":"dans-le-metro-un-arracheur-de-sac-se-dechaine-contre-un-temoin-courageux","status":"publish","type":"post","link":"https:\/\/www.europesays.com\/fr\/659412\/","title":{"rendered":"Dans le m\u00e9tro, un arracheur de sac se d\u00e9cha\u00eene contre un t\u00e9moin courageux"},"content":{"rendered":"<p>\n                                                                    l&rsquo;essentiel<br \/>\n                                                                Un vol a \u00e9t\u00e9 d\u00e9jou\u00e9 dans le m\u00e9tro de Toulouse. Un jeune homme de 19 ans a \u00e9t\u00e9 arr\u00eat\u00e9 apr\u00e8s avoir agress\u00e9 un t\u00e9moin. Les agents de Tiss\u00e9o sont intervenus. L\u2019enqu\u00eate continue.\n                            <\/p>\n<p>Un gar\u00e7on \u00e2g\u00e9 de 19 ans a \u00e9t\u00e9 arr\u00eat\u00e9, gr\u00e2ce \u00e0 l\u2019intervention des \u00e9quipes de s\u00e9curit\u00e9 de Tiss\u00e9o et confi\u00e9 aux policiers, dans la nuit de samedi \u00e0 dimanche \u00e0 Toulouse. Ce jeune gar\u00e7on, dont le pass\u00e9 est d\u00e9j\u00e0 marqu\u00e9 par quelques mauvais coups, a \u00e9t\u00e9 interpell\u00e9 apr\u00e8s avoir d\u00e9rob\u00e9 un sac \u00e0 main, dans le m\u00e9tro.<\/p>\n<p>\u00c0 la station des Ar\u00e8nes, vers minuit dans la nuit de samedi \u00e0 dimanche, il est parti en courant, son butin \u00e0 la main. Un t\u00e9moin, courageux, s\u2019est lanc\u00e9 \u00e0 sa poursuite. Il l\u2019a m\u00eame rattrap\u00e9 mais le fuyard s\u2019est vite rebell\u00e9. Il a port\u00e9 deux violents coups de poing au visage du t\u00e9moin. R\u00e9sultat\u00a0: ce dernier a chut\u00e9 au sol, sonn\u00e9.<\/p>\n<p>Un malaise dont le voleur a voulu profiter\u00a0: il a essay\u00e9 de lui d\u00e9rober la veste\u00a0! Une op\u00e9ration qu\u2019il n\u2019a pas pu mener \u00e0 terme, stopp\u00e9 par les agents de Tiss\u00e9o, copieusement insult\u00e9s pour l\u2019occasion.<\/p>\n<p>Le suspect a \u00e9t\u00e9 plac\u00e9 en garde \u00e0 vue. Les deux victimes ont d\u00e9pos\u00e9 plainte. L\u2019enqu\u00eate se poursuit.<\/p>\n","protected":false},"excerpt":{"rendered":"l&rsquo;essentiel Un vol a \u00e9t\u00e9 d\u00e9jou\u00e9 dans le m\u00e9tro de Toulouse. Un jeune homme de 19 ans a&hellip;\n","protected":false},"author":2,"featured_media":659413,"comment_status":"","ping_status":"","sticky":false,"template":"","format":"standard","meta":{"footnotes":""},"categories":[2816],"tags":[1111,11,1777,674,118,1011,27,2722,12,2680,25,2312],"class_list":{"0":"post-659412","1":"post","2":"type-post","3":"status-publish","4":"format-standard","5":"has-post-thumbnail","7":"category-toulouse","8":"tag-actu","9":"tag-actualites","10":"tag-eu","11":"tag-europe","12":"tag-faits-divers","13":"tag-fr","14":"tag-france","15":"tag-haute-garonne","16":"tag-news","17":"tag-occitanie","18":"tag-republique-francaise","19":"tag-toulouse"},"share_on_mastodon":{"url":"https:\/\/pubeurope.com\/@fr\/115884703321172401","error":""},"_links":{"self":[{"href":"https:\/\/www.europesays.com\/fr\/wp-json\/wp\/v2\/posts\/659412","targetHints":{"allow":["GET"]}}],"collection":[{"href":"https:\/\/www.europesays.com\/fr\/wp-json\/wp\/v2\/posts"}],"about":[{"href":"https:\/\/www.europesays.com\/fr\/wp-json\/wp\/v2\/types\/post"}],"author":[{"embeddable":true,"href":"https:\/\/www.europesays.com\/fr\/wp-json\/wp\/v2\/users\/2"}],"replies":[{"embeddable":true,"href":"https:\/\/www.europesays.com\/fr\/wp-json\/wp\/v2\/comments?post=659412"}],"version-history":[{"count":0,"href":"https:\/\/www.europesays.com\/fr\/wp-json\/wp\/v2\/posts\/659412\/revisions"}],"wp:featuredmedia":[{"embeddable":true,"href":"https:\/\/www.europesays.com\/fr\/wp-json\/wp\/v2\/media\/659413"}],"wp:attachment":[{"href":"https:\/\/www.europesays.com\/fr\/wp-json\/wp\/v2\/media?parent=659412"}],"wp:term":[{"taxonomy":"category","embeddable":true,"href":"https:\/\/www.europesays.com\/fr\/wp-json\/wp\/v2\/categories?post=659412"},{"taxonomy":"post_tag","embeddable":true,"href":"https:\/\/www.europesays.com\/fr\/wp-json\/wp\/v2\/tags?post=659412"}],"curies":[{"name":"wp","href":"https:\/\/api.w.org\/{rel}","templated":true}]}}