{"id":659416,"date":"2026-01-12T23:24:16","date_gmt":"2026-01-12T23:24:16","guid":{"rendered":"https:\/\/www.europesays.com\/fr\/659416\/"},"modified":"2026-01-12T23:24:16","modified_gmt":"2026-01-12T23:24:16","slug":"interruptions-sur-la-ligne-1-du-metro-les-17-18-janvier-2026-et-branche-roubaix-du-tramway-du-19-au-22-janvier-du-26-au-29-janvier-2026","status":"publish","type":"post","link":"https:\/\/www.europesays.com\/fr\/659416\/","title":{"rendered":"Interruptions sur la ligne 1 du m\u00e9tro les 17 &#038; 18 janvier 2026 et branche Roubaix du tramway du 19 au 22 janvier &#038; du 26 au 29 janvier 2026"},"content":{"rendered":"<p style=\"text-align: justify;\">Dans le <strong>cadre des op\u00e9rations li\u00e9es au doublement des rames de m\u00e9tro, <\/strong>des <strong>interruptions auront lieu sur la ligne 1, <\/strong>le <strong>samedi 17<\/strong> et le <strong>dimanche 18 janvier 2026, toute la journ\u00e9e.<\/strong><\/p>\n<p style=\"text-align: justify;\">Des <strong>travaux<\/strong> situ\u00e9s<strong> au niveau du Pont de Wasquehal<\/strong> n\u00e9cessitent \u00e9galement <strong>un arr\u00eat de <\/strong><strong>l\u2019exploitation<\/strong> <strong>en soir\u00e9e<\/strong> de la <strong>Branche Roubaix du tramway,<\/strong> du <strong>19 au 22 janvier 2026 inclus<\/strong> et du <strong>lundi <\/strong><strong>26 au jeudi 29 janvier 2026 inclus, de 22h jusqu\u2019\u00e0 la fin de service.<\/strong><\/p>\n<p><strong>Des interruptions sur la ligne 1 le 17 et 18 janvier 2026<\/strong><\/p>\n<p><img loading=\"lazy\" decoding=\"async\" width=\"672\" height=\"504\" src=\"https:\/\/www.europesays.com\/fr\/wp-content\/uploads\/2025\/04\/metro_rames.jpg\" alt=\"\" class=\"wp-image-574\" style=\"aspect-ratio:1.3333333333333333;width:500px\"  \/><\/p>\n<p style=\"text-align: justify;\">Dans le <strong>cadre de marches \u00e0 blanc,<\/strong> soit <strong>d\u2019essais en conditions r\u00e9elles des nouvelles rames de 52 m\u00e8tres en vue de leur mise en service,<\/strong> le <strong>trafic sur la ligne 1 du m\u00e9tro<\/strong> sera<strong> interrompu le samedi 17 et le dimanche 18 janvier 2026<\/strong>(toute la journ\u00e9e).<\/p>\n<p style=\"text-align: justify;\"><strong>Afin de permettre aux voyageurs de r\u00e9aliser leurs trajets<\/strong> lors de ces<strong> interruptions de trafic,<\/strong> des<strong> bus <\/strong><strong>relais<\/strong> seront mis en place sur les<strong> m\u00eames amplitudes horaires que le m\u00e9tro.<\/strong> La <strong>fr\u00e9quence<\/strong> sera <strong>d\u2019un bus <\/strong><strong>toutes les 6 \u00e0 10 minutes en journ\u00e9e<\/strong> et<strong> toutes les 15 minutes en soir\u00e9e.<\/strong><\/p>\n<p style=\"text-align: justify;\">Pour <strong>accompagner<\/strong> et <strong>guider les voyageurs,<\/strong> <strong>un dispositif d\u2019information<\/strong> sera <strong>d\u00e9ploy\u00e9 sur le r\u00e9seau il\u00e9via,<\/strong> <strong>via l\u2019affichage<\/strong> et les <strong>annonces sonores en station.<\/strong> La <strong>reprise du service sur la ligne 1<\/strong> sera <strong>effective d\u00e8s le lundi 19 janvier 2026, \u00e0 la reprise du service.<\/strong><\/p>\n<p><strong>Des travaux en soir\u00e9e sur la branche Roubaix du tramway, du 19 au 22 janvier 2026 &amp; du 26 au 29 janvier 2026<\/strong><\/p>\n<p><img loading=\"lazy\" decoding=\"async\" width=\"1024\" height=\"683\" src=\"https:\/\/www.europesays.com\/fr\/wp-content\/uploads\/2025\/05\/tramway_ilevia_2019-1024x683.jpg\" alt=\"\" class=\"wp-image-35417\" style=\"aspect-ratio:1.499267935578331;width:500px\"  \/><\/p>\n<p style=\"text-align: justify;\">Des<strong> travaux en soir\u00e9e<\/strong> sur la <strong>branche Roubaix du tramway,<\/strong> du <strong>19 au 22 janvier 2026<\/strong> <strong>inclus<\/strong> et du <strong>26 au 29 janvier 2026 inclus.<\/strong><\/p>\n<p style=\"text-align: justify;\">Dans le <strong>cadre de travaux de SNCF R\u00e9seaux<\/strong> <strong>au niveau du Pont de Wasquehal,<\/strong> le<strong> trafic sera interrompu <\/strong><strong>en soir\u00e9e,<\/strong> sur la <strong>branche Roubaix du tramway,<\/strong> <strong>entre les stations Crois\u00e9 Laroche et Roubaix <\/strong><strong>Eurot\u00e9l\u00e9port.<\/strong><\/p>\n<p><strong>Le tramway circulera normalement les vendredis, samedis et dimanches.<\/strong><\/p>\n<p style=\"text-align: justify;\"><strong>Pendant les p\u00e9riodes d\u2019interruption,<\/strong> <strong>un service de bus relais<\/strong> sera <strong>mis en place en soir\u00e9e<\/strong> afin de <strong>remplacer le tramway<\/strong> entre <strong>Crois\u00e9 Laroche et Roubaix Eurot\u00e9l\u00e9port,<\/strong> avec <strong>une fr\u00e9quence de 30 minutes, <\/strong><strong>identique \u00e0 l\u2019offre nominale du tramway \u00e0 ces horaires.<\/strong><\/p>\n<p>L<strong>e tronc commun<\/strong> et la <strong>branche Tourcoing du Tramway circuleront normalement.<\/strong><\/p>\n<p style=\"text-align: justify;\"><strong>Les alternatives de d\u00e9placement durant la p\u00e9riode des essais et des travaux :<\/strong><br \/>Le<strong>r\u00e9seau bus<\/strong> et la <strong>ligne 2 du m\u00e9tro circuleront selon les horaires habituels.<\/strong><\/p>\n<p style=\"text-align: justify;\">Durant cette p\u00e9riode, <strong>il\u00e9via <\/strong>invite les <strong>voyageurs \u00e0 consulter l\u2019info trafic en temps r\u00e9el,<\/strong> sur <strong>l\u2019application \u00ab il\u00e9via \u00bb<\/strong> ou sur le <strong>site <a href=\"https:\/\/www.ilevia.fr\/\" target=\"_blank\" rel=\"noreferrer noopener\">ilevia.fr.<\/a><\/strong><\/p>\n<p class=\"has-text-align-right\">\u00a0Source : il\u00e9via \u2013 Photos : \u00a9 Zoom Sur Lille<\/p>\n","protected":false},"excerpt":{"rendered":"Dans le cadre des op\u00e9rations li\u00e9es au doublement des rames de m\u00e9tro, des interruptions auront lieu sur la&hellip;\n","protected":false},"author":2,"featured_media":72316,"comment_status":"","ping_status":"","sticky":false,"template":"","format":"standard","meta":{"footnotes":""},"categories":[2815],"tags":[1111,11,1777,674,1011,27,811,33953,22221,1307,4047,12,25,7940,4109],"class_list":{"0":"post-659416","1":"post","2":"type-post","3":"status-publish","4":"format-standard","5":"has-post-thumbnail","7":"category-lille","8":"tag-actu","9":"tag-actualites","10":"tag-eu","11":"tag-europe","12":"tag-fr","13":"tag-france","14":"tag-hauts-de-france","15":"tag-interruption","16":"tag-ligne-1","17":"tag-lille","18":"tag-metro","19":"tag-news","20":"tag-republique-francaise","21":"tag-roubaix","22":"tag-tramway"},"share_on_mastodon":{"url":"https:\/\/pubeurope.com\/@fr\/115884711373390319","error":""},"_links":{"self":[{"href":"https:\/\/www.europesays.com\/fr\/wp-json\/wp\/v2\/posts\/659416","targetHints":{"allow":["GET"]}}],"collection":[{"href":"https:\/\/www.europesays.com\/fr\/wp-json\/wp\/v2\/posts"}],"about":[{"href":"https:\/\/www.europesays.com\/fr\/wp-json\/wp\/v2\/types\/post"}],"author":[{"embeddable":true,"href":"https:\/\/www.europesays.com\/fr\/wp-json\/wp\/v2\/users\/2"}],"replies":[{"embeddable":true,"href":"https:\/\/www.europesays.com\/fr\/wp-json\/wp\/v2\/comments?post=659416"}],"version-history":[{"count":0,"href":"https:\/\/www.europesays.com\/fr\/wp-json\/wp\/v2\/posts\/659416\/revisions"}],"wp:featuredmedia":[{"embeddable":true,"href":"https:\/\/www.europesays.com\/fr\/wp-json\/wp\/v2\/media\/72316"}],"wp:attachment":[{"href":"https:\/\/www.europesays.com\/fr\/wp-json\/wp\/v2\/media?parent=659416"}],"wp:term":[{"taxonomy":"category","embeddable":true,"href":"https:\/\/www.europesays.com\/fr\/wp-json\/wp\/v2\/categories?post=659416"},{"taxonomy":"post_tag","embeddable":true,"href":"https:\/\/www.europesays.com\/fr\/wp-json\/wp\/v2\/tags?post=659416"}],"curies":[{"name":"wp","href":"https:\/\/api.w.org\/{rel}","templated":true}]}}