{"id":659419,"date":"2026-01-12T23:26:13","date_gmt":"2026-01-12T23:26:13","guid":{"rendered":"https:\/\/www.europesays.com\/fr\/659419\/"},"modified":"2026-01-12T23:26:13","modified_gmt":"2026-01-12T23:26:13","slug":"arrete-alcoolise-au-volant-a-marseille-il-echappe-de-peu","status":"publish","type":"post","link":"https:\/\/www.europesays.com\/fr\/659419\/","title":{"rendered":"Arr\u00eat\u00e9 alcoolis\u00e9 au volant \u00e0 Marseille, il \u00e9chappe de peu"},"content":{"rendered":"<p>Une <a href=\"https:\/\/www.laprovence.com\/article\/culture-loisirs\/775570645258214\/25-voitures-de-collection-exposees-les-60-ans-de-la-porsche-912-celebres-en-provence\" target=\"_blank\" rel=\"noopener\">Porsche de collection<\/a> rue de Lyon (15e), au milieu de la nuit, c\u2019\u00e9tait d\u00e9j\u00e0 inhabituel. Mais sa trajectoire zigzagante a encore accru la curiosit\u00e9 des forces de l\u2019ordre. Dans la nuit du 7 au 8\u00a0janvier dernier, Ridha B. a \u00e9t\u00e9 contr\u00f4l\u00e9 puis interpell\u00e9 par la police municipale \u00e0 <a href=\"https:\/\/www.laprovence.com\/bouches-du-rhone\/marseille-13055\" target=\"_blank\" rel=\"noopener\">Marseille<\/a>, au volant de sa voiture de sport, alcoolis\u00e9 \u00e0 1,21mg\/l d\u2019air expir\u00e9, soit quasiment cinq fois le taux limite l\u00e9gal\u00a0! Le p\u00e8re de famille de 54\u00a0ans \u00e9tait par ailleurs en possession d\u2019un permis qui n\u2019\u00e9tait plus valide faute de points, et qu\u2019on lui avait demand\u00e9 de restituer.<\/p>\n<p>Un \u00e9pisode qui lui a valu ce vendredi 9\u00a0janvier de compara\u00eetre devant la justice\u2026 pour une \u00e9ni\u00e8me fois. En t\u00e9moignait le casier judiciaire fleuri de nombreuses condamnations de cet agent technique &#8211; dont <a href=\"https:\/\/www.laprovence.com\/article\/societe\/96172622722951\/ici-tout-le-monde-roule-bourre-la-conduite-en-etat-divresse-banalisee-par-les-marseillais\" target=\"_blank\" rel=\"noopener\">plusieurs pour conduite alcoolis\u00e9e<\/a> &#8211; depuis\u00a01999.<\/p>\n<p>Penaud, le pr\u00e9venu a reconnu devant les juges une addiction \u00e0 l\u2019alcool, hors de contr\u00f4le depuis une s\u00e9paration avec son \u00e9pouse apr\u00e8s 37\u00a0ans de vie commune et des enfants en commun. \u00ab\u00a0Je regrette \u00e9norm\u00e9ment, je vais essayer de me faire suivre par des gens qualifi\u00e9s\u00a0\u00bb, a-t-il affirm\u00e9.<\/p>\n<p>\u00ab\u00a0La prochaine fois, on prend la libert\u00e9 et la voiture\u00a0\u00bb<\/p>\n<p>Lorsque le procureur Pierre-Yves Pezzino a pris ses r\u00e9quisitions, ce n\u2019est pas la peine de 18 \u00e0 24 mois de prison avec sursis probatoire qu\u2019il a demand\u00e9e, ni celle d\u2019annulation de son permis de conduire qui ont fait bl\u00eamir Ridha B., mais la requ\u00eate <a href=\"https:\/\/www.laprovence.com\/article\/edition-vaucluse\/5802819\/le-cannabiculteur-voit-sa-porsche-confisquee.html\" target=\"_blank\" rel=\"noopener\">de confiscation de la Porsche<\/a>, un mod\u00e8le rare achet\u00e9 49\u00a0000\u00a0euros en\u00a02018, l\u2019une des deux voitures de luxe, fruit de ses \u00e9conomies de toute une vie.<\/p>\n<p>Heureusement pour Ridha B., les juges n\u2019ont pas suivi\u00a0: s\u2019ils lui ont inflig\u00e9 15 mois de prison avec sursis probatoire, une annulation du permis et l\u2019obligation d\u2019installer \u00e0 ses frais un co\u00fbteux dispositif anti-alcool sur ses v\u00e9hicules (qui contraint \u00e0 souffler pour d\u00e9marrer), ils ont \u00e9cart\u00e9 la confiscation de <a href=\"https:\/\/www.laprovence.com\/article\/faits-divers-justice\/6886611219702614\/controle-a-186-km-h-au-lieu-de-80-au-volant-dune-porsche-volee-au-nord-de-grasse\" target=\"_blank\" rel=\"noopener\">la pr\u00e9cieuse Porsche<\/a>. \u00ab\u00a0La prochaine fois, on prend la libert\u00e9 et la voiture\u00a0\u00bb, lui a lanc\u00e9 le pr\u00e9sident Thierry Bonifay avant de le cong\u00e9dier.<\/p>\n","protected":false},"excerpt":{"rendered":"Une Porsche de collection rue de Lyon (15e), au milieu de la nuit, c\u2019\u00e9tait d\u00e9j\u00e0 inhabituel. Mais sa&hellip;\n","protected":false},"author":2,"featured_media":659420,"comment_status":"","ping_status":"","sticky":false,"template":"","format":"standard","meta":{"footnotes":""},"categories":[2814],"tags":[5734,1111,11,17036,11354,76133,59161,1777,674,274,1011,27,884,12,27233,882,25,9818],"class_list":{"0":"post-659419","1":"post","2":"type-post","3":"status-publish","4":"format-standard","5":"has-post-thumbnail","7":"category-marseille","8":"tag-5734","9":"tag-actu","10":"tag-actualites","11":"tag-alcoolise","12":"tag-arrete","13":"tag-confiscation","14":"tag-echappe","15":"tag-eu","16":"tag-europe","17":"tag-faits-divers-justice","18":"tag-fr","19":"tag-france","20":"tag-marseille","21":"tag-news","22":"tag-peu","23":"tag-provence-alpes-cote-dazur","24":"tag-republique-francaise","25":"tag-volant"},"share_on_mastodon":{"url":"https:\/\/pubeurope.com\/@fr\/115884719033366034","error":""},"_links":{"self":[{"href":"https:\/\/www.europesays.com\/fr\/wp-json\/wp\/v2\/posts\/659419","targetHints":{"allow":["GET"]}}],"collection":[{"href":"https:\/\/www.europesays.com\/fr\/wp-json\/wp\/v2\/posts"}],"about":[{"href":"https:\/\/www.europesays.com\/fr\/wp-json\/wp\/v2\/types\/post"}],"author":[{"embeddable":true,"href":"https:\/\/www.europesays.com\/fr\/wp-json\/wp\/v2\/users\/2"}],"replies":[{"embeddable":true,"href":"https:\/\/www.europesays.com\/fr\/wp-json\/wp\/v2\/comments?post=659419"}],"version-history":[{"count":0,"href":"https:\/\/www.europesays.com\/fr\/wp-json\/wp\/v2\/posts\/659419\/revisions"}],"wp:featuredmedia":[{"embeddable":true,"href":"https:\/\/www.europesays.com\/fr\/wp-json\/wp\/v2\/media\/659420"}],"wp:attachment":[{"href":"https:\/\/www.europesays.com\/fr\/wp-json\/wp\/v2\/media?parent=659419"}],"wp:term":[{"taxonomy":"category","embeddable":true,"href":"https:\/\/www.europesays.com\/fr\/wp-json\/wp\/v2\/categories?post=659419"},{"taxonomy":"post_tag","embeddable":true,"href":"https:\/\/www.europesays.com\/fr\/wp-json\/wp\/v2\/tags?post=659419"}],"curies":[{"name":"wp","href":"https:\/\/api.w.org\/{rel}","templated":true}]}}